{"id":981,"date":"2020-07-31T15:30:16","date_gmt":"2020-07-31T13:30:16","guid":{"rendered":"http:\/\/vinceneux.fr\/Photoblog\/?p=981"},"modified":"2020-07-31T15:37:40","modified_gmt":"2020-07-31T13:37:40","slug":"j13-conques-noailhac","status":"publish","type":"post","link":"http:\/\/www.vinceneux.fr\/Photoblog\/?p=981","title":{"rendered":"J13 : Conques &#8211; Noailhac"},"content":{"rendered":"\n<p>Conques : 2\u00e8me coup de c\u0153ur, avec l\u2019Aubrac, de ce p\u00e9riple. Journ\u00e9e consacr\u00e9e \u00e0 ce lieu, malgr\u00e9 une petite pluie le matin, et ensuite petite \u00e9tape, juste pour remonter sur le plateau, et avoir la derni\u00e8re vue du village, depuis la petite chapelle de Ste-Foy. <\/p>\n\n\n\n<p>Soir\u00e9e \u00e0 Conques organis\u00e9e par les moines : visite de la tribune de l&rsquo;orgue et des galeries sup\u00e9rieures, dans une abbaye toute \u00e9clair\u00e9e de l&rsquo;int\u00e9rieur, puis concert d&rsquo;orgue, explication de la <em>\u00ab\u00a0bande dessin\u00e9e\u00a0\u00bb<\/em> du tympan et enfin, spectacle lumineux de nuit, permettant de retrouver ce que devait \u00eatre les couleurs du tympan \u00e0 l&rsquo;origine.<\/p>\n\n\n\n<figure class=\"wp-block-image size-large\"><a href=\"http:\/\/vinceneux.fr\/Photoblog\/wp-content\/uploads\/2020\/07\/w_20200628_154618.jpg\" target=\"_blank\" rel=\"noopener noreferrer\"><img loading=\"lazy\" decoding=\"async\" width=\"618\" height=\"1024\" src=\"http:\/\/vinceneux.fr\/Photoblog\/wp-content\/uploads\/2020\/07\/w_20200628_154618-618x1024.jpg\" alt=\"\" class=\"wp-image-982\" srcset=\"http:\/\/www.vinceneux.fr\/Photoblog\/wp-content\/uploads\/2020\/07\/w_20200628_154618-618x1024.jpg 618w, http:\/\/www.vinceneux.fr\/Photoblog\/wp-content\/uploads\/2020\/07\/w_20200628_154618-362x600.jpg 362w, http:\/\/www.vinceneux.fr\/Photoblog\/wp-content\/uploads\/2020\/07\/w_20200628_154618-121x200.jpg 121w, http:\/\/www.vinceneux.fr\/Photoblog\/wp-content\/uploads\/2020\/07\/w_20200628_154618.jpg 773w\" sizes=\"auto, (max-width: 618px) 100vw, 618px\" \/><\/a><figcaption>St Jacques pendant le Covid &#8230;<br><\/figcaption><\/figure>\n\n\n\n<figure class=\"wp-block-image size-large\"><a href=\"http:\/\/vinceneux.fr\/Photoblog\/wp-content\/uploads\/2020\/07\/w_2020_Compostelle__6293710.jpg\" target=\"_blank\" rel=\"noopener noreferrer\"><img loading=\"lazy\" decoding=\"async\" width=\"1024\" height=\"1024\" src=\"http:\/\/vinceneux.fr\/Photoblog\/wp-content\/uploads\/2020\/07\/w_2020_Compostelle__6293710-1024x1024.jpg\" alt=\"\" class=\"wp-image-983\" srcset=\"http:\/\/www.vinceneux.fr\/Photoblog\/wp-content\/uploads\/2020\/07\/w_2020_Compostelle__6293710-1024x1024.jpg 1024w, http:\/\/www.vinceneux.fr\/Photoblog\/wp-content\/uploads\/2020\/07\/w_2020_Compostelle__6293710-600x600.jpg 600w, http:\/\/www.vinceneux.fr\/Photoblog\/wp-content\/uploads\/2020\/07\/w_2020_Compostelle__6293710-200x200.jpg 200w, http:\/\/www.vinceneux.fr\/Photoblog\/wp-content\/uploads\/2020\/07\/w_2020_Compostelle__6293710-1536x1536.jpg 1536w, http:\/\/www.vinceneux.fr\/Photoblog\/wp-content\/uploads\/2020\/07\/w_2020_Compostelle__6293710.jpg 2000w\" sizes=\"auto, (max-width: 1024px) 100vw, 1024px\" \/><\/a><\/figure>\n\n\n\n<figure class=\"wp-block-image size-large\"><a href=\"http:\/\/vinceneux.fr\/Photoblog\/wp-content\/uploads\/2020\/07\/w_2020_Compostelle__6293679.jpg\" target=\"_blank\" rel=\"noopener noreferrer\"><img loading=\"lazy\" decoding=\"async\" width=\"1365\" height=\"1024\" src=\"http:\/\/vinceneux.fr\/Photoblog\/wp-content\/uploads\/2020\/07\/w_2020_Compostelle__6293679-1365x1024.jpg\" alt=\"\" class=\"wp-image-984\" srcset=\"http:\/\/www.vinceneux.fr\/Photoblog\/wp-content\/uploads\/2020\/07\/w_2020_Compostelle__6293679-1365x1024.jpg 1365w, http:\/\/www.vinceneux.fr\/Photoblog\/wp-content\/uploads\/2020\/07\/w_2020_Compostelle__6293679-800x600.jpg 800w, http:\/\/www.vinceneux.fr\/Photoblog\/wp-content\/uploads\/2020\/07\/w_2020_Compostelle__6293679-267x200.jpg 267w, http:\/\/www.vinceneux.fr\/Photoblog\/wp-content\/uploads\/2020\/07\/w_2020_Compostelle__6293679-1536x1152.jpg 1536w, http:\/\/www.vinceneux.fr\/Photoblog\/wp-content\/uploads\/2020\/07\/w_2020_Compostelle__6293679.jpg 2000w\" sizes=\"auto, (max-width: 1365px) 100vw, 1365px\" \/><\/a><figcaption>Si l&rsquo;on ne sait o\u00f9 dormir &#8230;<\/figcaption><\/figure>\n\n\n\n<figure class=\"wp-block-image size-large\"><a href=\"http:\/\/vinceneux.fr\/Photoblog\/wp-content\/uploads\/2020\/07\/w_2020_Compostelle__6293706.jpg\" target=\"_blank\" rel=\"noopener noreferrer\"><img loading=\"lazy\" decoding=\"async\" width=\"768\" height=\"1024\" src=\"http:\/\/vinceneux.fr\/Photoblog\/wp-content\/uploads\/2020\/07\/w_2020_Compostelle__6293706-768x1024.jpg\" alt=\"\" class=\"wp-image-985\" srcset=\"http:\/\/www.vinceneux.fr\/Photoblog\/wp-content\/uploads\/2020\/07\/w_2020_Compostelle__6293706-768x1024.jpg 768w, http:\/\/www.vinceneux.fr\/Photoblog\/wp-content\/uploads\/2020\/07\/w_2020_Compostelle__6293706-450x600.jpg 450w, http:\/\/www.vinceneux.fr\/Photoblog\/wp-content\/uploads\/2020\/07\/w_2020_Compostelle__6293706-150x200.jpg 150w, http:\/\/www.vinceneux.fr\/Photoblog\/wp-content\/uploads\/2020\/07\/w_2020_Compostelle__6293706-1152x1536.jpg 1152w, http:\/\/www.vinceneux.fr\/Photoblog\/wp-content\/uploads\/2020\/07\/w_2020_Compostelle__6293706.jpg 1500w\" sizes=\"auto, (max-width: 768px) 100vw, 768px\" \/><\/a><\/figure>\n\n\n\n<figure class=\"wp-block-image size-large\"><a href=\"http:\/\/vinceneux.fr\/Photoblog\/wp-content\/uploads\/2020\/07\/w_2020_Compostelle__6283641.jpg\" target=\"_blank\" rel=\"noopener noreferrer\"><img loading=\"lazy\" decoding=\"async\" width=\"1365\" height=\"1024\" src=\"http:\/\/vinceneux.fr\/Photoblog\/wp-content\/uploads\/2020\/07\/w_2020_Compostelle__6283641-1365x1024.jpg\" alt=\"\" class=\"wp-image-986\" srcset=\"http:\/\/www.vinceneux.fr\/Photoblog\/wp-content\/uploads\/2020\/07\/w_2020_Compostelle__6283641-1365x1024.jpg 1365w, http:\/\/www.vinceneux.fr\/Photoblog\/wp-content\/uploads\/2020\/07\/w_2020_Compostelle__6283641-800x600.jpg 800w, http:\/\/www.vinceneux.fr\/Photoblog\/wp-content\/uploads\/2020\/07\/w_2020_Compostelle__6283641-267x200.jpg 267w, http:\/\/www.vinceneux.fr\/Photoblog\/wp-content\/uploads\/2020\/07\/w_2020_Compostelle__6283641-1536x1152.jpg 1536w, http:\/\/www.vinceneux.fr\/Photoblog\/wp-content\/uploads\/2020\/07\/w_2020_Compostelle__6283641.jpg 2000w\" sizes=\"auto, (max-width: 1365px) 100vw, 1365px\" \/><\/a><figcaption>Le jugement dernier du tympan : cliquer pour voir les d\u00e9tails<\/figcaption><\/figure>\n\n\n\n<figure class=\"wp-block-image size-large\"><a href=\"http:\/\/vinceneux.fr\/Photoblog\/wp-content\/uploads\/2020\/07\/w_2020_Compostelle__6283677.jpg\" target=\"_blank\" rel=\"noopener noreferrer\"><img loading=\"lazy\" decoding=\"async\" width=\"1536\" height=\"1024\" src=\"http:\/\/vinceneux.fr\/Photoblog\/wp-content\/uploads\/2020\/07\/w_2020_Compostelle__6283677-1536x1024.jpg\" alt=\"\" class=\"wp-image-987\" srcset=\"http:\/\/www.vinceneux.fr\/Photoblog\/wp-content\/uploads\/2020\/07\/w_2020_Compostelle__6283677-1536x1024.jpg 1536w, http:\/\/www.vinceneux.fr\/Photoblog\/wp-content\/uploads\/2020\/07\/w_2020_Compostelle__6283677-900x600.jpg 900w, http:\/\/www.vinceneux.fr\/Photoblog\/wp-content\/uploads\/2020\/07\/w_2020_Compostelle__6283677-300x200.jpg 300w, http:\/\/www.vinceneux.fr\/Photoblog\/wp-content\/uploads\/2020\/07\/w_2020_Compostelle__6283677.jpg 2000w\" sizes=\"auto, (max-width: 1536px) 100vw, 1536px\" \/><\/a><figcaption>Les couleurs d&rsquo;origine ?<\/figcaption><\/figure>\n\n\n\n<figure class=\"wp-block-image size-large\"><a href=\"http:\/\/vinceneux.fr\/Photoblog\/wp-content\/uploads\/2020\/07\/w_2020_Compostelle__6283672.jpg\" target=\"_blank\" rel=\"noopener noreferrer\"><img loading=\"lazy\" decoding=\"async\" width=\"768\" height=\"1024\" src=\"http:\/\/vinceneux.fr\/Photoblog\/wp-content\/uploads\/2020\/07\/w_2020_Compostelle__6283672-768x1024.jpg\" alt=\"\" class=\"wp-image-988\" srcset=\"http:\/\/www.vinceneux.fr\/Photoblog\/wp-content\/uploads\/2020\/07\/w_2020_Compostelle__6283672-768x1024.jpg 768w, http:\/\/www.vinceneux.fr\/Photoblog\/wp-content\/uploads\/2020\/07\/w_2020_Compostelle__6283672-450x600.jpg 450w, http:\/\/www.vinceneux.fr\/Photoblog\/wp-content\/uploads\/2020\/07\/w_2020_Compostelle__6283672-150x200.jpg 150w, http:\/\/www.vinceneux.fr\/Photoblog\/wp-content\/uploads\/2020\/07\/w_2020_Compostelle__6283672-1152x1536.jpg 1152w, http:\/\/www.vinceneux.fr\/Photoblog\/wp-content\/uploads\/2020\/07\/w_2020_Compostelle__6283672.jpg 1500w\" sizes=\"auto, (max-width: 768px) 100vw, 768px\" \/><\/a><\/figure>\n\n\n\n<figure class=\"wp-block-image size-large\"><a href=\"http:\/\/vinceneux.fr\/Photoblog\/wp-content\/uploads\/2020\/07\/w_2020_Compostelle__6283656.jpg\" target=\"_blank\" rel=\"noopener noreferrer\"><img loading=\"lazy\" decoding=\"async\" width=\"1365\" height=\"1024\" src=\"http:\/\/vinceneux.fr\/Photoblog\/wp-content\/uploads\/2020\/07\/w_2020_Compostelle__6283656-1365x1024.jpg\" alt=\"\" class=\"wp-image-989\" srcset=\"http:\/\/www.vinceneux.fr\/Photoblog\/wp-content\/uploads\/2020\/07\/w_2020_Compostelle__6283656-1365x1024.jpg 1365w, http:\/\/www.vinceneux.fr\/Photoblog\/wp-content\/uploads\/2020\/07\/w_2020_Compostelle__6283656-800x600.jpg 800w, http:\/\/www.vinceneux.fr\/Photoblog\/wp-content\/uploads\/2020\/07\/w_2020_Compostelle__6283656-267x200.jpg 267w, http:\/\/www.vinceneux.fr\/Photoblog\/wp-content\/uploads\/2020\/07\/w_2020_Compostelle__6283656-1536x1152.jpg 1536w, http:\/\/www.vinceneux.fr\/Photoblog\/wp-content\/uploads\/2020\/07\/w_2020_Compostelle__6283656.jpg 2000w\" sizes=\"auto, (max-width: 1365px) 100vw, 1365px\" \/><\/a><\/figure>\n\n\n\n<figure class=\"wp-block-image size-large\"><a href=\"http:\/\/vinceneux.fr\/Photoblog\/wp-content\/uploads\/2020\/07\/w_2020_Compostelle__6283669.jpg\" target=\"_blank\" rel=\"noopener noreferrer\"><img loading=\"lazy\" decoding=\"async\" width=\"1024\" height=\"1024\" src=\"http:\/\/vinceneux.fr\/Photoblog\/wp-content\/uploads\/2020\/07\/w_2020_Compostelle__6283669-1024x1024.jpg\" alt=\"\" class=\"wp-image-990\" srcset=\"http:\/\/www.vinceneux.fr\/Photoblog\/wp-content\/uploads\/2020\/07\/w_2020_Compostelle__6283669-1024x1024.jpg 1024w, http:\/\/www.vinceneux.fr\/Photoblog\/wp-content\/uploads\/2020\/07\/w_2020_Compostelle__6283669-600x600.jpg 600w, http:\/\/www.vinceneux.fr\/Photoblog\/wp-content\/uploads\/2020\/07\/w_2020_Compostelle__6283669-200x200.jpg 200w, http:\/\/www.vinceneux.fr\/Photoblog\/wp-content\/uploads\/2020\/07\/w_2020_Compostelle__6283669-1536x1536.jpg 1536w, http:\/\/www.vinceneux.fr\/Photoblog\/wp-content\/uploads\/2020\/07\/w_2020_Compostelle__6283669.jpg 2000w\" sizes=\"auto, (max-width: 1024px) 100vw, 1024px\" \/><\/a><\/figure>\n\n\n\n<figure class=\"wp-block-image size-large\"><a href=\"http:\/\/vinceneux.fr\/Photoblog\/wp-content\/uploads\/2020\/07\/w_2020_Compostelle__6293717.jpg\" target=\"_blank\" rel=\"noopener noreferrer\"><img loading=\"lazy\" decoding=\"async\" width=\"768\" height=\"1024\" src=\"http:\/\/vinceneux.fr\/Photoblog\/wp-content\/uploads\/2020\/07\/w_2020_Compostelle__6293717-768x1024.jpg\" alt=\"\" class=\"wp-image-991\" srcset=\"http:\/\/www.vinceneux.fr\/Photoblog\/wp-content\/uploads\/2020\/07\/w_2020_Compostelle__6293717-768x1024.jpg 768w, http:\/\/www.vinceneux.fr\/Photoblog\/wp-content\/uploads\/2020\/07\/w_2020_Compostelle__6293717-450x600.jpg 450w, http:\/\/www.vinceneux.fr\/Photoblog\/wp-content\/uploads\/2020\/07\/w_2020_Compostelle__6293717-150x200.jpg 150w, http:\/\/www.vinceneux.fr\/Photoblog\/wp-content\/uploads\/2020\/07\/w_2020_Compostelle__6293717-1152x1536.jpg 1152w, http:\/\/www.vinceneux.fr\/Photoblog\/wp-content\/uploads\/2020\/07\/w_2020_Compostelle__6293717.jpg 1500w\" sizes=\"auto, (max-width: 768px) 100vw, 768px\" \/><\/a><figcaption>Splendeur des \u00e9glises romanes<\/figcaption><\/figure>\n\n\n\n<figure class=\"wp-block-image size-large\"><a href=\"http:\/\/vinceneux.fr\/Photoblog\/wp-content\/uploads\/2020\/07\/w_2020_Compostelle__6293719.jpg\" target=\"_blank\" rel=\"noopener noreferrer\"><img loading=\"lazy\" decoding=\"async\" width=\"768\" height=\"1024\" src=\"http:\/\/vinceneux.fr\/Photoblog\/wp-content\/uploads\/2020\/07\/w_2020_Compostelle__6293719-768x1024.jpg\" alt=\"\" class=\"wp-image-992\" srcset=\"http:\/\/www.vinceneux.fr\/Photoblog\/wp-content\/uploads\/2020\/07\/w_2020_Compostelle__6293719-768x1024.jpg 768w, http:\/\/www.vinceneux.fr\/Photoblog\/wp-content\/uploads\/2020\/07\/w_2020_Compostelle__6293719-450x600.jpg 450w, http:\/\/www.vinceneux.fr\/Photoblog\/wp-content\/uploads\/2020\/07\/w_2020_Compostelle__6293719-150x200.jpg 150w, http:\/\/www.vinceneux.fr\/Photoblog\/wp-content\/uploads\/2020\/07\/w_2020_Compostelle__6293719-1152x1536.jpg 1152w, http:\/\/www.vinceneux.fr\/Photoblog\/wp-content\/uploads\/2020\/07\/w_2020_Compostelle__6293719.jpg 1500w\" sizes=\"auto, (max-width: 768px) 100vw, 768px\" \/><\/a><\/figure>\n\n\n\n<figure class=\"wp-block-image size-large\"><a href=\"http:\/\/vinceneux.fr\/Photoblog\/wp-content\/uploads\/2020\/07\/w_2020_Compostelle__6293686.jpg\" target=\"_blank\" rel=\"noopener noreferrer\"><img loading=\"lazy\" decoding=\"async\" width=\"768\" height=\"1024\" src=\"http:\/\/vinceneux.fr\/Photoblog\/wp-content\/uploads\/2020\/07\/w_2020_Compostelle__6293686-768x1024.jpg\" alt=\"\" class=\"wp-image-993\" srcset=\"http:\/\/www.vinceneux.fr\/Photoblog\/wp-content\/uploads\/2020\/07\/w_2020_Compostelle__6293686-768x1024.jpg 768w, http:\/\/www.vinceneux.fr\/Photoblog\/wp-content\/uploads\/2020\/07\/w_2020_Compostelle__6293686-450x600.jpg 450w, http:\/\/www.vinceneux.fr\/Photoblog\/wp-content\/uploads\/2020\/07\/w_2020_Compostelle__6293686-150x200.jpg 150w, http:\/\/www.vinceneux.fr\/Photoblog\/wp-content\/uploads\/2020\/07\/w_2020_Compostelle__6293686-1152x1536.jpg 1152w, http:\/\/www.vinceneux.fr\/Photoblog\/wp-content\/uploads\/2020\/07\/w_2020_Compostelle__6293686.jpg 1500w\" sizes=\"auto, (max-width: 768px) 100vw, 768px\" \/><\/a><\/figure>\n\n\n\n<figure class=\"wp-block-image size-large\"><a href=\"http:\/\/vinceneux.fr\/Photoblog\/wp-content\/uploads\/2020\/07\/w_20200628_175509.jpg\" target=\"_blank\" rel=\"noopener noreferrer\"><img loading=\"lazy\" decoding=\"async\" width=\"1600\" height=\"900\" src=\"http:\/\/vinceneux.fr\/Photoblog\/wp-content\/uploads\/2020\/07\/w_20200628_175509-1600x900.jpg\" alt=\"\" class=\"wp-image-994\" srcset=\"http:\/\/www.vinceneux.fr\/Photoblog\/wp-content\/uploads\/2020\/07\/w_20200628_175509-1600x900.jpg 1600w, http:\/\/www.vinceneux.fr\/Photoblog\/wp-content\/uploads\/2020\/07\/w_20200628_175509-900x506.jpg 900w, http:\/\/www.vinceneux.fr\/Photoblog\/wp-content\/uploads\/2020\/07\/w_20200628_175509-300x169.jpg 300w, http:\/\/www.vinceneux.fr\/Photoblog\/wp-content\/uploads\/2020\/07\/w_20200628_175509-1536x864.jpg 1536w, http:\/\/www.vinceneux.fr\/Photoblog\/wp-content\/uploads\/2020\/07\/w_20200628_175509.jpg 2000w\" sizes=\"auto, (max-width: 1600px) 100vw, 1600px\" \/><\/a><figcaption>Les vitraux de Pierre Soulages (1987 &#8211; 1994)<\/figcaption><\/figure>\n\n\n\n<figure class=\"wp-block-image size-large\"><a href=\"http:\/\/vinceneux.fr\/Photoblog\/wp-content\/uploads\/2020\/07\/w_2020_Compostelle__6293765.jpg\" target=\"_blank\" rel=\"noopener noreferrer\"><img loading=\"lazy\" decoding=\"async\" width=\"1536\" height=\"1024\" src=\"http:\/\/vinceneux.fr\/Photoblog\/wp-content\/uploads\/2020\/07\/w_2020_Compostelle__6293765-1536x1024.jpg\" alt=\"\" class=\"wp-image-995\" srcset=\"http:\/\/www.vinceneux.fr\/Photoblog\/wp-content\/uploads\/2020\/07\/w_2020_Compostelle__6293765-1536x1024.jpg 1536w, http:\/\/www.vinceneux.fr\/Photoblog\/wp-content\/uploads\/2020\/07\/w_2020_Compostelle__6293765-900x600.jpg 900w, http:\/\/www.vinceneux.fr\/Photoblog\/wp-content\/uploads\/2020\/07\/w_2020_Compostelle__6293765-300x200.jpg 300w, http:\/\/www.vinceneux.fr\/Photoblog\/wp-content\/uploads\/2020\/07\/w_2020_Compostelle__6293765.jpg 2000w\" sizes=\"auto, (max-width: 1536px) 100vw, 1536px\" \/><\/a><\/figure>\n\n\n\n<figure class=\"wp-block-image size-large\"><a href=\"http:\/\/vinceneux.fr\/Photoblog\/wp-content\/uploads\/2020\/07\/w_2020_Compostelle__6293775.jpg\" target=\"_blank\" rel=\"noopener noreferrer\"><img loading=\"lazy\" decoding=\"async\" width=\"1536\" height=\"1024\" src=\"http:\/\/vinceneux.fr\/Photoblog\/wp-content\/uploads\/2020\/07\/w_2020_Compostelle__6293775-1536x1024.jpg\" alt=\"\" class=\"wp-image-996\" srcset=\"http:\/\/www.vinceneux.fr\/Photoblog\/wp-content\/uploads\/2020\/07\/w_2020_Compostelle__6293775-1536x1024.jpg 1536w, http:\/\/www.vinceneux.fr\/Photoblog\/wp-content\/uploads\/2020\/07\/w_2020_Compostelle__6293775-900x600.jpg 900w, http:\/\/www.vinceneux.fr\/Photoblog\/wp-content\/uploads\/2020\/07\/w_2020_Compostelle__6293775-300x200.jpg 300w, http:\/\/www.vinceneux.fr\/Photoblog\/wp-content\/uploads\/2020\/07\/w_2020_Compostelle__6293775.jpg 2000w\" sizes=\"auto, (max-width: 1536px) 100vw, 1536px\" \/><\/a><figcaption>Derni\u00e8re vue sublime de Conques, depuis la petite chapelle Ste Foy<\/figcaption><\/figure>\n\n\n\n<figure class=\"wp-block-image size-large\"><a href=\"http:\/\/vinceneux.fr\/Photoblog\/wp-content\/uploads\/2020\/07\/w_20200629_135500.jpg\" target=\"_blank\" rel=\"noopener noreferrer\"><img loading=\"lazy\" decoding=\"async\" width=\"1590\" height=\"1024\" src=\"http:\/\/vinceneux.fr\/Photoblog\/wp-content\/uploads\/2020\/07\/w_20200629_135500-1590x1024.jpg\" alt=\"\" class=\"wp-image-997\" srcset=\"http:\/\/www.vinceneux.fr\/Photoblog\/wp-content\/uploads\/2020\/07\/w_20200629_135500-1590x1024.jpg 1590w, http:\/\/www.vinceneux.fr\/Photoblog\/wp-content\/uploads\/2020\/07\/w_20200629_135500-900x580.jpg 900w, http:\/\/www.vinceneux.fr\/Photoblog\/wp-content\/uploads\/2020\/07\/w_20200629_135500-300x193.jpg 300w, http:\/\/www.vinceneux.fr\/Photoblog\/wp-content\/uploads\/2020\/07\/w_20200629_135500-1536x989.jpg 1536w, http:\/\/www.vinceneux.fr\/Photoblog\/wp-content\/uploads\/2020\/07\/w_20200629_135500.jpg 2000w\" sizes=\"auto, (max-width: 1590px) 100vw, 1590px\" \/><\/a><\/figure>\n\n\n\n<p><\/p>\n","protected":false},"excerpt":{"rendered":"<p>Conques : 2\u00e8me coup de c\u0153ur, avec l\u2019Aubrac, de ce p\u00e9riple. Journ\u00e9e consacr\u00e9e \u00e0 ce lieu, malgr\u00e9 une petite pluie le matin, et ensuite petite \u00e9tape, juste pour remonter sur le plateau, et avoir la derni\u00e8re vue du village, depuis la petite chapelle de Ste-Foy. Soir\u00e9e \u00e0 Conques organis\u00e9e par les moines : visite de&#8230;<\/p>\n","protected":false},"author":1,"featured_media":0,"comment_status":"open","ping_status":"open","sticky":false,"template":"","format":"standard","meta":{"_kad_post_transparent":"","_kad_post_title":"","_kad_post_layout":"","_kad_post_sidebar_id":"","_kad_post_content_style":"","_kad_post_vertical_padding":"","_kad_post_feature":"","_kad_post_feature_position":"","_kad_post_header":false,"_kad_post_footer":false,"_kad_post_classname":"","footnotes":""},"categories":[10,18],"tags":[],"class_list":["post-981","post","type-post","status-publish","format-standard","hentry","category-architecture","category-compostelle"],"_links":{"self":[{"href":"http:\/\/www.vinceneux.fr\/Photoblog\/index.php?rest_route=\/wp\/v2\/posts\/981","targetHints":{"allow":["GET"]}}],"collection":[{"href":"http:\/\/www.vinceneux.fr\/Photoblog\/index.php?rest_route=\/wp\/v2\/posts"}],"about":[{"href":"http:\/\/www.vinceneux.fr\/Photoblog\/index.php?rest_route=\/wp\/v2\/types\/post"}],"author":[{"embeddable":true,"href":"http:\/\/www.vinceneux.fr\/Photoblog\/index.php?rest_route=\/wp\/v2\/users\/1"}],"replies":[{"embeddable":true,"href":"http:\/\/www.vinceneux.fr\/Photoblog\/index.php?rest_route=%2Fwp%2Fv2%2Fcomments&post=981"}],"version-history":[{"count":3,"href":"http:\/\/www.vinceneux.fr\/Photoblog\/index.php?rest_route=\/wp\/v2\/posts\/981\/revisions"}],"predecessor-version":[{"id":1000,"href":"http:\/\/www.vinceneux.fr\/Photoblog\/index.php?rest_route=\/wp\/v2\/posts\/981\/revisions\/1000"}],"wp:attachment":[{"href":"http:\/\/www.vinceneux.fr\/Photoblog\/index.php?rest_route=%2Fwp%2Fv2%2Fmedia&parent=981"}],"wp:term":[{"taxonomy":"category","embeddable":true,"href":"http:\/\/www.vinceneux.fr\/Photoblog\/index.php?rest_route=%2Fwp%2Fv2%2Fcategories&post=981"},{"taxonomy":"post_tag","embeddable":true,"href":"http:\/\/www.vinceneux.fr\/Photoblog\/index.php?rest_route=%2Fwp%2Fv2%2Ftags&post=981"}],"curies":[{"name":"wp","href":"https:\/\/api.w.org\/{rel}","templated":true}]}}