{"id":939,"date":"2020-07-28T21:52:44","date_gmt":"2020-07-28T19:52:44","guid":{"rendered":"http:\/\/vinceneux.fr\/Photoblog\/?p=939"},"modified":"2020-07-28T21:55:33","modified_gmt":"2020-07-28T19:55:33","slug":"j10-st-come-dolt-estaing","status":"publish","type":"post","link":"http:\/\/www.vinceneux.fr\/Photoblog\/?p=939","title":{"rendered":"J10 : St C\u00f4me d&rsquo;Olt &#8211; Estaing"},"content":{"rendered":"\n<p>Aujourd&rsquo;hui beaucoup de tr\u00e8s belles \u00e9glises romanes. Et arriv\u00e9e \u00e0 Estaing sous un ciel d&rsquo;orage qui aura la bonne id\u00e9e d\u2019\u00e9clater ailleurs &#8230;<\/p>\n\n\n\n<figure class=\"wp-block-image size-large\"><a href=\"http:\/\/vinceneux.fr\/Photoblog\/wp-content\/uploads\/2020\/07\/w_2020_Compostelle__6263485.jpg\" target=\"_blank\" rel=\"noopener noreferrer\"><img loading=\"lazy\" decoding=\"async\" width=\"1280\" height=\"853\" src=\"http:\/\/vinceneux.fr\/Photoblog\/wp-content\/uploads\/2020\/07\/w_2020_Compostelle__6263485.jpg\" alt=\"\" class=\"wp-image-940\" srcset=\"http:\/\/www.vinceneux.fr\/Photoblog\/wp-content\/uploads\/2020\/07\/w_2020_Compostelle__6263485.jpg 1280w, http:\/\/www.vinceneux.fr\/Photoblog\/wp-content\/uploads\/2020\/07\/w_2020_Compostelle__6263485-900x600.jpg 900w, http:\/\/www.vinceneux.fr\/Photoblog\/wp-content\/uploads\/2020\/07\/w_2020_Compostelle__6263485-300x200.jpg 300w\" sizes=\"auto, (max-width: 1280px) 100vw, 1280px\" \/><\/a><figcaption>\u00c9glise de St C\u00f4me d&rsquo;Olt et son clocher Tors exploit technique mais &#8230;<\/figcaption><\/figure>\n\n\n\n<figure class=\"wp-block-image size-large\"><a href=\"http:\/\/vinceneux.fr\/Photoblog\/wp-content\/uploads\/2020\/07\/w_2020_Compostelle__6263524.jpg\" target=\"_blank\" rel=\"noopener noreferrer\"><img loading=\"lazy\" decoding=\"async\" width=\"1280\" height=\"720\" src=\"http:\/\/vinceneux.fr\/Photoblog\/wp-content\/uploads\/2020\/07\/w_2020_Compostelle__6263524.jpg\" alt=\"\" class=\"wp-image-941\" srcset=\"http:\/\/www.vinceneux.fr\/Photoblog\/wp-content\/uploads\/2020\/07\/w_2020_Compostelle__6263524.jpg 1280w, http:\/\/www.vinceneux.fr\/Photoblog\/wp-content\/uploads\/2020\/07\/w_2020_Compostelle__6263524-900x506.jpg 900w, http:\/\/www.vinceneux.fr\/Photoblog\/wp-content\/uploads\/2020\/07\/w_2020_Compostelle__6263524-300x169.jpg 300w\" sizes=\"auto, (max-width: 1280px) 100vw, 1280px\" \/><\/a><\/figure>\n\n\n\n<figure class=\"wp-block-image size-large\"><a href=\"http:\/\/vinceneux.fr\/Photoblog\/wp-content\/uploads\/2020\/07\/w_2020_Compostelle__6263529.jpg\" target=\"_blank\" rel=\"noopener noreferrer\"><img loading=\"lazy\" decoding=\"async\" width=\"1024\" height=\"1024\" src=\"http:\/\/vinceneux.fr\/Photoblog\/wp-content\/uploads\/2020\/07\/w_2020_Compostelle__6263529-1024x1024.jpg\" alt=\"\" class=\"wp-image-942\" srcset=\"http:\/\/www.vinceneux.fr\/Photoblog\/wp-content\/uploads\/2020\/07\/w_2020_Compostelle__6263529-1024x1024.jpg 1024w, http:\/\/www.vinceneux.fr\/Photoblog\/wp-content\/uploads\/2020\/07\/w_2020_Compostelle__6263529-600x600.jpg 600w, http:\/\/www.vinceneux.fr\/Photoblog\/wp-content\/uploads\/2020\/07\/w_2020_Compostelle__6263529-200x200.jpg 200w, http:\/\/www.vinceneux.fr\/Photoblog\/wp-content\/uploads\/2020\/07\/w_2020_Compostelle__6263529.jpg 1280w\" sizes=\"auto, (max-width: 1024px) 100vw, 1024px\" \/><\/a><\/figure>\n\n\n\n<figure class=\"wp-block-image size-large\"><a href=\"http:\/\/vinceneux.fr\/Photoblog\/wp-content\/uploads\/2020\/07\/w_2020_Compostelle__6263532.jpg\" target=\"_blank\" rel=\"noopener noreferrer\"><img loading=\"lazy\" decoding=\"async\" width=\"1280\" height=\"960\" src=\"http:\/\/vinceneux.fr\/Photoblog\/wp-content\/uploads\/2020\/07\/w_2020_Compostelle__6263532.jpg\" alt=\"\" class=\"wp-image-943\" srcset=\"http:\/\/www.vinceneux.fr\/Photoblog\/wp-content\/uploads\/2020\/07\/w_2020_Compostelle__6263532.jpg 1280w, http:\/\/www.vinceneux.fr\/Photoblog\/wp-content\/uploads\/2020\/07\/w_2020_Compostelle__6263532-800x600.jpg 800w, http:\/\/www.vinceneux.fr\/Photoblog\/wp-content\/uploads\/2020\/07\/w_2020_Compostelle__6263532-267x200.jpg 267w\" sizes=\"auto, (max-width: 1280px) 100vw, 1280px\" \/><\/a><figcaption>Carri\u00e8res basaltiques<\/figcaption><\/figure>\n\n\n\n<figure class=\"wp-block-image size-large\"><a href=\"http:\/\/vinceneux.fr\/Photoblog\/wp-content\/uploads\/2020\/07\/w_2020_Compostelle__6263536.jpg\" target=\"_blank\" rel=\"noopener noreferrer\"><img loading=\"lazy\" decoding=\"async\" width=\"1280\" height=\"853\" src=\"http:\/\/vinceneux.fr\/Photoblog\/wp-content\/uploads\/2020\/07\/w_2020_Compostelle__6263536.jpg\" alt=\"\" class=\"wp-image-944\" srcset=\"http:\/\/www.vinceneux.fr\/Photoblog\/wp-content\/uploads\/2020\/07\/w_2020_Compostelle__6263536.jpg 1280w, http:\/\/www.vinceneux.fr\/Photoblog\/wp-content\/uploads\/2020\/07\/w_2020_Compostelle__6263536-900x600.jpg 900w, http:\/\/www.vinceneux.fr\/Photoblog\/wp-content\/uploads\/2020\/07\/w_2020_Compostelle__6263536-300x200.jpg 300w\" sizes=\"auto, (max-width: 1280px) 100vw, 1280px\" \/><\/a><figcaption>\u00c9glise de Perse : romane et en gr\u00e8s rouge.<\/figcaption><\/figure>\n\n\n\n<figure class=\"wp-block-image size-large\"><a href=\"http:\/\/vinceneux.fr\/Photoblog\/wp-content\/uploads\/2020\/07\/w_2020_Compostelle__6263541.jpg\" target=\"_blank\" rel=\"noopener noreferrer\"><img loading=\"lazy\" decoding=\"async\" width=\"1280\" height=\"960\" src=\"http:\/\/vinceneux.fr\/Photoblog\/wp-content\/uploads\/2020\/07\/w_2020_Compostelle__6263541.jpg\" alt=\"\" class=\"wp-image-945\" srcset=\"http:\/\/www.vinceneux.fr\/Photoblog\/wp-content\/uploads\/2020\/07\/w_2020_Compostelle__6263541.jpg 1280w, http:\/\/www.vinceneux.fr\/Photoblog\/wp-content\/uploads\/2020\/07\/w_2020_Compostelle__6263541-800x600.jpg 800w, http:\/\/www.vinceneux.fr\/Photoblog\/wp-content\/uploads\/2020\/07\/w_2020_Compostelle__6263541-267x200.jpg 267w\" sizes=\"auto, (max-width: 1280px) 100vw, 1280px\" \/><\/a><figcaption>\u00c9glise de Perse : son tympan roman.<\/figcaption><\/figure>\n\n\n\n<figure class=\"wp-block-image size-large\"><a href=\"http:\/\/vinceneux.fr\/Photoblog\/wp-content\/uploads\/2020\/07\/w_2020_Compostelle__6263565.jpg\" target=\"_blank\" rel=\"noopener noreferrer\"><img loading=\"lazy\" decoding=\"async\" width=\"1280\" height=\"720\" src=\"http:\/\/vinceneux.fr\/Photoblog\/wp-content\/uploads\/2020\/07\/w_2020_Compostelle__6263565.jpg\" alt=\"\" class=\"wp-image-946\" srcset=\"http:\/\/www.vinceneux.fr\/Photoblog\/wp-content\/uploads\/2020\/07\/w_2020_Compostelle__6263565.jpg 1280w, http:\/\/www.vinceneux.fr\/Photoblog\/wp-content\/uploads\/2020\/07\/w_2020_Compostelle__6263565-900x506.jpg 900w, http:\/\/www.vinceneux.fr\/Photoblog\/wp-content\/uploads\/2020\/07\/w_2020_Compostelle__6263565-300x169.jpg 300w\" sizes=\"auto, (max-width: 1280px) 100vw, 1280px\" \/><\/a><figcaption>Espalion : le long du Lot<\/figcaption><\/figure>\n\n\n\n<figure class=\"wp-block-image size-large\"><a href=\"http:\/\/vinceneux.fr\/Photoblog\/wp-content\/uploads\/2020\/07\/w_2020_Compostelle__6263578.jpg\" target=\"_blank\" rel=\"noopener noreferrer\"><img loading=\"lazy\" decoding=\"async\" width=\"768\" height=\"1024\" src=\"http:\/\/vinceneux.fr\/Photoblog\/wp-content\/uploads\/2020\/07\/w_2020_Compostelle__6263578-768x1024.jpg\" alt=\"\" class=\"wp-image-947\" srcset=\"http:\/\/www.vinceneux.fr\/Photoblog\/wp-content\/uploads\/2020\/07\/w_2020_Compostelle__6263578-768x1024.jpg 768w, http:\/\/www.vinceneux.fr\/Photoblog\/wp-content\/uploads\/2020\/07\/w_2020_Compostelle__6263578-450x600.jpg 450w, http:\/\/www.vinceneux.fr\/Photoblog\/wp-content\/uploads\/2020\/07\/w_2020_Compostelle__6263578-150x200.jpg 150w, http:\/\/www.vinceneux.fr\/Photoblog\/wp-content\/uploads\/2020\/07\/w_2020_Compostelle__6263578.jpg 960w\" sizes=\"auto, (max-width: 768px) 100vw, 768px\" \/><\/a><figcaption>\u00c9glise de Bessu\u00e9jouls et sa petite chapelle St Michel au dessus de la nef principale<\/figcaption><\/figure>\n\n\n\n<figure class=\"wp-block-image size-large\"><a href=\"http:\/\/vinceneux.fr\/Photoblog\/wp-content\/uploads\/2020\/07\/w_2020_Compostelle__6263586.jpg\" target=\"_blank\" rel=\"noopener noreferrer\"><img loading=\"lazy\" decoding=\"async\" width=\"1024\" height=\"1024\" src=\"http:\/\/vinceneux.fr\/Photoblog\/wp-content\/uploads\/2020\/07\/w_2020_Compostelle__6263586-1024x1024.jpg\" alt=\"\" class=\"wp-image-948\" srcset=\"http:\/\/www.vinceneux.fr\/Photoblog\/wp-content\/uploads\/2020\/07\/w_2020_Compostelle__6263586-1024x1024.jpg 1024w, http:\/\/www.vinceneux.fr\/Photoblog\/wp-content\/uploads\/2020\/07\/w_2020_Compostelle__6263586-600x600.jpg 600w, http:\/\/www.vinceneux.fr\/Photoblog\/wp-content\/uploads\/2020\/07\/w_2020_Compostelle__6263586-200x200.jpg 200w, http:\/\/www.vinceneux.fr\/Photoblog\/wp-content\/uploads\/2020\/07\/w_2020_Compostelle__6263586.jpg 1280w\" sizes=\"auto, (max-width: 1024px) 100vw, 1024px\" \/><\/a><figcaption>St Jacques<\/figcaption><\/figure>\n\n\n\n<figure class=\"wp-block-image size-large\"><a href=\"http:\/\/vinceneux.fr\/Photoblog\/wp-content\/uploads\/2020\/07\/w_2020_Compostelle__6263589.jpg\" target=\"_blank\" rel=\"noopener noreferrer\"><img loading=\"lazy\" decoding=\"async\" width=\"1024\" height=\"1024\" src=\"http:\/\/vinceneux.fr\/Photoblog\/wp-content\/uploads\/2020\/07\/w_2020_Compostelle__6263589-1024x1024.jpg\" alt=\"\" class=\"wp-image-949\" srcset=\"http:\/\/www.vinceneux.fr\/Photoblog\/wp-content\/uploads\/2020\/07\/w_2020_Compostelle__6263589-1024x1024.jpg 1024w, http:\/\/www.vinceneux.fr\/Photoblog\/wp-content\/uploads\/2020\/07\/w_2020_Compostelle__6263589-600x600.jpg 600w, http:\/\/www.vinceneux.fr\/Photoblog\/wp-content\/uploads\/2020\/07\/w_2020_Compostelle__6263589-200x200.jpg 200w, http:\/\/www.vinceneux.fr\/Photoblog\/wp-content\/uploads\/2020\/07\/w_2020_Compostelle__6263589.jpg 1280w\" sizes=\"auto, (max-width: 1024px) 100vw, 1024px\" \/><\/a><figcaption>Menace d&rsquo;orage <\/figcaption><\/figure>\n\n\n\n<figure class=\"wp-block-image size-large\"><a href=\"http:\/\/vinceneux.fr\/Photoblog\/wp-content\/uploads\/2020\/07\/w_2020_Compostelle__6263601-1.jpg\" target=\"_blank\" rel=\"noopener noreferrer\"><img loading=\"lazy\" decoding=\"async\" width=\"1280\" height=\"853\" src=\"http:\/\/vinceneux.fr\/Photoblog\/wp-content\/uploads\/2020\/07\/w_2020_Compostelle__6263601-1.jpg\" alt=\"\" class=\"wp-image-951\" srcset=\"http:\/\/www.vinceneux.fr\/Photoblog\/wp-content\/uploads\/2020\/07\/w_2020_Compostelle__6263601-1.jpg 1280w, http:\/\/www.vinceneux.fr\/Photoblog\/wp-content\/uploads\/2020\/07\/w_2020_Compostelle__6263601-1-900x600.jpg 900w, http:\/\/www.vinceneux.fr\/Photoblog\/wp-content\/uploads\/2020\/07\/w_2020_Compostelle__6263601-1-300x200.jpg 300w\" sizes=\"auto, (max-width: 1280px) 100vw, 1280px\" \/><\/a><figcaption>Estaing et le chateau d&rsquo;un ancien pr\u00e9sident de la r\u00e9publique &#8230; <\/figcaption><\/figure>\n","protected":false},"excerpt":{"rendered":"<p>Aujourd&rsquo;hui beaucoup de tr\u00e8s belles \u00e9glises romanes. Et arriv\u00e9e \u00e0 Estaing sous un ciel d&rsquo;orage qui aura la bonne id\u00e9e d\u2019\u00e9clater ailleurs &#8230;<\/p>\n","protected":false},"author":1,"featured_media":0,"comment_status":"open","ping_status":"open","sticky":false,"template":"","format":"standard","meta":{"_kad_post_transparent":"","_kad_post_title":"","_kad_post_layout":"","_kad_post_sidebar_id":"","_kad_post_content_style":"","_kad_post_vertical_padding":"","_kad_post_feature":"","_kad_post_feature_position":"","_kad_post_header":false,"_kad_post_footer":false,"_kad_post_classname":"","footnotes":""},"categories":[18],"tags":[],"class_list":["post-939","post","type-post","status-publish","format-standard","hentry","category-compostelle"],"_links":{"self":[{"href":"http:\/\/www.vinceneux.fr\/Photoblog\/index.php?rest_route=\/wp\/v2\/posts\/939","targetHints":{"allow":["GET"]}}],"collection":[{"href":"http:\/\/www.vinceneux.fr\/Photoblog\/index.php?rest_route=\/wp\/v2\/posts"}],"about":[{"href":"http:\/\/www.vinceneux.fr\/Photoblog\/index.php?rest_route=\/wp\/v2\/types\/post"}],"author":[{"embeddable":true,"href":"http:\/\/www.vinceneux.fr\/Photoblog\/index.php?rest_route=\/wp\/v2\/users\/1"}],"replies":[{"embeddable":true,"href":"http:\/\/www.vinceneux.fr\/Photoblog\/index.php?rest_route=%2Fwp%2Fv2%2Fcomments&post=939"}],"version-history":[{"count":2,"href":"http:\/\/www.vinceneux.fr\/Photoblog\/index.php?rest_route=\/wp\/v2\/posts\/939\/revisions"}],"predecessor-version":[{"id":953,"href":"http:\/\/www.vinceneux.fr\/Photoblog\/index.php?rest_route=\/wp\/v2\/posts\/939\/revisions\/953"}],"wp:attachment":[{"href":"http:\/\/www.vinceneux.fr\/Photoblog\/index.php?rest_route=%2Fwp%2Fv2%2Fmedia&parent=939"}],"wp:term":[{"taxonomy":"category","embeddable":true,"href":"http:\/\/www.vinceneux.fr\/Photoblog\/index.php?rest_route=%2Fwp%2Fv2%2Fcategories&post=939"},{"taxonomy":"post_tag","embeddable":true,"href":"http:\/\/www.vinceneux.fr\/Photoblog\/index.php?rest_route=%2Fwp%2Fv2%2Ftags&post=939"}],"curies":[{"name":"wp","href":"https:\/\/api.w.org\/{rel}","templated":true}]}}