{"id":892,"date":"2020-07-25T10:49:39","date_gmt":"2020-07-25T08:49:39","guid":{"rendered":"http:\/\/vinceneux.fr\/Photoblog\/?p=892"},"modified":"2020-07-25T10:50:35","modified_gmt":"2020-07-25T08:50:35","slug":"j7-aumont-les-gentianes","status":"publish","type":"post","link":"http:\/\/www.vinceneux.fr\/Photoblog\/?p=892","title":{"rendered":"J7 : Aumont &#8211; Les Gentianes"},"content":{"rendered":"\n<p>En milieu d&rsquo;\u00e9tape, nous commen\u00e7ons \u00e0 entrer en Aubrac : paysages magnifiques et sauvages, d&rsquo;alpages, de troupeaux, de murets de pierres s\u00e8ches : un ravissement, \u00e0 une altitude de plus de 1.000m nous pr\u00e9servant de la canicule ailleurs en France ces jours l\u00e0.<\/p>\n\n\n\n<figure class=\"wp-block-image size-large\"><img loading=\"lazy\" decoding=\"async\" width=\"1024\" height=\"1024\" src=\"http:\/\/vinceneux.fr\/Photoblog\/wp-content\/uploads\/2020\/07\/w_2020_Compostelle__6223170-1024x1024.jpg\" alt=\"\" class=\"wp-image-893\" srcset=\"http:\/\/www.vinceneux.fr\/Photoblog\/wp-content\/uploads\/2020\/07\/w_2020_Compostelle__6223170-1024x1024.jpg 1024w, http:\/\/www.vinceneux.fr\/Photoblog\/wp-content\/uploads\/2020\/07\/w_2020_Compostelle__6223170-600x600.jpg 600w, http:\/\/www.vinceneux.fr\/Photoblog\/wp-content\/uploads\/2020\/07\/w_2020_Compostelle__6223170-200x200.jpg 200w, http:\/\/www.vinceneux.fr\/Photoblog\/wp-content\/uploads\/2020\/07\/w_2020_Compostelle__6223170.jpg 1280w\" sizes=\"auto, (max-width: 1024px) 100vw, 1024px\" \/><\/figure>\n\n\n\n<figure class=\"wp-block-image size-large\"><a href=\"http:\/\/vinceneux.fr\/Photoblog\/wp-content\/uploads\/2020\/07\/w_2020_Compostelle__6233210-1.jpg\" target=\"_blank\" rel=\"noopener noreferrer\"><img loading=\"lazy\" decoding=\"async\" width=\"768\" height=\"1024\" src=\"http:\/\/vinceneux.fr\/Photoblog\/wp-content\/uploads\/2020\/07\/w_2020_Compostelle__6233210-1-768x1024.jpg\" alt=\"\" class=\"wp-image-895\" srcset=\"http:\/\/www.vinceneux.fr\/Photoblog\/wp-content\/uploads\/2020\/07\/w_2020_Compostelle__6233210-1-768x1024.jpg 768w, http:\/\/www.vinceneux.fr\/Photoblog\/wp-content\/uploads\/2020\/07\/w_2020_Compostelle__6233210-1-450x600.jpg 450w, http:\/\/www.vinceneux.fr\/Photoblog\/wp-content\/uploads\/2020\/07\/w_2020_Compostelle__6233210-1-150x200.jpg 150w, http:\/\/www.vinceneux.fr\/Photoblog\/wp-content\/uploads\/2020\/07\/w_2020_Compostelle__6233210-1.jpg 960w\" sizes=\"auto, (max-width: 768px) 100vw, 768px\" \/><\/a><figcaption>Tout seul<\/figcaption><\/figure>\n\n\n\n<figure class=\"wp-block-image size-large\"><a href=\"http:\/\/vinceneux.fr\/Photoblog\/wp-content\/uploads\/2020\/07\/w_2020_Compostelle__6233213.jpg\" target=\"_blank\" rel=\"noopener noreferrer\"><img loading=\"lazy\" decoding=\"async\" width=\"1280\" height=\"853\" src=\"http:\/\/vinceneux.fr\/Photoblog\/wp-content\/uploads\/2020\/07\/w_2020_Compostelle__6233213.jpg\" alt=\"\" class=\"wp-image-896\" srcset=\"http:\/\/www.vinceneux.fr\/Photoblog\/wp-content\/uploads\/2020\/07\/w_2020_Compostelle__6233213.jpg 1280w, http:\/\/www.vinceneux.fr\/Photoblog\/wp-content\/uploads\/2020\/07\/w_2020_Compostelle__6233213-900x600.jpg 900w, http:\/\/www.vinceneux.fr\/Photoblog\/wp-content\/uploads\/2020\/07\/w_2020_Compostelle__6233213-300x200.jpg 300w\" sizes=\"auto, (max-width: 1280px) 100vw, 1280px\" \/><\/a><figcaption>La nature, le goudron et le poteau t\u00e9l\u00e9graphique !<\/figcaption><\/figure>\n\n\n\n<figure class=\"wp-block-image size-large\"><a href=\"http:\/\/vinceneux.fr\/Photoblog\/wp-content\/uploads\/2020\/07\/w_2020_Compostelle__6233219.jpg\" target=\"_blank\" rel=\"noopener noreferrer\"><img loading=\"lazy\" decoding=\"async\" width=\"1280\" height=\"960\" src=\"http:\/\/vinceneux.fr\/Photoblog\/wp-content\/uploads\/2020\/07\/w_2020_Compostelle__6233219.jpg\" alt=\"\" class=\"wp-image-897\" srcset=\"http:\/\/www.vinceneux.fr\/Photoblog\/wp-content\/uploads\/2020\/07\/w_2020_Compostelle__6233219.jpg 1280w, http:\/\/www.vinceneux.fr\/Photoblog\/wp-content\/uploads\/2020\/07\/w_2020_Compostelle__6233219-800x600.jpg 800w, http:\/\/www.vinceneux.fr\/Photoblog\/wp-content\/uploads\/2020\/07\/w_2020_Compostelle__6233219-267x200.jpg 267w\" sizes=\"auto, (max-width: 1280px) 100vw, 1280px\" \/><\/a><\/figure>\n\n\n\n<figure class=\"wp-block-image size-large\"><a href=\"http:\/\/vinceneux.fr\/Photoblog\/wp-content\/uploads\/2020\/07\/w_2020_Compostelle__6233234.jpg\" target=\"_blank\" rel=\"noopener noreferrer\"><img loading=\"lazy\" decoding=\"async\" width=\"1280\" height=\"720\" src=\"http:\/\/vinceneux.fr\/Photoblog\/wp-content\/uploads\/2020\/07\/w_2020_Compostelle__6233234.jpg\" alt=\"\" class=\"wp-image-898\" srcset=\"http:\/\/www.vinceneux.fr\/Photoblog\/wp-content\/uploads\/2020\/07\/w_2020_Compostelle__6233234.jpg 1280w, http:\/\/www.vinceneux.fr\/Photoblog\/wp-content\/uploads\/2020\/07\/w_2020_Compostelle__6233234-900x506.jpg 900w, http:\/\/www.vinceneux.fr\/Photoblog\/wp-content\/uploads\/2020\/07\/w_2020_Compostelle__6233234-300x169.jpg 300w\" sizes=\"auto, (max-width: 1280px) 100vw, 1280px\" \/><\/a><figcaption>les derniers r\u00e9sineux avant les alpages<\/figcaption><\/figure>\n\n\n\n<figure class=\"wp-block-image size-large\"><a href=\"http:\/\/vinceneux.fr\/Photoblog\/wp-content\/uploads\/2020\/07\/w_2020_Compostelle__6233237-1.jpg\" target=\"_blank\" rel=\"noopener noreferrer\"><img loading=\"lazy\" decoding=\"async\" width=\"1280\" height=\"720\" src=\"http:\/\/vinceneux.fr\/Photoblog\/wp-content\/uploads\/2020\/07\/w_2020_Compostelle__6233237-1.jpg\" alt=\"\" class=\"wp-image-900\" srcset=\"http:\/\/www.vinceneux.fr\/Photoblog\/wp-content\/uploads\/2020\/07\/w_2020_Compostelle__6233237-1.jpg 1280w, http:\/\/www.vinceneux.fr\/Photoblog\/wp-content\/uploads\/2020\/07\/w_2020_Compostelle__6233237-1-900x506.jpg 900w, http:\/\/www.vinceneux.fr\/Photoblog\/wp-content\/uploads\/2020\/07\/w_2020_Compostelle__6233237-1-300x169.jpg 300w\" sizes=\"auto, (max-width: 1280px) 100vw, 1280px\" \/><\/a><\/figure>\n\n\n\n<figure class=\"wp-block-image size-large\"><a href=\"http:\/\/vinceneux.fr\/Photoblog\/wp-content\/uploads\/2020\/07\/w_2020_Compostelle__6233241.jpg\" target=\"_blank\" rel=\"noopener noreferrer\"><img loading=\"lazy\" decoding=\"async\" width=\"1280\" height=\"853\" src=\"http:\/\/vinceneux.fr\/Photoblog\/wp-content\/uploads\/2020\/07\/w_2020_Compostelle__6233241.jpg\" alt=\"\" class=\"wp-image-901\" srcset=\"http:\/\/www.vinceneux.fr\/Photoblog\/wp-content\/uploads\/2020\/07\/w_2020_Compostelle__6233241.jpg 1280w, http:\/\/www.vinceneux.fr\/Photoblog\/wp-content\/uploads\/2020\/07\/w_2020_Compostelle__6233241-900x600.jpg 900w, http:\/\/www.vinceneux.fr\/Photoblog\/wp-content\/uploads\/2020\/07\/w_2020_Compostelle__6233241-300x200.jpg 300w\" sizes=\"auto, (max-width: 1280px) 100vw, 1280px\" \/><\/a><figcaption>Les fleurs et les gentianes<\/figcaption><\/figure>\n","protected":false},"excerpt":{"rendered":"<p>En milieu d&rsquo;\u00e9tape, nous commen\u00e7ons \u00e0 entrer en Aubrac : paysages magnifiques et sauvages, d&rsquo;alpages, de troupeaux, de murets de pierres s\u00e8ches : un ravissement, \u00e0 une altitude de plus de 1.000m nous pr\u00e9servant de la canicule ailleurs en France ces jours l\u00e0.<\/p>\n","protected":false},"author":1,"featured_media":0,"comment_status":"open","ping_status":"open","sticky":false,"template":"","format":"standard","meta":{"_kad_post_transparent":"","_kad_post_title":"","_kad_post_layout":"","_kad_post_sidebar_id":"","_kad_post_content_style":"","_kad_post_vertical_padding":"","_kad_post_feature":"","_kad_post_feature_position":"","_kad_post_header":false,"_kad_post_footer":false,"_kad_post_classname":"","footnotes":""},"categories":[18],"tags":[],"class_list":["post-892","post","type-post","status-publish","format-standard","hentry","category-compostelle"],"_links":{"self":[{"href":"http:\/\/www.vinceneux.fr\/Photoblog\/index.php?rest_route=\/wp\/v2\/posts\/892","targetHints":{"allow":["GET"]}}],"collection":[{"href":"http:\/\/www.vinceneux.fr\/Photoblog\/index.php?rest_route=\/wp\/v2\/posts"}],"about":[{"href":"http:\/\/www.vinceneux.fr\/Photoblog\/index.php?rest_route=\/wp\/v2\/types\/post"}],"author":[{"embeddable":true,"href":"http:\/\/www.vinceneux.fr\/Photoblog\/index.php?rest_route=\/wp\/v2\/users\/1"}],"replies":[{"embeddable":true,"href":"http:\/\/www.vinceneux.fr\/Photoblog\/index.php?rest_route=%2Fwp%2Fv2%2Fcomments&post=892"}],"version-history":[{"count":1,"href":"http:\/\/www.vinceneux.fr\/Photoblog\/index.php?rest_route=\/wp\/v2\/posts\/892\/revisions"}],"predecessor-version":[{"id":902,"href":"http:\/\/www.vinceneux.fr\/Photoblog\/index.php?rest_route=\/wp\/v2\/posts\/892\/revisions\/902"}],"wp:attachment":[{"href":"http:\/\/www.vinceneux.fr\/Photoblog\/index.php?rest_route=%2Fwp%2Fv2%2Fmedia&parent=892"}],"wp:term":[{"taxonomy":"category","embeddable":true,"href":"http:\/\/www.vinceneux.fr\/Photoblog\/index.php?rest_route=%2Fwp%2Fv2%2Fcategories&post=892"},{"taxonomy":"post_tag","embeddable":true,"href":"http:\/\/www.vinceneux.fr\/Photoblog\/index.php?rest_route=%2Fwp%2Fv2%2Ftags&post=892"}],"curies":[{"name":"wp","href":"https:\/\/api.w.org\/{rel}","templated":true}]}}