{"id":854,"date":"2020-07-23T09:46:21","date_gmt":"2020-07-23T07:46:21","guid":{"rendered":"http:\/\/vinceneux.fr\/Photoblog\/?p=854"},"modified":"2020-07-23T14:35:13","modified_gmt":"2020-07-23T12:35:13","slug":"j5-chanaleilles-st-alban","status":"publish","type":"post","link":"http:\/\/www.vinceneux.fr\/Photoblog\/?p=854","title":{"rendered":"J5 : Chanaleilles &#8211; St Alban"},"content":{"rendered":"\n<p>Paysages sauvages d&rsquo;une grande beaut\u00e9, en passant par le Domaine du Sauvage (site cr\u00e9\u00e9 par les Templiers), puis jusqu&rsquo;\u00e0 St Alban-sur-Limagnole. Village connu pour l&rsquo;action de Lucien Bonnaf\u00e9, cr\u00e9ateur de l\u2019h\u00f4pital Psychiatrique, o\u00f9 il d\u00e9couvrit l&rsquo;Art Brut, et y cacha Paul \u00c9luard pendant la guerre. <\/p>\n\n\n\n<figure class=\"wp-block-image\"><a href=\"http:\/\/vinceneux.fr\/Photoblog\/wp-content\/uploads\/2020\/07\/w_2020_Compostelle__6213007.jpg\" target=\"_blank\" rel=\"noopener noreferrer\"><img loading=\"lazy\" decoding=\"async\" width=\"1024\" height=\"1024\" src=\"http:\/\/vinceneux.fr\/Photoblog\/wp-content\/uploads\/2020\/07\/w_2020_Compostelle__6213007-1024x1024.jpg\" alt=\"\" class=\"wp-image-855\" srcset=\"http:\/\/www.vinceneux.fr\/Photoblog\/wp-content\/uploads\/2020\/07\/w_2020_Compostelle__6213007-1024x1024.jpg 1024w, http:\/\/www.vinceneux.fr\/Photoblog\/wp-content\/uploads\/2020\/07\/w_2020_Compostelle__6213007-600x600.jpg 600w, http:\/\/www.vinceneux.fr\/Photoblog\/wp-content\/uploads\/2020\/07\/w_2020_Compostelle__6213007-200x200.jpg 200w, http:\/\/www.vinceneux.fr\/Photoblog\/wp-content\/uploads\/2020\/07\/w_2020_Compostelle__6213007.jpg 1280w\" sizes=\"auto, (max-width: 1024px) 100vw, 1024px\" \/><\/a><figcaption>La Margeride<\/figcaption><\/figure>\n\n\n\n<figure class=\"wp-block-image size-large\"><a href=\"http:\/\/vinceneux.fr\/Photoblog\/wp-content\/uploads\/2020\/07\/w_2020_Compostelle__6213013.jpg\" target=\"_blank\" rel=\"noopener noreferrer\"><img loading=\"lazy\" decoding=\"async\" width=\"1280\" height=\"720\" src=\"http:\/\/vinceneux.fr\/Photoblog\/wp-content\/uploads\/2020\/07\/w_2020_Compostelle__6213013.jpg\" alt=\"\" class=\"wp-image-856\" srcset=\"http:\/\/www.vinceneux.fr\/Photoblog\/wp-content\/uploads\/2020\/07\/w_2020_Compostelle__6213013.jpg 1280w, http:\/\/www.vinceneux.fr\/Photoblog\/wp-content\/uploads\/2020\/07\/w_2020_Compostelle__6213013-900x506.jpg 900w, http:\/\/www.vinceneux.fr\/Photoblog\/wp-content\/uploads\/2020\/07\/w_2020_Compostelle__6213013-300x169.jpg 300w\" sizes=\"auto, (max-width: 1280px) 100vw, 1280px\" \/><\/a><figcaption>Juste avant la ferme du Sauvage<\/figcaption><\/figure>\n\n\n\n<figure class=\"wp-block-image size-large\"><a href=\"http:\/\/vinceneux.fr\/Photoblog\/wp-content\/uploads\/2020\/07\/w_2020_Compostelle__6213033.jpg\" target=\"_blank\" rel=\"noopener noreferrer\"><img loading=\"lazy\" decoding=\"async\" width=\"1280\" height=\"960\" src=\"http:\/\/vinceneux.fr\/Photoblog\/wp-content\/uploads\/2020\/07\/w_2020_Compostelle__6213033.jpg\" alt=\"\" class=\"wp-image-857\" srcset=\"http:\/\/www.vinceneux.fr\/Photoblog\/wp-content\/uploads\/2020\/07\/w_2020_Compostelle__6213033.jpg 1280w, http:\/\/www.vinceneux.fr\/Photoblog\/wp-content\/uploads\/2020\/07\/w_2020_Compostelle__6213033-800x600.jpg 800w, http:\/\/www.vinceneux.fr\/Photoblog\/wp-content\/uploads\/2020\/07\/w_2020_Compostelle__6213033-267x200.jpg 267w\" sizes=\"auto, (max-width: 1280px) 100vw, 1280px\" \/><\/a><\/figure>\n\n\n\n<figure class=\"wp-block-image size-large\"><a href=\"http:\/\/vinceneux.fr\/Photoblog\/wp-content\/uploads\/2020\/07\/w_2020_Compostelle__6213073.jpg\" target=\"_blank\" rel=\"noopener noreferrer\"><img loading=\"lazy\" decoding=\"async\" width=\"1280\" height=\"720\" src=\"http:\/\/vinceneux.fr\/Photoblog\/wp-content\/uploads\/2020\/07\/w_2020_Compostelle__6213073.jpg\" alt=\"\" class=\"wp-image-858\" srcset=\"http:\/\/www.vinceneux.fr\/Photoblog\/wp-content\/uploads\/2020\/07\/w_2020_Compostelle__6213073.jpg 1280w, http:\/\/www.vinceneux.fr\/Photoblog\/wp-content\/uploads\/2020\/07\/w_2020_Compostelle__6213073-900x506.jpg 900w, http:\/\/www.vinceneux.fr\/Photoblog\/wp-content\/uploads\/2020\/07\/w_2020_Compostelle__6213073-300x169.jpg 300w\" sizes=\"auto, (max-width: 1280px) 100vw, 1280px\" \/><\/a><\/figure>\n\n\n\n<figure class=\"wp-block-image size-large\"><a href=\"http:\/\/vinceneux.fr\/Photoblog\/wp-content\/uploads\/2020\/07\/w_2020_Compostelle__6213066.jpg\" target=\"_blank\" rel=\"noopener noreferrer\"><img loading=\"lazy\" decoding=\"async\" width=\"707\" height=\"1024\" src=\"http:\/\/vinceneux.fr\/Photoblog\/wp-content\/uploads\/2020\/07\/w_2020_Compostelle__6213066-707x1024.jpg\" alt=\"\" class=\"wp-image-859\" srcset=\"http:\/\/www.vinceneux.fr\/Photoblog\/wp-content\/uploads\/2020\/07\/w_2020_Compostelle__6213066-707x1024.jpg 707w, http:\/\/www.vinceneux.fr\/Photoblog\/wp-content\/uploads\/2020\/07\/w_2020_Compostelle__6213066-414x600.jpg 414w, http:\/\/www.vinceneux.fr\/Photoblog\/wp-content\/uploads\/2020\/07\/w_2020_Compostelle__6213066-138x200.jpg 138w, http:\/\/www.vinceneux.fr\/Photoblog\/wp-content\/uploads\/2020\/07\/w_2020_Compostelle__6213066.jpg 884w\" sizes=\"auto, (max-width: 707px) 100vw, 707px\" \/><\/a><figcaption>A lire &#8230;<\/figcaption><\/figure>\n\n\n\n<figure class=\"wp-block-image size-large\"><a href=\"http:\/\/vinceneux.fr\/Photoblog\/wp-content\/uploads\/2020\/07\/w_2020_Compostelle__6223098.jpg\" target=\"_blank\" rel=\"noopener noreferrer\"><img loading=\"lazy\" decoding=\"async\" width=\"1280\" height=\"853\" src=\"http:\/\/vinceneux.fr\/Photoblog\/wp-content\/uploads\/2020\/07\/w_2020_Compostelle__6223098.jpg\" alt=\"\" class=\"wp-image-860\" srcset=\"http:\/\/www.vinceneux.fr\/Photoblog\/wp-content\/uploads\/2020\/07\/w_2020_Compostelle__6223098.jpg 1280w, http:\/\/www.vinceneux.fr\/Photoblog\/wp-content\/uploads\/2020\/07\/w_2020_Compostelle__6223098-900x600.jpg 900w, http:\/\/www.vinceneux.fr\/Photoblog\/wp-content\/uploads\/2020\/07\/w_2020_Compostelle__6223098-300x200.jpg 300w\" sizes=\"auto, (max-width: 1280px) 100vw, 1280px\" \/><\/a><figcaption>Le g\u00eete tenu par une bretonne de Belle-Ile <\/figcaption><\/figure>\n","protected":false},"excerpt":{"rendered":"<p>Paysages sauvages d&rsquo;une grande beaut\u00e9, en passant par le Domaine du Sauvage (site cr\u00e9\u00e9 par les Templiers), puis jusqu&rsquo;\u00e0 St Alban-sur-Limagnole. Village connu pour l&rsquo;action de Lucien Bonnaf\u00e9, cr\u00e9ateur de l\u2019h\u00f4pital Psychiatrique, o\u00f9 il d\u00e9couvrit l&rsquo;Art Brut, et y cacha Paul \u00c9luard pendant la guerre.<\/p>\n","protected":false},"author":1,"featured_media":0,"comment_status":"open","ping_status":"open","sticky":false,"template":"","format":"standard","meta":{"_kad_post_transparent":"","_kad_post_title":"","_kad_post_layout":"","_kad_post_sidebar_id":"","_kad_post_content_style":"","_kad_post_vertical_padding":"","_kad_post_feature":"","_kad_post_feature_position":"","_kad_post_header":false,"_kad_post_footer":false,"_kad_post_classname":"","footnotes":""},"categories":[18],"tags":[],"class_list":["post-854","post","type-post","status-publish","format-standard","hentry","category-compostelle"],"_links":{"self":[{"href":"http:\/\/www.vinceneux.fr\/Photoblog\/index.php?rest_route=\/wp\/v2\/posts\/854","targetHints":{"allow":["GET"]}}],"collection":[{"href":"http:\/\/www.vinceneux.fr\/Photoblog\/index.php?rest_route=\/wp\/v2\/posts"}],"about":[{"href":"http:\/\/www.vinceneux.fr\/Photoblog\/index.php?rest_route=\/wp\/v2\/types\/post"}],"author":[{"embeddable":true,"href":"http:\/\/www.vinceneux.fr\/Photoblog\/index.php?rest_route=\/wp\/v2\/users\/1"}],"replies":[{"embeddable":true,"href":"http:\/\/www.vinceneux.fr\/Photoblog\/index.php?rest_route=%2Fwp%2Fv2%2Fcomments&post=854"}],"version-history":[{"count":5,"href":"http:\/\/www.vinceneux.fr\/Photoblog\/index.php?rest_route=\/wp\/v2\/posts\/854\/revisions"}],"predecessor-version":[{"id":865,"href":"http:\/\/www.vinceneux.fr\/Photoblog\/index.php?rest_route=\/wp\/v2\/posts\/854\/revisions\/865"}],"wp:attachment":[{"href":"http:\/\/www.vinceneux.fr\/Photoblog\/index.php?rest_route=%2Fwp%2Fv2%2Fmedia&parent=854"}],"wp:term":[{"taxonomy":"category","embeddable":true,"href":"http:\/\/www.vinceneux.fr\/Photoblog\/index.php?rest_route=%2Fwp%2Fv2%2Fcategories&post=854"},{"taxonomy":"post_tag","embeddable":true,"href":"http:\/\/www.vinceneux.fr\/Photoblog\/index.php?rest_route=%2Fwp%2Fv2%2Ftags&post=854"}],"curies":[{"name":"wp","href":"https:\/\/api.w.org\/{rel}","templated":true}]}}