{"id":809,"date":"2020-07-18T20:21:09","date_gmt":"2020-07-18T18:21:09","guid":{"rendered":"http:\/\/vinceneux.fr\/Photoblog\/?p=809"},"modified":"2020-07-23T14:39:05","modified_gmt":"2020-07-23T12:39:05","slug":"compostelle","status":"publish","type":"post","link":"http:\/\/www.vinceneux.fr\/Photoblog\/?p=809","title":{"rendered":"Compostelle : jour J0"},"content":{"rendered":"\n<p>Le chemin de St jacques de Compostelle, au d\u00e9part du Puy en Velay, avec pour premier objectif cette ann\u00e9e 2020, Figeac (250 km).<\/p>\n\n\n\n<p>Le puy en Velay : Jour J0 <\/p>\n\n\n\n<figure class=\"wp-block-image size-large\"><a href=\"http:\/\/vinceneux.fr\/Photoblog\/wp-content\/uploads\/2020\/07\/w_2020_Compostelle__6162686.jpg\" target=\"_blank\" rel=\"noopener noreferrer\"><img loading=\"lazy\" decoding=\"async\" width=\"768\" height=\"1024\" src=\"http:\/\/vinceneux.fr\/Photoblog\/wp-content\/uploads\/2020\/07\/w_2020_Compostelle__6162686-768x1024.jpg\" alt=\"\" class=\"wp-image-817\" srcset=\"http:\/\/www.vinceneux.fr\/Photoblog\/wp-content\/uploads\/2020\/07\/w_2020_Compostelle__6162686-768x1024.jpg 768w, http:\/\/www.vinceneux.fr\/Photoblog\/wp-content\/uploads\/2020\/07\/w_2020_Compostelle__6162686-450x600.jpg 450w, http:\/\/www.vinceneux.fr\/Photoblog\/wp-content\/uploads\/2020\/07\/w_2020_Compostelle__6162686-150x200.jpg 150w, http:\/\/www.vinceneux.fr\/Photoblog\/wp-content\/uploads\/2020\/07\/w_2020_Compostelle__6162686.jpg 960w\" sizes=\"auto, (max-width: 768px) 100vw, 768px\" \/><\/a><figcaption>La chapelle Saint-Michel d&rsquo;<a href=\"https:\/\/fr.wikipedia.org\/wiki\/Aiguilhe\">Aiguilhe<\/a>.<\/figcaption><\/figure>\n\n\n\n<figure class=\"wp-block-image size-large\"><a href=\"http:\/\/vinceneux.fr\/Photoblog\/wp-content\/uploads\/2020\/07\/w_2020_Compostelle__6162729.jpg\" target=\"_blank\" rel=\"noopener noreferrer\"><img loading=\"lazy\" decoding=\"async\" width=\"1024\" height=\"1024\" src=\"http:\/\/vinceneux.fr\/Photoblog\/wp-content\/uploads\/2020\/07\/w_2020_Compostelle__6162729-1024x1024.jpg\" alt=\"\" class=\"wp-image-810\" srcset=\"http:\/\/www.vinceneux.fr\/Photoblog\/wp-content\/uploads\/2020\/07\/w_2020_Compostelle__6162729-1024x1024.jpg 1024w, http:\/\/www.vinceneux.fr\/Photoblog\/wp-content\/uploads\/2020\/07\/w_2020_Compostelle__6162729-600x600.jpg 600w, http:\/\/www.vinceneux.fr\/Photoblog\/wp-content\/uploads\/2020\/07\/w_2020_Compostelle__6162729-200x200.jpg 200w, http:\/\/www.vinceneux.fr\/Photoblog\/wp-content\/uploads\/2020\/07\/w_2020_Compostelle__6162729.jpg 1280w\" sizes=\"auto, (max-width: 1024px) 100vw, 1024px\" \/><\/a><figcaption>Le Puy en Velay : la Cath\u00e9drale<\/figcaption><\/figure>\n\n\n\n<figure class=\"wp-block-image size-large\"><a href=\"http:\/\/vinceneux.fr\/Photoblog\/wp-content\/uploads\/2020\/07\/w_2020_Compostelle__6162673.jpg\" target=\"_blank\" rel=\"noopener noreferrer\"><img loading=\"lazy\" decoding=\"async\" width=\"768\" height=\"1024\" src=\"http:\/\/vinceneux.fr\/Photoblog\/wp-content\/uploads\/2020\/07\/w_2020_Compostelle__6162673-768x1024.jpg\" alt=\"\" class=\"wp-image-811\" srcset=\"http:\/\/www.vinceneux.fr\/Photoblog\/wp-content\/uploads\/2020\/07\/w_2020_Compostelle__6162673-768x1024.jpg 768w, http:\/\/www.vinceneux.fr\/Photoblog\/wp-content\/uploads\/2020\/07\/w_2020_Compostelle__6162673-450x600.jpg 450w, http:\/\/www.vinceneux.fr\/Photoblog\/wp-content\/uploads\/2020\/07\/w_2020_Compostelle__6162673-150x200.jpg 150w, http:\/\/www.vinceneux.fr\/Photoblog\/wp-content\/uploads\/2020\/07\/w_2020_Compostelle__6162673.jpg 960w\" sizes=\"auto, (max-width: 768px) 100vw, 768px\" \/><\/a><figcaption>D\u00e9part depuis l&rsquo;int\u00e9rieur de la Cath\u00e9drale<\/figcaption><\/figure>\n\n\n\n<figure class=\"wp-block-image size-full\"><a href=\"http:\/\/vinceneux.fr\/Photoblog\/wp-content\/uploads\/2020\/07\/w_2020_Compostelle__6172754.jpg\" target=\"_blank\" rel=\"noopener noreferrer\"><img loading=\"lazy\" decoding=\"async\" width=\"1280\" height=\"853\" src=\"http:\/\/vinceneux.fr\/Photoblog\/wp-content\/uploads\/2020\/07\/w_2020_Compostelle__6172754.jpg\" alt=\"\" class=\"wp-image-812\" srcset=\"http:\/\/www.vinceneux.fr\/Photoblog\/wp-content\/uploads\/2020\/07\/w_2020_Compostelle__6172754.jpg 1280w, http:\/\/www.vinceneux.fr\/Photoblog\/wp-content\/uploads\/2020\/07\/w_2020_Compostelle__6172754-900x600.jpg 900w, http:\/\/www.vinceneux.fr\/Photoblog\/wp-content\/uploads\/2020\/07\/w_2020_Compostelle__6172754-300x200.jpg 300w\" sizes=\"auto, (max-width: 1280px) 100vw, 1280px\" \/><\/a><figcaption>Le d\u00e9but du Chemin de Compostelle<\/figcaption><\/figure>\n","protected":false},"excerpt":{"rendered":"<p>Le chemin de St jacques de Compostelle, au d\u00e9part du Puy en Velay, avec pour premier objectif cette ann\u00e9e 2020, Figeac (250 km). Le puy en Velay : Jour J0<\/p>\n","protected":false},"author":1,"featured_media":0,"comment_status":"open","ping_status":"open","sticky":false,"template":"","format":"standard","meta":{"_kad_post_transparent":"","_kad_post_title":"","_kad_post_layout":"","_kad_post_sidebar_id":"","_kad_post_content_style":"","_kad_post_vertical_padding":"","_kad_post_feature":"","_kad_post_feature_position":"","_kad_post_header":false,"_kad_post_footer":false,"_kad_post_classname":"","footnotes":""},"categories":[18],"tags":[],"class_list":["post-809","post","type-post","status-publish","format-standard","hentry","category-compostelle"],"_links":{"self":[{"href":"http:\/\/www.vinceneux.fr\/Photoblog\/index.php?rest_route=\/wp\/v2\/posts\/809","targetHints":{"allow":["GET"]}}],"collection":[{"href":"http:\/\/www.vinceneux.fr\/Photoblog\/index.php?rest_route=\/wp\/v2\/posts"}],"about":[{"href":"http:\/\/www.vinceneux.fr\/Photoblog\/index.php?rest_route=\/wp\/v2\/types\/post"}],"author":[{"embeddable":true,"href":"http:\/\/www.vinceneux.fr\/Photoblog\/index.php?rest_route=\/wp\/v2\/users\/1"}],"replies":[{"embeddable":true,"href":"http:\/\/www.vinceneux.fr\/Photoblog\/index.php?rest_route=%2Fwp%2Fv2%2Fcomments&post=809"}],"version-history":[{"count":5,"href":"http:\/\/www.vinceneux.fr\/Photoblog\/index.php?rest_route=\/wp\/v2\/posts\/809\/revisions"}],"predecessor-version":[{"id":870,"href":"http:\/\/www.vinceneux.fr\/Photoblog\/index.php?rest_route=\/wp\/v2\/posts\/809\/revisions\/870"}],"wp:attachment":[{"href":"http:\/\/www.vinceneux.fr\/Photoblog\/index.php?rest_route=%2Fwp%2Fv2%2Fmedia&parent=809"}],"wp:term":[{"taxonomy":"category","embeddable":true,"href":"http:\/\/www.vinceneux.fr\/Photoblog\/index.php?rest_route=%2Fwp%2Fv2%2Fcategories&post=809"},{"taxonomy":"post_tag","embeddable":true,"href":"http:\/\/www.vinceneux.fr\/Photoblog\/index.php?rest_route=%2Fwp%2Fv2%2Ftags&post=809"}],"curies":[{"name":"wp","href":"https:\/\/api.w.org\/{rel}","templated":true}]}}