{"id":555,"date":"2019-04-29T10:51:55","date_gmt":"2019-04-29T08:51:55","guid":{"rendered":"http:\/\/vinceneux.fr\/Photoblog\/?p=555"},"modified":"2019-04-29T10:53:57","modified_gmt":"2019-04-29T08:53:57","slug":"mon-livre-balade-en-bleu-en-librairie-a-nantes","status":"publish","type":"post","link":"http:\/\/www.vinceneux.fr\/Photoblog\/?p=555","title":{"rendered":"Mon livre \u00ab\u00a0Balade en bleu\u00a0\u00bb en librairie \u00e0 Nantes"},"content":{"rendered":"<p>&nbsp;<\/p>\n<p><a href=\"http:\/\/vinceneux.fr\/Photoblog\/wp-content\/uploads\/2019\/04\/w_Couv_Balade_en_bleu_expo.jpg\" rel=\"attachment wp-att-556\"><img loading=\"lazy\" decoding=\"async\" class=\"aligncenter wp-image-556 size-full\" src=\"http:\/\/vinceneux.fr\/Photoblog\/wp-content\/uploads\/2019\/04\/w_Couv_Balade_en_bleu_expo.jpg\" alt=\"Couverture livre &quot;Balade en bleu&quot;\" width=\"3775\" height=\"2364\" srcset=\"http:\/\/www.vinceneux.fr\/Photoblog\/wp-content\/uploads\/2019\/04\/w_Couv_Balade_en_bleu_expo.jpg 3775w, http:\/\/www.vinceneux.fr\/Photoblog\/wp-content\/uploads\/2019\/04\/w_Couv_Balade_en_bleu_expo-300x188.jpg 300w, http:\/\/www.vinceneux.fr\/Photoblog\/wp-content\/uploads\/2019\/04\/w_Couv_Balade_en_bleu_expo-900x564.jpg 900w, http:\/\/www.vinceneux.fr\/Photoblog\/wp-content\/uploads\/2019\/04\/w_Couv_Balade_en_bleu_expo-1600x1002.jpg 1600w\" sizes=\"auto, (max-width: 3775px) 100vw, 3775px\" \/><\/a><\/p>\n<p>Couverture livre \u00ab\u00a0Balade en bleu\u00a0\u00bb : Une palette de 170kg m&rsquo;attendait en bas de chez moi\u00a0 : un grand moment de stress pour la r\u00e9ception des exemplaires de mon livre \u00ab\u00a0Balade en bleu\u00a0\u00bb : Mais que du bonheur apr\u00e8s une bonne su\u00e9e &#8230;<\/p>\n<p>Il est maintenant en librairie \u00e0 Nantes, et bient\u00f4t aussi \u00e0 Minorque. Beaucoup de travail, mais le r\u00e9sultat est l\u00e0, gr\u00e2ce aussi \u00e0 la belle impression offset des imprimeries Escourbiac. Les couvertures :<\/p>\n<figure id=\"attachment_557\" aria-describedby=\"caption-attachment-557\" style=\"width: 3601px\" class=\"wp-caption aligncenter\"><a href=\"http:\/\/vinceneux.fr\/Photoblog\/wp-content\/uploads\/2019\/04\/w_Couv_Balade_en_bleu_expo_2.jpg\" rel=\"attachment wp-att-557\"><img loading=\"lazy\" decoding=\"async\" class=\"wp-image-557 size-full\" src=\"http:\/\/vinceneux.fr\/Photoblog\/wp-content\/uploads\/2019\/04\/w_Couv_Balade_en_bleu_expo_2.jpg\" alt=\"\" width=\"3601\" height=\"2448\" srcset=\"http:\/\/www.vinceneux.fr\/Photoblog\/wp-content\/uploads\/2019\/04\/w_Couv_Balade_en_bleu_expo_2.jpg 3601w, http:\/\/www.vinceneux.fr\/Photoblog\/wp-content\/uploads\/2019\/04\/w_Couv_Balade_en_bleu_expo_2-294x200.jpg 294w, http:\/\/www.vinceneux.fr\/Photoblog\/wp-content\/uploads\/2019\/04\/w_Couv_Balade_en_bleu_expo_2-883x600.jpg 883w, http:\/\/www.vinceneux.fr\/Photoblog\/wp-content\/uploads\/2019\/04\/w_Couv_Balade_en_bleu_expo_2-1506x1024.jpg 1506w\" sizes=\"auto, (max-width: 3601px) 100vw, 3601px\" \/><\/a><figcaption id=\"caption-attachment-557\" class=\"wp-caption-text\">4\u00e8me de couverture du livre \u00ab\u00a0Balade en bleu\u00a0\u00bb<\/figcaption><\/figure>\n<p>&nbsp;<\/p>\n<p>&nbsp;<\/p>\n","protected":false},"excerpt":{"rendered":"<p>&nbsp; Couverture livre \u00ab\u00a0Balade en bleu\u00a0\u00bb : Une palette de 170kg m&rsquo;attendait en bas de chez moi\u00a0 : un grand moment de stress pour la r\u00e9ception des exemplaires de mon livre \u00ab\u00a0Balade en bleu\u00a0\u00bb : Mais que du bonheur apr\u00e8s une bonne su\u00e9e &#8230; Il est maintenant en librairie \u00e0 Nantes, et bient\u00f4t aussi \u00e0&#8230;<\/p>\n","protected":false},"author":1,"featured_media":0,"comment_status":"open","ping_status":"open","sticky":false,"template":"","format":"standard","meta":{"_kad_post_transparent":"","_kad_post_title":"","_kad_post_layout":"","_kad_post_sidebar_id":"","_kad_post_content_style":"","_kad_post_vertical_padding":"","_kad_post_feature":"","_kad_post_feature_position":"","_kad_post_header":false,"_kad_post_footer":false,"_kad_post_classname":"","footnotes":""},"categories":[8,14,17,3],"tags":[],"class_list":["post-555","post","type-post","status-publish","format-standard","hentry","category-au_fil_de_l_eau","category-espagne","category-livre-de-b-vinceneux","category-minorque"],"_links":{"self":[{"href":"http:\/\/www.vinceneux.fr\/Photoblog\/index.php?rest_route=\/wp\/v2\/posts\/555","targetHints":{"allow":["GET"]}}],"collection":[{"href":"http:\/\/www.vinceneux.fr\/Photoblog\/index.php?rest_route=\/wp\/v2\/posts"}],"about":[{"href":"http:\/\/www.vinceneux.fr\/Photoblog\/index.php?rest_route=\/wp\/v2\/types\/post"}],"author":[{"embeddable":true,"href":"http:\/\/www.vinceneux.fr\/Photoblog\/index.php?rest_route=\/wp\/v2\/users\/1"}],"replies":[{"embeddable":true,"href":"http:\/\/www.vinceneux.fr\/Photoblog\/index.php?rest_route=%2Fwp%2Fv2%2Fcomments&post=555"}],"version-history":[{"count":3,"href":"http:\/\/www.vinceneux.fr\/Photoblog\/index.php?rest_route=\/wp\/v2\/posts\/555\/revisions"}],"predecessor-version":[{"id":560,"href":"http:\/\/www.vinceneux.fr\/Photoblog\/index.php?rest_route=\/wp\/v2\/posts\/555\/revisions\/560"}],"wp:attachment":[{"href":"http:\/\/www.vinceneux.fr\/Photoblog\/index.php?rest_route=%2Fwp%2Fv2%2Fmedia&parent=555"}],"wp:term":[{"taxonomy":"category","embeddable":true,"href":"http:\/\/www.vinceneux.fr\/Photoblog\/index.php?rest_route=%2Fwp%2Fv2%2Fcategories&post=555"},{"taxonomy":"post_tag","embeddable":true,"href":"http:\/\/www.vinceneux.fr\/Photoblog\/index.php?rest_route=%2Fwp%2Fv2%2Ftags&post=555"}],"curies":[{"name":"wp","href":"https:\/\/api.w.org\/{rel}","templated":true}]}}