{"id":545,"date":"2019-03-31T11:21:58","date_gmt":"2019-03-31T09:21:58","guid":{"rendered":"http:\/\/vinceneux.fr\/Photoblog\/?p=545"},"modified":"2019-03-31T11:27:30","modified_gmt":"2019-03-31T09:27:30","slug":"exposition-balade-en-bleu-a-nantes","status":"publish","type":"post","link":"http:\/\/www.vinceneux.fr\/Photoblog\/?p=545","title":{"rendered":"Exposition \u00ab\u00a0Balade en bleu\u00a0\u00bb \u00e0 Nantes"},"content":{"rendered":"<p><a href=\"http:\/\/vinceneux.fr\/Photoblog\/?attachment_id=546\" rel=\"attachment wp-att-546\"><img loading=\"lazy\" decoding=\"async\" class=\"alignleft size-full wp-image-546\" src=\"http:\/\/vinceneux.fr\/Photoblog\/wp-content\/uploads\/2019\/03\/w_2016_Minorque_IMG_8801.jpg\" alt=\"\" width=\"1200\" height=\"675\" srcset=\"http:\/\/www.vinceneux.fr\/Photoblog\/wp-content\/uploads\/2019\/03\/w_2016_Minorque_IMG_8801.jpg 1200w, http:\/\/www.vinceneux.fr\/Photoblog\/wp-content\/uploads\/2019\/03\/w_2016_Minorque_IMG_8801-300x169.jpg 300w, http:\/\/www.vinceneux.fr\/Photoblog\/wp-content\/uploads\/2019\/03\/w_2016_Minorque_IMG_8801-900x506.jpg 900w\" sizes=\"auto, (max-width: 1200px) 100vw, 1200px\" \/><\/a><\/p>\n<p>Je viens d&rsquo;accrocher ma nouvelle exposition \u00ab\u00a0Balade en bleu\u00a0\u00bb<br class=\"autobr\" \/> au <strong>CIC Iberbanco <\/strong> 17 Route de Paris, au <strong>1er \u00e9tage<\/strong>, \u00e0 Nantes <img loading=\"lazy\" decoding=\"async\" class=\"br-auto\" title=\"Retour ligne automatique\" src=\"http:\/\/www.photoclubnantais.fr\/local\/cache-vignettes\/L10xH10\/br-auto-10-8beb9.png?1539557595\" alt=\"Retour ligne automatique\" width=\"10\" height=\"10\" \/><br class=\"autobr\" \/> (en face la station service de <strong>Paridis<\/strong>, \u00e0 gauche en sortant de la ville) <img loading=\"lazy\" decoding=\"async\" class=\"br-auto\" title=\"Retour ligne automatique\" src=\"http:\/\/www.photoclubnantais.fr\/local\/cache-vignettes\/L10xH10\/br-auto-10-8beb9.png?1539557595\" alt=\"Retour ligne automatique\" width=\"10\" height=\"10\" \/><br class=\"autobr\" \/> <strong>du 02 avril au 26 avril<\/strong> <strong>2019<\/strong> aux horaires d\u2019ouverture de la banque CIC Iberbanco (entr\u00e9e sur le c\u00f4t\u00e9 droit de la fa\u00e7ade sur rue) <strong> au 1er \u00e9tage<\/strong> (voir photos du lieu ci-dessous)\u00a0: <img loading=\"lazy\" decoding=\"async\" class=\"br-manuel\" title=\"Retour ligne manuel\" src=\"http:\/\/www.photoclubnantais.fr\/local\/cache-vignettes\/L10xH10\/br-manuel-10-418b3.png?1539557595\" alt=\"Retour ligne manuel\" width=\"10\" height=\"10\" \/><br \/>\n<img loading=\"lazy\" decoding=\"async\" class=\"puce\" src=\"http:\/\/www.photoclubnantais.fr\/local\/cache-vignettes\/L16xH14\/puce_prive-07a10.gif?1539557595\" alt=\"-\" width=\"16\" height=\"14\" \/>\u00a0Du Mardi au Vendredi :8h45-12h30 | 13h30-18h00 <img loading=\"lazy\" decoding=\"async\" class=\"br-manuel\" title=\"Retour ligne manuel\" src=\"http:\/\/www.photoclubnantais.fr\/local\/cache-vignettes\/L10xH10\/br-manuel-10-418b3.png?1539557595\" alt=\"Retour ligne manuel\" width=\"10\" height=\"10\" \/><br \/>\n<img loading=\"lazy\" decoding=\"async\" class=\"puce\" src=\"http:\/\/www.photoclubnantais.fr\/local\/cache-vignettes\/L16xH14\/puce_prive-07a10.gif?1539557595\" alt=\"-\" width=\"16\" height=\"14\" \/>\u00a0Le Samedi\u00a0: 8h45-12h30<\/p>\n<p>Des photos nouvelles, et un livre prochainement sur le m\u00eame th\u00e8me.<\/p>\n<div class=\"crayon article-texte-860 texte\" dir=\"ltr\">\n<p>\u00ab\u00a0<em>Aux Bal\u00e9ares, \u00e0 Minorque, nageant avec palmes, masque, tuba, muni de mon appareil photo et de son caisson \u00e9tanche, mon univers se limite soudain \u00e0 ce mince espace de transition entre l\u2019eau et l\u2019air, \u00e0 ce paysage \u00e0 hauteur de masque.<img loading=\"lazy\" decoding=\"async\" class=\"br-auto\" title=\"Retour ligne automatique\" src=\"http:\/\/www.photoclubnantais.fr\/local\/cache-vignettes\/L10xH10\/br-auto-10-8beb9.png?1539557595\" alt=\"Retour ligne automatique\" width=\"10\" height=\"10\" \/><\/em><br class=\"autobr\" \/><em> Et les images qui en surgissent sont pour le moins surprenantes, filles des reflets du soleil sur la mer, fant\u00f4mes inattendus naissant \u00e0 la fronti\u00e8re entre l\u2019eau et l\u2019air, paysages m\u00e9connaissables, r\u00e9alit\u00e9 d\u00e9form\u00e9e par les gouttes d\u2019eau s\u2019\u00e9parpillant sur la vitre du caisson. <img loading=\"lazy\" decoding=\"async\" class=\"br-auto\" title=\"Retour ligne automatique\" src=\"http:\/\/www.photoclubnantais.fr\/local\/cache-vignettes\/L10xH10\/br-auto-10-8beb9.png?1539557595\" alt=\"Retour ligne automatique\" width=\"10\" height=\"10\" \/><\/em><br class=\"autobr\" \/><em> Et quand, parfois, dans cet espace fluctuant, on d\u00e9couvre des jouets flottants ou des bouteilles, avec ou sans message, on ne doute plus de la r\u00e9alit\u00e9 des r\u00eaves.\u00a0\u00bb<\/em><\/p>\n<p><strong>\u00ab\u00a0Paseo azul<\/strong><\/p>\n<p>Cuando nado en Menorca (Islas Baleares), con m\u00e1scara, tubo y aletas, equipado con mi c\u00e1mara y su carcasa herm\u00e9tica, mi universo se limita repentinamente a este fino espacio de transici\u00f3n entre el agua y el aire, a este paisaje a la altura de la m\u00e1scara.<br \/>\nY las im\u00e1genes que surgen son, por lo menos, sorprendentes, hijas del reflejo del sol en el mar, fantasmas inesperados nacidos en la frontera entre el agua y el aire, paisajes irreconocibles, realidad distorsionada por las gotas de agua esparcidas sobre el cristal de la carcasa.<br \/>\nY cuando, a veces, en este espacio vers\u00e1til, descubrimos juguetes o botellas flotantes, con o sin mensaje, ya no dudamos de la realidad de los sue\u00f1os.\u00a0\u00bb<\/p>\n<p><a href=\"http:\/\/vinceneux.fr\/Photoblog\/?attachment_id=551\" rel=\"attachment wp-att-551\"><img loading=\"lazy\" decoding=\"async\" class=\"alignleft  wp-image-551\" src=\"http:\/\/vinceneux.fr\/Photoblog\/wp-content\/uploads\/2019\/03\/w_2019_sans-titre_IMG_8105.jpg\" alt=\"\" width=\"405\" height=\"270\" srcset=\"http:\/\/www.vinceneux.fr\/Photoblog\/wp-content\/uploads\/2019\/03\/w_2019_sans-titre_IMG_8105.jpg 1200w, http:\/\/www.vinceneux.fr\/Photoblog\/wp-content\/uploads\/2019\/03\/w_2019_sans-titre_IMG_8105-300x200.jpg 300w, http:\/\/www.vinceneux.fr\/Photoblog\/wp-content\/uploads\/2019\/03\/w_2019_sans-titre_IMG_8105-900x600.jpg 900w\" sizes=\"auto, (max-width: 405px) 100vw, 405px\" \/><\/a><\/p>\n<p><a href=\"http:\/\/vinceneux.fr\/Photoblog\/?attachment_id=552\" rel=\"attachment wp-att-552\"><img loading=\"lazy\" decoding=\"async\" class=\"alignleft  wp-image-552\" src=\"http:\/\/vinceneux.fr\/Photoblog\/wp-content\/uploads\/2019\/03\/w_2019_sans-titre_IMG_8107.jpg\" alt=\"\" width=\"407\" height=\"271\" srcset=\"http:\/\/www.vinceneux.fr\/Photoblog\/wp-content\/uploads\/2019\/03\/w_2019_sans-titre_IMG_8107.jpg 1200w, http:\/\/www.vinceneux.fr\/Photoblog\/wp-content\/uploads\/2019\/03\/w_2019_sans-titre_IMG_8107-300x200.jpg 300w, http:\/\/www.vinceneux.fr\/Photoblog\/wp-content\/uploads\/2019\/03\/w_2019_sans-titre_IMG_8107-900x600.jpg 900w\" sizes=\"auto, (max-width: 407px) 100vw, 407px\" \/><\/a><\/p>\n<\/div>\n","protected":false},"excerpt":{"rendered":"<p>Je viens d&rsquo;accrocher ma nouvelle exposition \u00ab\u00a0Balade en bleu\u00a0\u00bb au CIC Iberbanco 17 Route de Paris, au 1er \u00e9tage, \u00e0 Nantes (en face la station service de Paridis, \u00e0 gauche en sortant de la ville) du 02 avril au 26 avril 2019 aux horaires d\u2019ouverture de la banque CIC Iberbanco (entr\u00e9e sur le c\u00f4t\u00e9 droit&#8230;<\/p>\n","protected":false},"author":1,"featured_media":0,"comment_status":"open","ping_status":"open","sticky":false,"template":"","format":"standard","meta":{"_kad_post_transparent":"","_kad_post_title":"","_kad_post_layout":"","_kad_post_sidebar_id":"","_kad_post_content_style":"","_kad_post_vertical_padding":"","_kad_post_feature":"","_kad_post_feature_position":"","_kad_post_header":false,"_kad_post_footer":false,"_kad_post_classname":"","footnotes":""},"categories":[8,14,2,3],"tags":[],"class_list":["post-545","post","type-post","status-publish","format-standard","hentry","category-au_fil_de_l_eau","category-espagne","category-expositions","category-minorque"],"_links":{"self":[{"href":"http:\/\/www.vinceneux.fr\/Photoblog\/index.php?rest_route=\/wp\/v2\/posts\/545","targetHints":{"allow":["GET"]}}],"collection":[{"href":"http:\/\/www.vinceneux.fr\/Photoblog\/index.php?rest_route=\/wp\/v2\/posts"}],"about":[{"href":"http:\/\/www.vinceneux.fr\/Photoblog\/index.php?rest_route=\/wp\/v2\/types\/post"}],"author":[{"embeddable":true,"href":"http:\/\/www.vinceneux.fr\/Photoblog\/index.php?rest_route=\/wp\/v2\/users\/1"}],"replies":[{"embeddable":true,"href":"http:\/\/www.vinceneux.fr\/Photoblog\/index.php?rest_route=%2Fwp%2Fv2%2Fcomments&post=545"}],"version-history":[{"count":5,"href":"http:\/\/www.vinceneux.fr\/Photoblog\/index.php?rest_route=\/wp\/v2\/posts\/545\/revisions"}],"predecessor-version":[{"id":553,"href":"http:\/\/www.vinceneux.fr\/Photoblog\/index.php?rest_route=\/wp\/v2\/posts\/545\/revisions\/553"}],"wp:attachment":[{"href":"http:\/\/www.vinceneux.fr\/Photoblog\/index.php?rest_route=%2Fwp%2Fv2%2Fmedia&parent=545"}],"wp:term":[{"taxonomy":"category","embeddable":true,"href":"http:\/\/www.vinceneux.fr\/Photoblog\/index.php?rest_route=%2Fwp%2Fv2%2Fcategories&post=545"},{"taxonomy":"post_tag","embeddable":true,"href":"http:\/\/www.vinceneux.fr\/Photoblog\/index.php?rest_route=%2Fwp%2Fv2%2Ftags&post=545"}],"curies":[{"name":"wp","href":"https:\/\/api.w.org\/{rel}","templated":true}]}}