{"id":540,"date":"2019-01-03T17:22:28","date_gmt":"2019-01-03T16:22:28","guid":{"rendered":"http:\/\/vinceneux.fr\/Photoblog\/?p=540"},"modified":"2019-01-03T17:24:20","modified_gmt":"2019-01-03T16:24:20","slug":"exposition-minorque-au-dela-du-miroir","status":"publish","type":"post","link":"http:\/\/www.vinceneux.fr\/Photoblog\/?p=540","title":{"rendered":"Exposition \u00ab\u00a0Minorque Au del\u00e0 du miroir\u00a0\u00bb"},"content":{"rendered":"<p>Nouvelle exposition : <em>\u00ab\u00a0Minorque Au del\u00e0 du miroir\u00a0\u00bb <\/em>\u00e0 la Casa Pedro Mu\u00f1oz, 4 place de la Cohue, 44115 Haute Goulaine en attendant la parution d&rsquo;un livre photos sur le sujet.<a href=\"http:\/\/vinceneux.fr\/Photoblog\/?attachment_id=541\" rel=\"attachment wp-att-541\"><img loading=\"lazy\" decoding=\"async\" class=\"alignleft size-full wp-image-541\" src=\"http:\/\/vinceneux.fr\/Photoblog\/wp-content\/uploads\/2019\/01\/w_2019_affiche_Pedro_Munoz.jpg\" alt=\"\" width=\"707\" height=\"1000\" srcset=\"http:\/\/www.vinceneux.fr\/Photoblog\/wp-content\/uploads\/2019\/01\/w_2019_affiche_Pedro_Munoz.jpg 707w, http:\/\/www.vinceneux.fr\/Photoblog\/wp-content\/uploads\/2019\/01\/w_2019_affiche_Pedro_Munoz-141x200.jpg 141w, http:\/\/www.vinceneux.fr\/Photoblog\/wp-content\/uploads\/2019\/01\/w_2019_affiche_Pedro_Munoz-424x600.jpg 424w\" sizes=\"auto, (max-width: 707px) 100vw, 707px\" \/><\/a><\/p>\n<p class=\"western\" lang=\"es-ES\" align=\"justify\"><span style=\"font-size: large;\">Aux Bal\u00e9ares, \u00e0 Minorque, je ressens le plaisir de nager avec palmes, masque et tuba, et j\u2019y retrouve les images sous-marines de mes vacances d\u2019enfant dans le Var.<\/span><\/p>\n<p class=\"western\" lang=\"es-ES\" align=\"justify\"><span style=\"font-size: large;\">Avec mon appareil photo et son caisson \u00e9tanche, je peux en m\u00eame temps y assouvir mon actuelle passion de la photo.<\/span><\/p>\n<p class=\"western\" lang=\"es-ES\" align=\"justify\"><span style=\"font-size: large;\">Je me suis concentr\u00e9 sur cet espace de transition entre l&rsquo;eau et l&rsquo;air, toujours \u00e0 hauteur de mon masque\u00a0: un peu au-dessous, un peu au-dessus de la \u00ab\u00a0surface-miroir\u00a0\u00bb, ou <\/span><\/p>\n<p class=\"western\" lang=\"es-ES\" align=\"justify\"><span style=\"font-size: large;\">entre deux eaux &#8230; <\/span><\/p>\n<p class=\"western\" lang=\"es-ES\" align=\"justify\"><span style=\"font-size: large;\">Bien s\u00fbr le hasard fait beaucoup, mais j&rsquo;essaye de l&rsquo;apprivoiser en choisissant un peu le cadrage, ou l&rsquo;angle de prise de vue. <\/span><\/p>\n<p class=\"western\" lang=\"es-ES\" align=\"justify\"><span style=\"font-size: large;\">Et les images se jouent des reflets, la fronti\u00e8re entre eau et air est franchie, les paysages sont d\u00e9form\u00e9s par les gouttes d&rsquo;eau, sur la vitre de mon caisson \u00e9tanche, et le monde de ces photos semble parfois, comme au pays des merveilles, au-del\u00e0 du miroir &#8230; de la surface de l\u2019eau.<\/span><\/p>\n","protected":false},"excerpt":{"rendered":"<p>Nouvelle exposition : \u00ab\u00a0Minorque Au del\u00e0 du miroir\u00a0\u00bb \u00e0 la Casa Pedro Mu\u00f1oz, 4 place de la Cohue, 44115 Haute Goulaine en attendant la parution d&rsquo;un livre photos sur le sujet. Aux Bal\u00e9ares, \u00e0 Minorque, je ressens le plaisir de nager avec palmes, masque et tuba, et j\u2019y retrouve les images sous-marines de mes vacances&#8230;<\/p>\n","protected":false},"author":1,"featured_media":0,"comment_status":"open","ping_status":"open","sticky":false,"template":"","format":"standard","meta":{"_kad_post_transparent":"","_kad_post_title":"","_kad_post_layout":"","_kad_post_sidebar_id":"","_kad_post_content_style":"","_kad_post_vertical_padding":"","_kad_post_feature":"","_kad_post_feature_position":"","_kad_post_header":false,"_kad_post_footer":false,"_kad_post_classname":"","footnotes":""},"categories":[8,2,3],"tags":[],"class_list":["post-540","post","type-post","status-publish","format-standard","hentry","category-au_fil_de_l_eau","category-expositions","category-minorque"],"_links":{"self":[{"href":"http:\/\/www.vinceneux.fr\/Photoblog\/index.php?rest_route=\/wp\/v2\/posts\/540","targetHints":{"allow":["GET"]}}],"collection":[{"href":"http:\/\/www.vinceneux.fr\/Photoblog\/index.php?rest_route=\/wp\/v2\/posts"}],"about":[{"href":"http:\/\/www.vinceneux.fr\/Photoblog\/index.php?rest_route=\/wp\/v2\/types\/post"}],"author":[{"embeddable":true,"href":"http:\/\/www.vinceneux.fr\/Photoblog\/index.php?rest_route=\/wp\/v2\/users\/1"}],"replies":[{"embeddable":true,"href":"http:\/\/www.vinceneux.fr\/Photoblog\/index.php?rest_route=%2Fwp%2Fv2%2Fcomments&post=540"}],"version-history":[{"count":2,"href":"http:\/\/www.vinceneux.fr\/Photoblog\/index.php?rest_route=\/wp\/v2\/posts\/540\/revisions"}],"predecessor-version":[{"id":543,"href":"http:\/\/www.vinceneux.fr\/Photoblog\/index.php?rest_route=\/wp\/v2\/posts\/540\/revisions\/543"}],"wp:attachment":[{"href":"http:\/\/www.vinceneux.fr\/Photoblog\/index.php?rest_route=%2Fwp%2Fv2%2Fmedia&parent=540"}],"wp:term":[{"taxonomy":"category","embeddable":true,"href":"http:\/\/www.vinceneux.fr\/Photoblog\/index.php?rest_route=%2Fwp%2Fv2%2Fcategories&post=540"},{"taxonomy":"post_tag","embeddable":true,"href":"http:\/\/www.vinceneux.fr\/Photoblog\/index.php?rest_route=%2Fwp%2Fv2%2Ftags&post=540"}],"curies":[{"name":"wp","href":"https:\/\/api.w.org\/{rel}","templated":true}]}}