{"id":527,"date":"2018-12-01T15:24:41","date_gmt":"2018-12-01T14:24:41","guid":{"rendered":"http:\/\/vinceneux.fr\/Photoblog\/?p=527"},"modified":"2019-04-29T10:58:53","modified_gmt":"2019-04-29T08:58:53","slug":"mon-nouveau-livre-en-vente","status":"publish","type":"post","link":"http:\/\/www.vinceneux.fr\/Photoblog\/?p=527","title":{"rendered":"Mon nouveau livre en vente"},"content":{"rendered":"<p>Hier fut un grand jour pour moi en voyant, dans les librairies de Nantes et \u00e0 la FNAC, notre livre en vente : \u00ab\u00a0<em>Naoned Odyss\u00e9e : hommage \u00e0 Nantes et \u00e0 ses po\u00e8tes<\/em>\u00a0\u00bb qui est un ouvrage singulier, o\u00f9 Thomas Grison a \u00e9crit 40 textes, \u00e0 la mani\u00e8re de 40 \u00e9crivains et po\u00e8tes Nantais, a attribu\u00e9 \u00e0 chacun d&rsquo;eux un lieu de Nantes, et m&rsquo;a demand\u00e9 d&rsquo;illustrer chacun d&rsquo;eux par une photo\u00a0 : voir la <a href=\"http:\/\/www.aupaysreve.fr\/collections\/250-naoned-odyssee.html?fbclid=IwAR2gR2ZW5v43WRwD6r5BPsvHoEmHK7NOhWZpeIpyANJAAl9WPWPD5bZbOAY\">pr\u00e9sentation sur le site de l&rsquo;\u00e9diteur Au pays r\u00eav\u00e9<\/a> et un <a href=\"https:\/\/www.mobilis-paysdelaloire.fr\/magazine\/livres\/naoned-odyssee-de-thomas-grison-bernard-vinceneux?fbclid=IwAR0qyi9my5l7aeFeu2Kvq_J97L7XVRqzwW19nTW_ze3i-jDfTz2k7w5H5Tg\">commentaire d&rsquo;un des \u00e9crivains <\/a><\/p>\n<figure id=\"attachment_528\" aria-describedby=\"caption-attachment-528\" style=\"width: 2487px\" class=\"wp-caption alignleft\"><a href=\"http:\/\/vinceneux.fr\/Photoblog\/wp-content\/uploads\/2018\/12\/BAT_0124APR-TGBV-NO.Couv-07-11-18ep.jpg\" rel=\"attachment wp-att-528\"><img loading=\"lazy\" decoding=\"async\" class=\"wp-image-528 size-full\" src=\"http:\/\/vinceneux.fr\/Photoblog\/wp-content\/uploads\/2018\/12\/BAT_0124APR-TGBV-NO.Couv-07-11-18ep.jpg\" alt=\"\" width=\"2487\" height=\"2480\" srcset=\"http:\/\/www.vinceneux.fr\/Photoblog\/wp-content\/uploads\/2018\/12\/BAT_0124APR-TGBV-NO.Couv-07-11-18ep.jpg 2487w, http:\/\/www.vinceneux.fr\/Photoblog\/wp-content\/uploads\/2018\/12\/BAT_0124APR-TGBV-NO.Couv-07-11-18ep-201x200.jpg 201w, http:\/\/www.vinceneux.fr\/Photoblog\/wp-content\/uploads\/2018\/12\/BAT_0124APR-TGBV-NO.Couv-07-11-18ep-602x600.jpg 602w, http:\/\/www.vinceneux.fr\/Photoblog\/wp-content\/uploads\/2018\/12\/BAT_0124APR-TGBV-NO.Couv-07-11-18ep-1027x1024.jpg 1027w\" sizes=\"auto, (max-width: 2487px) 100vw, 2487px\" \/><\/a><figcaption id=\"caption-attachment-528\" class=\"wp-caption-text\">Naoned Odyss\u00e9e<\/figcaption><\/figure>\n<p><a href=\"http:\/\/vinceneux.fr\/Photoblog\/wp-content\/uploads\/2018\/12\/BAT_0124APR-TGBV-NO.Couv-07-11-18ep_2.jpg\" rel=\"attachment wp-att-529\"><img loading=\"lazy\" decoding=\"async\" class=\"alignleft wp-image-529 size-full\" src=\"http:\/\/vinceneux.fr\/Photoblog\/wp-content\/uploads\/2018\/12\/BAT_0124APR-TGBV-NO.Couv-07-11-18ep_2.jpg\" alt=\"\" width=\"2379\" height=\"2480\" srcset=\"http:\/\/www.vinceneux.fr\/Photoblog\/wp-content\/uploads\/2018\/12\/BAT_0124APR-TGBV-NO.Couv-07-11-18ep_2.jpg 2379w, http:\/\/www.vinceneux.fr\/Photoblog\/wp-content\/uploads\/2018\/12\/BAT_0124APR-TGBV-NO.Couv-07-11-18ep_2-192x200.jpg 192w, http:\/\/www.vinceneux.fr\/Photoblog\/wp-content\/uploads\/2018\/12\/BAT_0124APR-TGBV-NO.Couv-07-11-18ep_2-576x600.jpg 576w, http:\/\/www.vinceneux.fr\/Photoblog\/wp-content\/uploads\/2018\/12\/BAT_0124APR-TGBV-NO.Couv-07-11-18ep_2-982x1024.jpg 982w\" sizes=\"auto, (max-width: 2379px) 100vw, 2379px\" \/><\/a><\/p>\n<p>&nbsp;<\/p>\n","protected":false},"excerpt":{"rendered":"<p>Hier fut un grand jour pour moi en voyant, dans les librairies de Nantes et \u00e0 la FNAC, notre livre en vente : \u00ab\u00a0Naoned Odyss\u00e9e : hommage \u00e0 Nantes et \u00e0 ses po\u00e8tes\u00a0\u00bb qui est un ouvrage singulier, o\u00f9 Thomas Grison a \u00e9crit 40 textes, \u00e0 la mani\u00e8re de 40 \u00e9crivains et po\u00e8tes Nantais, a&#8230;<\/p>\n","protected":false},"author":1,"featured_media":0,"comment_status":"open","ping_status":"open","sticky":false,"template":"","format":"standard","meta":{"_kad_post_transparent":"","_kad_post_title":"","_kad_post_layout":"","_kad_post_sidebar_id":"","_kad_post_content_style":"","_kad_post_vertical_padding":"","_kad_post_feature":"","_kad_post_feature_position":"","_kad_post_header":false,"_kad_post_footer":false,"_kad_post_classname":"","footnotes":""},"categories":[10,11,17,15],"tags":[],"class_list":["post-527","post","type-post","status-publish","format-standard","hentry","category-architecture","category-bretagne","category-livre-de-b-vinceneux","category-nantes"],"_links":{"self":[{"href":"http:\/\/www.vinceneux.fr\/Photoblog\/index.php?rest_route=\/wp\/v2\/posts\/527","targetHints":{"allow":["GET"]}}],"collection":[{"href":"http:\/\/www.vinceneux.fr\/Photoblog\/index.php?rest_route=\/wp\/v2\/posts"}],"about":[{"href":"http:\/\/www.vinceneux.fr\/Photoblog\/index.php?rest_route=\/wp\/v2\/types\/post"}],"author":[{"embeddable":true,"href":"http:\/\/www.vinceneux.fr\/Photoblog\/index.php?rest_route=\/wp\/v2\/users\/1"}],"replies":[{"embeddable":true,"href":"http:\/\/www.vinceneux.fr\/Photoblog\/index.php?rest_route=%2Fwp%2Fv2%2Fcomments&post=527"}],"version-history":[{"count":6,"href":"http:\/\/www.vinceneux.fr\/Photoblog\/index.php?rest_route=\/wp\/v2\/posts\/527\/revisions"}],"predecessor-version":[{"id":561,"href":"http:\/\/www.vinceneux.fr\/Photoblog\/index.php?rest_route=\/wp\/v2\/posts\/527\/revisions\/561"}],"wp:attachment":[{"href":"http:\/\/www.vinceneux.fr\/Photoblog\/index.php?rest_route=%2Fwp%2Fv2%2Fmedia&parent=527"}],"wp:term":[{"taxonomy":"category","embeddable":true,"href":"http:\/\/www.vinceneux.fr\/Photoblog\/index.php?rest_route=%2Fwp%2Fv2%2Fcategories&post=527"},{"taxonomy":"post_tag","embeddable":true,"href":"http:\/\/www.vinceneux.fr\/Photoblog\/index.php?rest_route=%2Fwp%2Fv2%2Ftags&post=527"}],"curies":[{"name":"wp","href":"https:\/\/api.w.org\/{rel}","templated":true}]}}