{"id":506,"date":"2017-11-16T10:34:50","date_gmt":"2017-11-16T09:34:50","guid":{"rendered":"http:\/\/vinceneux.fr\/Photoblog\/?p=506"},"modified":"2017-11-16T15:56:46","modified_gmt":"2017-11-16T14:56:46","slug":"video-de-mon-expo-a-minorque-ciutadella","status":"publish","type":"post","link":"http:\/\/www.vinceneux.fr\/Photoblog\/?p=506","title":{"rendered":"Vid\u00e9o de mon expo \u00e0 Minorque (Ciutadella)"},"content":{"rendered":"<p>Une vid\u00e9o d&rsquo;un vid\u00e9aste tr\u00e8s d\u00e9butant (moi &#8230; !!! ) de mon exposition photographique <em>\u00ab\u00a0Del otro lado del espejo\u00a0\u00bb (\u00ab\u00a0Au del\u00e0 du miroir\u00a0\u00bb)<\/em> qui s&rsquo;est tenue en septembre octobre 2017 \u00e0 Ciutadella (Minorque, Bal\u00e9ares) dans la salle municipale Xec Coll :<\/p>\n<div class=\"entry-content-asset videofit\"><iframe loading=\"lazy\" title=\"Expo Ciutadella 2017 2\" width=\"720\" height=\"405\" src=\"https:\/\/www.youtube.com\/embed\/SIQ3iFhSrFo?feature=oembed\" frameborder=\"0\" allow=\"accelerometer; autoplay; clipboard-write; encrypted-media; gyroscope; picture-in-picture; web-share\" referrerpolicy=\"strict-origin-when-cross-origin\" allowfullscreen><\/iframe><\/div>\n<p>&nbsp;<\/p>\n","protected":false},"excerpt":{"rendered":"<p>Une vid\u00e9o d&rsquo;un vid\u00e9aste tr\u00e8s d\u00e9butant (moi &#8230; !!! ) de mon exposition photographique \u00ab\u00a0Del otro lado del espejo\u00a0\u00bb (\u00ab\u00a0Au del\u00e0 du miroir\u00a0\u00bb) qui s&rsquo;est tenue en septembre octobre 2017 \u00e0 Ciutadella (Minorque, Bal\u00e9ares) dans la salle municipale Xec Coll : &nbsp;<\/p>\n","protected":false},"author":1,"featured_media":0,"comment_status":"open","ping_status":"open","sticky":false,"template":"","format":"standard","meta":{"_kad_post_transparent":"","_kad_post_title":"","_kad_post_layout":"","_kad_post_sidebar_id":"","_kad_post_content_style":"","_kad_post_vertical_padding":"","_kad_post_feature":"","_kad_post_feature_position":"","_kad_post_header":false,"_kad_post_footer":false,"_kad_post_classname":"","footnotes":""},"categories":[14,2,3],"tags":[],"class_list":["post-506","post","type-post","status-publish","format-standard","hentry","category-espagne","category-expositions","category-minorque"],"_links":{"self":[{"href":"http:\/\/www.vinceneux.fr\/Photoblog\/index.php?rest_route=\/wp\/v2\/posts\/506","targetHints":{"allow":["GET"]}}],"collection":[{"href":"http:\/\/www.vinceneux.fr\/Photoblog\/index.php?rest_route=\/wp\/v2\/posts"}],"about":[{"href":"http:\/\/www.vinceneux.fr\/Photoblog\/index.php?rest_route=\/wp\/v2\/types\/post"}],"author":[{"embeddable":true,"href":"http:\/\/www.vinceneux.fr\/Photoblog\/index.php?rest_route=\/wp\/v2\/users\/1"}],"replies":[{"embeddable":true,"href":"http:\/\/www.vinceneux.fr\/Photoblog\/index.php?rest_route=%2Fwp%2Fv2%2Fcomments&post=506"}],"version-history":[{"count":3,"href":"http:\/\/www.vinceneux.fr\/Photoblog\/index.php?rest_route=\/wp\/v2\/posts\/506\/revisions"}],"predecessor-version":[{"id":509,"href":"http:\/\/www.vinceneux.fr\/Photoblog\/index.php?rest_route=\/wp\/v2\/posts\/506\/revisions\/509"}],"wp:attachment":[{"href":"http:\/\/www.vinceneux.fr\/Photoblog\/index.php?rest_route=%2Fwp%2Fv2%2Fmedia&parent=506"}],"wp:term":[{"taxonomy":"category","embeddable":true,"href":"http:\/\/www.vinceneux.fr\/Photoblog\/index.php?rest_route=%2Fwp%2Fv2%2Fcategories&post=506"},{"taxonomy":"post_tag","embeddable":true,"href":"http:\/\/www.vinceneux.fr\/Photoblog\/index.php?rest_route=%2Fwp%2Fv2%2Ftags&post=506"}],"curies":[{"name":"wp","href":"https:\/\/api.w.org\/{rel}","templated":true}]}}