{"id":473,"date":"2017-07-26T18:51:43","date_gmt":"2017-07-26T16:51:43","guid":{"rendered":"http:\/\/vinceneux.fr\/Photoblog\/?p=473"},"modified":"2017-07-26T18:51:43","modified_gmt":"2017-07-26T16:51:43","slug":"minorque-et-lexpo-au-dela-du-miroir","status":"publish","type":"post","link":"http:\/\/www.vinceneux.fr\/Photoblog\/?p=473","title":{"rendered":"Minorque et l&rsquo;expo \u00ab\u00a0Au del\u00e0 du miroir &#8230;\u00a0\u00bb"},"content":{"rendered":"<p>Margarida, Minorquine d&rsquo;origine et habitant Nantes, me fait le plaisir de parler de mon expo en attendant le transport de l&rsquo;expo \u00e0 Ciutadella \u00e0 Minorque :<\/p>\n<p><a href=\"http:\/\/www.lesmotsdemarguerite.com\/2017\/07\/20\/vinceneux-expo-photo-minorque\/\">en fran\u00e7ais : <\/a><\/p>\n<p><a href=\"http:\/\/www.lesmotsdemarguerite.com\/es\/2017\/07\/20\/al-otro-lado-del-espejo-exposicion-de-fotos-de-b-vinceneux-nantes-y-menorca\/\">en Espa\u00f1ol :<\/a><\/p>\n<p>merci \u00e0 elle.<\/p>\n","protected":false},"excerpt":{"rendered":"<p>Margarida, Minorquine d&rsquo;origine et habitant Nantes, me fait le plaisir de parler de mon expo en attendant le transport de l&rsquo;expo \u00e0 Ciutadella \u00e0 Minorque : en fran\u00e7ais : en Espa\u00f1ol : merci \u00e0 elle.<\/p>\n","protected":false},"author":1,"featured_media":0,"comment_status":"open","ping_status":"open","sticky":false,"template":"","format":"standard","meta":{"_kad_post_transparent":"","_kad_post_title":"","_kad_post_layout":"","_kad_post_sidebar_id":"","_kad_post_content_style":"","_kad_post_vertical_padding":"","_kad_post_feature":"","_kad_post_feature_position":"","_kad_post_header":false,"_kad_post_footer":false,"_kad_post_classname":"","footnotes":""},"categories":[2],"tags":[],"class_list":["post-473","post","type-post","status-publish","format-standard","hentry","category-expositions"],"_links":{"self":[{"href":"http:\/\/www.vinceneux.fr\/Photoblog\/index.php?rest_route=\/wp\/v2\/posts\/473","targetHints":{"allow":["GET"]}}],"collection":[{"href":"http:\/\/www.vinceneux.fr\/Photoblog\/index.php?rest_route=\/wp\/v2\/posts"}],"about":[{"href":"http:\/\/www.vinceneux.fr\/Photoblog\/index.php?rest_route=\/wp\/v2\/types\/post"}],"author":[{"embeddable":true,"href":"http:\/\/www.vinceneux.fr\/Photoblog\/index.php?rest_route=\/wp\/v2\/users\/1"}],"replies":[{"embeddable":true,"href":"http:\/\/www.vinceneux.fr\/Photoblog\/index.php?rest_route=%2Fwp%2Fv2%2Fcomments&post=473"}],"version-history":[{"count":1,"href":"http:\/\/www.vinceneux.fr\/Photoblog\/index.php?rest_route=\/wp\/v2\/posts\/473\/revisions"}],"predecessor-version":[{"id":474,"href":"http:\/\/www.vinceneux.fr\/Photoblog\/index.php?rest_route=\/wp\/v2\/posts\/473\/revisions\/474"}],"wp:attachment":[{"href":"http:\/\/www.vinceneux.fr\/Photoblog\/index.php?rest_route=%2Fwp%2Fv2%2Fmedia&parent=473"}],"wp:term":[{"taxonomy":"category","embeddable":true,"href":"http:\/\/www.vinceneux.fr\/Photoblog\/index.php?rest_route=%2Fwp%2Fv2%2Fcategories&post=473"},{"taxonomy":"post_tag","embeddable":true,"href":"http:\/\/www.vinceneux.fr\/Photoblog\/index.php?rest_route=%2Fwp%2Fv2%2Ftags&post=473"}],"curies":[{"name":"wp","href":"https:\/\/api.w.org\/{rel}","templated":true}]}}