{"id":470,"date":"2017-07-26T18:45:21","date_gmt":"2017-07-26T16:45:21","guid":{"rendered":"http:\/\/vinceneux.fr\/Photoblog\/?p=470"},"modified":"2017-07-29T10:19:16","modified_gmt":"2017-07-29T08:19:16","slug":"ouest-france-a-vu-mon-expo","status":"publish","type":"post","link":"http:\/\/www.vinceneux.fr\/Photoblog\/?p=470","title":{"rendered":"Ouest France a vu mon expo &#8230;"},"content":{"rendered":"<p>Ci dessous l&rsquo;article d&rsquo;Ouest France du 25\/07\/2017 sur mon expo \u00ab\u00a0Au del\u00e0 du miroir &#8230;\u00a0\u00bb jusqu&rsquo;au 24 aout \u00e0 la m\u00e9diath\u00e8que Floresca Gu\u00e9pin \u00e0 Nantes<\/p>\n<figure id=\"attachment_471\" aria-describedby=\"caption-attachment-471\" style=\"width: 540px\" class=\"wp-caption alignleft\"><a href=\"http:\/\/vinceneux.fr\/Photoblog\/wp-content\/uploads\/2017\/07\/Ouest_France_Floresca_25_07_2017_w.jpg\" target=\"_blank\" rel=\"attachment wp-att-471 noopener\"><img loading=\"lazy\" decoding=\"async\" class=\"wp-image-471 size-full\" src=\"http:\/\/vinceneux.fr\/Photoblog\/wp-content\/uploads\/2017\/07\/Ouest_France_Floresca_25_07_2017_w.jpg\" alt=\"Ouest France du 25\/07\/2017\" width=\"540\" height=\"1000\" srcset=\"http:\/\/www.vinceneux.fr\/Photoblog\/wp-content\/uploads\/2017\/07\/Ouest_France_Floresca_25_07_2017_w.jpg 540w, http:\/\/www.vinceneux.fr\/Photoblog\/wp-content\/uploads\/2017\/07\/Ouest_France_Floresca_25_07_2017_w-108x200.jpg 108w, http:\/\/www.vinceneux.fr\/Photoblog\/wp-content\/uploads\/2017\/07\/Ouest_France_Floresca_25_07_2017_w-324x600.jpg 324w\" sizes=\"auto, (max-width: 540px) 100vw, 540px\" \/><\/a><figcaption id=\"caption-attachment-471\" class=\"wp-caption-text\">Ouest France du 25\/07\/2017<\/figcaption><\/figure>\n","protected":false},"excerpt":{"rendered":"<p>Ci dessous l&rsquo;article d&rsquo;Ouest France du 25\/07\/2017 sur mon expo \u00ab\u00a0Au del\u00e0 du miroir &#8230;\u00a0\u00bb jusqu&rsquo;au 24 aout \u00e0 la m\u00e9diath\u00e8que Floresca Gu\u00e9pin \u00e0 Nantes<\/p>\n","protected":false},"author":1,"featured_media":0,"comment_status":"open","ping_status":"open","sticky":false,"template":"","format":"standard","meta":{"_kad_post_transparent":"","_kad_post_title":"","_kad_post_layout":"","_kad_post_sidebar_id":"","_kad_post_content_style":"","_kad_post_vertical_padding":"","_kad_post_feature":"","_kad_post_feature_position":"","_kad_post_header":false,"_kad_post_footer":false,"_kad_post_classname":"","footnotes":""},"categories":[8,2],"tags":[],"class_list":["post-470","post","type-post","status-publish","format-standard","hentry","category-au_fil_de_l_eau","category-expositions"],"_links":{"self":[{"href":"http:\/\/www.vinceneux.fr\/Photoblog\/index.php?rest_route=\/wp\/v2\/posts\/470","targetHints":{"allow":["GET"]}}],"collection":[{"href":"http:\/\/www.vinceneux.fr\/Photoblog\/index.php?rest_route=\/wp\/v2\/posts"}],"about":[{"href":"http:\/\/www.vinceneux.fr\/Photoblog\/index.php?rest_route=\/wp\/v2\/types\/post"}],"author":[{"embeddable":true,"href":"http:\/\/www.vinceneux.fr\/Photoblog\/index.php?rest_route=\/wp\/v2\/users\/1"}],"replies":[{"embeddable":true,"href":"http:\/\/www.vinceneux.fr\/Photoblog\/index.php?rest_route=%2Fwp%2Fv2%2Fcomments&post=470"}],"version-history":[{"count":3,"href":"http:\/\/www.vinceneux.fr\/Photoblog\/index.php?rest_route=\/wp\/v2\/posts\/470\/revisions"}],"predecessor-version":[{"id":476,"href":"http:\/\/www.vinceneux.fr\/Photoblog\/index.php?rest_route=\/wp\/v2\/posts\/470\/revisions\/476"}],"wp:attachment":[{"href":"http:\/\/www.vinceneux.fr\/Photoblog\/index.php?rest_route=%2Fwp%2Fv2%2Fmedia&parent=470"}],"wp:term":[{"taxonomy":"category","embeddable":true,"href":"http:\/\/www.vinceneux.fr\/Photoblog\/index.php?rest_route=%2Fwp%2Fv2%2Fcategories&post=470"},{"taxonomy":"post_tag","embeddable":true,"href":"http:\/\/www.vinceneux.fr\/Photoblog\/index.php?rest_route=%2Fwp%2Fv2%2Ftags&post=470"}],"curies":[{"name":"wp","href":"https:\/\/api.w.org\/{rel}","templated":true}]}}