{"id":457,"date":"2017-07-13T14:03:24","date_gmt":"2017-07-13T12:03:24","guid":{"rendered":"http:\/\/vinceneux.fr\/Photoblog\/?p=457"},"modified":"2017-07-14T09:48:31","modified_gmt":"2017-07-14T07:48:31","slug":"expo-au-dela-du-miroir","status":"publish","type":"post","link":"http:\/\/www.vinceneux.fr\/Photoblog\/?p=457","title":{"rendered":"Expo \u00ab\u00a0Au del\u00e0 du miroir &#8230;\u00a0\u00bb"},"content":{"rendered":"<p><a href=\"http:\/\/vinceneux.fr\/Photoblog\/?attachment_id=461\" rel=\"attachment wp-att-461\"><img loading=\"lazy\" decoding=\"async\" class=\"alignleft size-full wp-image-461\" src=\"http:\/\/vinceneux.fr\/Photoblog\/wp-content\/uploads\/2017\/07\/Affiche_seule_MFG_Expo_Au-dela_miroir_A3_05-17.jpg\" alt=\"\" width=\"1169\" height=\"1653\" srcset=\"http:\/\/www.vinceneux.fr\/Photoblog\/wp-content\/uploads\/2017\/07\/Affiche_seule_MFG_Expo_Au-dela_miroir_A3_05-17.jpg 1169w, http:\/\/www.vinceneux.fr\/Photoblog\/wp-content\/uploads\/2017\/07\/Affiche_seule_MFG_Expo_Au-dela_miroir_A3_05-17-141x200.jpg 141w, http:\/\/www.vinceneux.fr\/Photoblog\/wp-content\/uploads\/2017\/07\/Affiche_seule_MFG_Expo_Au-dela_miroir_A3_05-17-424x600.jpg 424w, http:\/\/www.vinceneux.fr\/Photoblog\/wp-content\/uploads\/2017\/07\/Affiche_seule_MFG_Expo_Au-dela_miroir_A3_05-17-724x1024.jpg 724w\" sizes=\"auto, (max-width: 1169px) 100vw, 1169px\" \/><\/a><\/p>\n<p><i>\u00e7a y est mon expo est accroch\u00e9e ! presque 100\u00a0 photos, (voir aussi sur Facebook) dans la salle d&rsquo;exposition au sous-sol, dans la \u00ab\u00a0Cage\u00a0\u00bb et dans les salles de lecture au Rez de Chauss\u00e9e : photos encadr\u00e9es, sur carton plume ou sur grandes b\u00e2ches :<\/i><i><br \/>\n<\/i><i> <\/i><i><br \/>\n<\/i><i> du\u00a0 <\/i><i><b>07 Juillet au 24 ao\u00fbt \u00e0 la M\u00e9diath\u00e8que Floresca Gu\u00e9pin<\/b><\/i><i> Route de Ste Luce, Place du Commandant Cousteau <\/i><i><br \/>\n<\/i><i> (ou adresse officielle 15 rue de la Haluch\u00e8re) <\/i><i><br \/>\n<\/i><i> <\/i><i><b>Tram ligne 1 ou Chronobus C7<\/b><\/i><i> : arr\u00eat : Souillarderie, <\/i><i><br \/>\n<\/i><a href=\"https:\/\/bm.nantes.fr\/home\/pratique\/adresses-et-horaires-1\/mediatheque-floresca-guepin.html\"><i> Horaires d&rsquo;ouverture de la m\u00e9diath\u00e8que <\/i><\/a><i>: voir le site<br \/>\n<\/i><i> <\/i><i><a href=\"http:\/\/vinceneux.fr\/Photoblog\/?attachment_id=462\" rel=\"attachment wp-att-462\"><img loading=\"lazy\" decoding=\"async\" class=\"alignleft size-full wp-image-462\" src=\"http:\/\/vinceneux.fr\/Photoblog\/wp-content\/uploads\/2017\/07\/w_0102_2017_sans-titre__7071750.jpg\" alt=\"\" width=\"1000\" height=\"667\" srcset=\"http:\/\/www.vinceneux.fr\/Photoblog\/wp-content\/uploads\/2017\/07\/w_0102_2017_sans-titre__7071750.jpg 1000w, http:\/\/www.vinceneux.fr\/Photoblog\/wp-content\/uploads\/2017\/07\/w_0102_2017_sans-titre__7071750-300x200.jpg 300w, http:\/\/www.vinceneux.fr\/Photoblog\/wp-content\/uploads\/2017\/07\/w_0102_2017_sans-titre__7071750-900x600.jpg 900w\" sizes=\"auto, (max-width: 1000px) 100vw, 1000px\" \/><\/a><br \/>\n<\/i><\/p>\n<p>&nbsp;<\/p>\n","protected":false},"excerpt":{"rendered":"<p>\u00e7a y est mon expo est accroch\u00e9e ! presque 100\u00a0 photos, (voir aussi sur Facebook) dans la salle d&rsquo;exposition au sous-sol, dans la \u00ab\u00a0Cage\u00a0\u00bb et dans les salles de lecture au Rez de Chauss\u00e9e : photos encadr\u00e9es, sur carton plume ou sur grandes b\u00e2ches : du\u00a0 07 Juillet au 24 ao\u00fbt \u00e0 la M\u00e9diath\u00e8que Floresca&#8230;<\/p>\n","protected":false},"author":1,"featured_media":0,"comment_status":"open","ping_status":"open","sticky":false,"template":"","format":"standard","meta":{"_kad_post_transparent":"","_kad_post_title":"","_kad_post_layout":"","_kad_post_sidebar_id":"","_kad_post_content_style":"","_kad_post_vertical_padding":"","_kad_post_feature":"","_kad_post_feature_position":"","_kad_post_header":false,"_kad_post_footer":false,"_kad_post_classname":"","footnotes":""},"categories":[8,3],"tags":[],"class_list":["post-457","post","type-post","status-publish","format-standard","hentry","category-au_fil_de_l_eau","category-minorque"],"_links":{"self":[{"href":"http:\/\/www.vinceneux.fr\/Photoblog\/index.php?rest_route=\/wp\/v2\/posts\/457","targetHints":{"allow":["GET"]}}],"collection":[{"href":"http:\/\/www.vinceneux.fr\/Photoblog\/index.php?rest_route=\/wp\/v2\/posts"}],"about":[{"href":"http:\/\/www.vinceneux.fr\/Photoblog\/index.php?rest_route=\/wp\/v2\/types\/post"}],"author":[{"embeddable":true,"href":"http:\/\/www.vinceneux.fr\/Photoblog\/index.php?rest_route=\/wp\/v2\/users\/1"}],"replies":[{"embeddable":true,"href":"http:\/\/www.vinceneux.fr\/Photoblog\/index.php?rest_route=%2Fwp%2Fv2%2Fcomments&post=457"}],"version-history":[{"count":5,"href":"http:\/\/www.vinceneux.fr\/Photoblog\/index.php?rest_route=\/wp\/v2\/posts\/457\/revisions"}],"predecessor-version":[{"id":465,"href":"http:\/\/www.vinceneux.fr\/Photoblog\/index.php?rest_route=\/wp\/v2\/posts\/457\/revisions\/465"}],"wp:attachment":[{"href":"http:\/\/www.vinceneux.fr\/Photoblog\/index.php?rest_route=%2Fwp%2Fv2%2Fmedia&parent=457"}],"wp:term":[{"taxonomy":"category","embeddable":true,"href":"http:\/\/www.vinceneux.fr\/Photoblog\/index.php?rest_route=%2Fwp%2Fv2%2Fcategories&post=457"},{"taxonomy":"post_tag","embeddable":true,"href":"http:\/\/www.vinceneux.fr\/Photoblog\/index.php?rest_route=%2Fwp%2Fv2%2Ftags&post=457"}],"curies":[{"name":"wp","href":"https:\/\/api.w.org\/{rel}","templated":true}]}}