{"id":439,"date":"2017-06-19T14:00:18","date_gmt":"2017-06-19T12:00:18","guid":{"rendered":"http:\/\/vinceneux.fr\/Photoblog\/?p=439"},"modified":"2019-04-29T10:59:49","modified_gmt":"2019-04-29T08:59:49","slug":"musee-des-arts-de-nantes","status":"publish","type":"post","link":"http:\/\/www.vinceneux.fr\/Photoblog\/?p=439","title":{"rendered":"Mus\u00e9e des arts de Nantes"},"content":{"rendered":"<p>En attendant l&rsquo;inauguration le 23 Juin 2017, vous pouvez retrouver le Mus\u00e9e \u00e0 travers sa <em>\u00ab\u00a0M\u00e9tamorphose\u00a0\u00bb<\/em> livre photos sur mon interpr\u00e9tation du chantier, apr\u00e8s 2 ans de reportage, compl\u00e9t\u00e9 des textes de Philippe Gicquel, \u00e9crivain Nantais. La couverture du livre ci dessous, en vente dans toutes les \u00ab\u00a0bonnes\u00a0\u00bb librairies Nantaises (Coiffard, Vents d&rsquo;ouest, Durance , Lu et la librairie du mus\u00e9e)\u00a0 :<\/p>\n<figure id=\"attachment_442\" aria-describedby=\"caption-attachment-442\" style=\"width: 2000px\" class=\"wp-caption alignleft\"><a href=\"http:\/\/vinceneux.fr\/Photoblog\/wp-content\/uploads\/2017\/06\/T_2017_Livre_livre_Musee_1ere_Couverture.jpg\" rel=\"attachment wp-att-442\"><img loading=\"lazy\" decoding=\"async\" class=\"wp-image-442 size-full\" src=\"http:\/\/vinceneux.fr\/Photoblog\/wp-content\/uploads\/2017\/06\/T_2017_Livre_livre_Musee_1ere_Couverture.jpg\" alt=\"\" width=\"2000\" height=\"1779\" srcset=\"http:\/\/www.vinceneux.fr\/Photoblog\/wp-content\/uploads\/2017\/06\/T_2017_Livre_livre_Musee_1ere_Couverture.jpg 2000w, http:\/\/www.vinceneux.fr\/Photoblog\/wp-content\/uploads\/2017\/06\/T_2017_Livre_livre_Musee_1ere_Couverture-225x200.jpg 225w, http:\/\/www.vinceneux.fr\/Photoblog\/wp-content\/uploads\/2017\/06\/T_2017_Livre_livre_Musee_1ere_Couverture-675x600.jpg 675w, http:\/\/www.vinceneux.fr\/Photoblog\/wp-content\/uploads\/2017\/06\/T_2017_Livre_livre_Musee_1ere_Couverture-1151x1024.jpg 1151w\" sizes=\"auto, (max-width: 2000px) 100vw, 2000px\" \/><\/a><figcaption id=\"caption-attachment-442\" class=\"wp-caption-text\">\u00ab\u00a0M\u00e9tamorphose\u00a0\u00bb 1\u00e8re de couverture<\/figcaption><\/figure>\n<figure id=\"attachment_444\" aria-describedby=\"caption-attachment-444\" style=\"width: 2000px\" class=\"wp-caption alignleft\"><a href=\"http:\/\/vinceneux.fr\/Photoblog\/wp-content\/uploads\/2017\/06\/T_2017_Livre_livre_Musee_4eme_Couverture.jpg\" rel=\"attachment wp-att-444\"><img loading=\"lazy\" decoding=\"async\" class=\"wp-image-444 size-full\" src=\"http:\/\/vinceneux.fr\/Photoblog\/wp-content\/uploads\/2017\/06\/T_2017_Livre_livre_Musee_4eme_Couverture.jpg\" alt=\"\" width=\"2000\" height=\"1730\" srcset=\"http:\/\/www.vinceneux.fr\/Photoblog\/wp-content\/uploads\/2017\/06\/T_2017_Livre_livre_Musee_4eme_Couverture.jpg 2000w, http:\/\/www.vinceneux.fr\/Photoblog\/wp-content\/uploads\/2017\/06\/T_2017_Livre_livre_Musee_4eme_Couverture-231x200.jpg 231w, http:\/\/www.vinceneux.fr\/Photoblog\/wp-content\/uploads\/2017\/06\/T_2017_Livre_livre_Musee_4eme_Couverture-694x600.jpg 694w, http:\/\/www.vinceneux.fr\/Photoblog\/wp-content\/uploads\/2017\/06\/T_2017_Livre_livre_Musee_4eme_Couverture-1184x1024.jpg 1184w\" sizes=\"auto, (max-width: 2000px) 100vw, 2000px\" \/><\/a><figcaption id=\"caption-attachment-444\" class=\"wp-caption-text\">4\u00e8me de couverture<\/figcaption><\/figure>\n<p>&nbsp;<\/p>\n","protected":false},"excerpt":{"rendered":"<p>En attendant l&rsquo;inauguration le 23 Juin 2017, vous pouvez retrouver le Mus\u00e9e \u00e0 travers sa \u00ab\u00a0M\u00e9tamorphose\u00a0\u00bb livre photos sur mon interpr\u00e9tation du chantier, apr\u00e8s 2 ans de reportage, compl\u00e9t\u00e9 des textes de Philippe Gicquel, \u00e9crivain Nantais. La couverture du livre ci dessous, en vente dans toutes les \u00ab\u00a0bonnes\u00a0\u00bb librairies Nantaises (Coiffard, Vents d&rsquo;ouest, Durance ,&#8230;<\/p>\n","protected":false},"author":1,"featured_media":0,"comment_status":"open","ping_status":"open","sticky":false,"template":"","format":"standard","meta":{"_kad_post_transparent":"","_kad_post_title":"","_kad_post_layout":"","_kad_post_sidebar_id":"","_kad_post_content_style":"","_kad_post_vertical_padding":"","_kad_post_feature":"","_kad_post_feature_position":"","_kad_post_header":false,"_kad_post_footer":false,"_kad_post_classname":"","footnotes":""},"categories":[10,17,15],"tags":[],"class_list":["post-439","post","type-post","status-publish","format-standard","hentry","category-architecture","category-livre-de-b-vinceneux","category-nantes"],"_links":{"self":[{"href":"http:\/\/www.vinceneux.fr\/Photoblog\/index.php?rest_route=\/wp\/v2\/posts\/439","targetHints":{"allow":["GET"]}}],"collection":[{"href":"http:\/\/www.vinceneux.fr\/Photoblog\/index.php?rest_route=\/wp\/v2\/posts"}],"about":[{"href":"http:\/\/www.vinceneux.fr\/Photoblog\/index.php?rest_route=\/wp\/v2\/types\/post"}],"author":[{"embeddable":true,"href":"http:\/\/www.vinceneux.fr\/Photoblog\/index.php?rest_route=\/wp\/v2\/users\/1"}],"replies":[{"embeddable":true,"href":"http:\/\/www.vinceneux.fr\/Photoblog\/index.php?rest_route=%2Fwp%2Fv2%2Fcomments&post=439"}],"version-history":[{"count":6,"href":"http:\/\/www.vinceneux.fr\/Photoblog\/index.php?rest_route=\/wp\/v2\/posts\/439\/revisions"}],"predecessor-version":[{"id":562,"href":"http:\/\/www.vinceneux.fr\/Photoblog\/index.php?rest_route=\/wp\/v2\/posts\/439\/revisions\/562"}],"wp:attachment":[{"href":"http:\/\/www.vinceneux.fr\/Photoblog\/index.php?rest_route=%2Fwp%2Fv2%2Fmedia&parent=439"}],"wp:term":[{"taxonomy":"category","embeddable":true,"href":"http:\/\/www.vinceneux.fr\/Photoblog\/index.php?rest_route=%2Fwp%2Fv2%2Fcategories&post=439"},{"taxonomy":"post_tag","embeddable":true,"href":"http:\/\/www.vinceneux.fr\/Photoblog\/index.php?rest_route=%2Fwp%2Fv2%2Ftags&post=439"}],"curies":[{"name":"wp","href":"https:\/\/api.w.org\/{rel}","templated":true}]}}