{"id":397,"date":"2017-04-24T16:33:21","date_gmt":"2017-04-24T14:33:21","guid":{"rendered":"http:\/\/vinceneux.fr\/Photoblog\/?p=397"},"modified":"2017-04-24T16:40:05","modified_gmt":"2017-04-24T14:40:05","slug":"exposition-sur-minorque-a-cosmopolis-nantes","status":"publish","type":"post","link":"http:\/\/www.vinceneux.fr\/Photoblog\/?p=397","title":{"rendered":"Exposition sur Minorque \u00e0 Cosmopolis (Nantes)"},"content":{"rendered":"<p><a href=\"http:\/\/vinceneux.fr\/Photoblog\/?attachment_id=398\" rel=\"attachment wp-att-398\"><img loading=\"lazy\" decoding=\"async\" class=\"alignleft size-full wp-image-398\" src=\"http:\/\/vinceneux.fr\/Photoblog\/wp-content\/uploads\/2017\/04\/w_2016_Minorque_IMG_5012.jpg\" alt=\"w_2016_Minorque_IMG_5012\" width=\"1200\" height=\"800\" srcset=\"http:\/\/www.vinceneux.fr\/Photoblog\/wp-content\/uploads\/2017\/04\/w_2016_Minorque_IMG_5012.jpg 1200w, http:\/\/www.vinceneux.fr\/Photoblog\/wp-content\/uploads\/2017\/04\/w_2016_Minorque_IMG_5012-300x200.jpg 300w, http:\/\/www.vinceneux.fr\/Photoblog\/wp-content\/uploads\/2017\/04\/w_2016_Minorque_IMG_5012-900x600.jpg 900w\" sizes=\"auto, (max-width: 1200px) 100vw, 1200px\" \/><\/a>Pour la f\u00eate de l&rsquo;Europe \u00e0 <strong>Cosmopolis<\/strong>, 18 rue Scribe \u00e0 Nantes,<\/p>\n<p>j&rsquo;exposerai des photos de <strong>Minorque (Bal\u00e9ares)<\/strong> sur le th\u00e8me \u00ab\u00a0Un bain d&rsquo;id\u00e9e\u00a0\u00bb. Les photos sous cadres montrent diff\u00e9rentes facettes des rivages Minorquins, et sont accompagn\u00e9es de b\u00e2ches grands formats sur la couleur bleue de la mer.<\/p>\n<p>L&rsquo;exposition se tiendra <strong>du 03 Mai au 14 mai 2017<\/strong>.<\/p>\n<p><a href=\"https:\/\/www.lafetedeleurope.eu\/\">voir le site de Cosmopolis<\/a><\/p>\n","protected":false},"excerpt":{"rendered":"<p>Pour la f\u00eate de l&rsquo;Europe \u00e0 Cosmopolis, 18 rue Scribe \u00e0 Nantes, j&rsquo;exposerai des photos de Minorque (Bal\u00e9ares) sur le th\u00e8me \u00ab\u00a0Un bain d&rsquo;id\u00e9e\u00a0\u00bb. Les photos sous cadres montrent diff\u00e9rentes facettes des rivages Minorquins, et sont accompagn\u00e9es de b\u00e2ches grands formats sur la couleur bleue de la mer. L&rsquo;exposition se tiendra du 03 Mai au&#8230;<\/p>\n","protected":false},"author":1,"featured_media":0,"comment_status":"open","ping_status":"open","sticky":false,"template":"","format":"standard","meta":{"_kad_post_transparent":"","_kad_post_title":"","_kad_post_layout":"","_kad_post_sidebar_id":"","_kad_post_content_style":"","_kad_post_vertical_padding":"","_kad_post_feature":"","_kad_post_feature_position":"","_kad_post_header":false,"_kad_post_footer":false,"_kad_post_classname":"","footnotes":""},"categories":[2,3,15],"tags":[],"class_list":["post-397","post","type-post","status-publish","format-standard","hentry","category-expositions","category-minorque","category-nantes"],"_links":{"self":[{"href":"http:\/\/www.vinceneux.fr\/Photoblog\/index.php?rest_route=\/wp\/v2\/posts\/397","targetHints":{"allow":["GET"]}}],"collection":[{"href":"http:\/\/www.vinceneux.fr\/Photoblog\/index.php?rest_route=\/wp\/v2\/posts"}],"about":[{"href":"http:\/\/www.vinceneux.fr\/Photoblog\/index.php?rest_route=\/wp\/v2\/types\/post"}],"author":[{"embeddable":true,"href":"http:\/\/www.vinceneux.fr\/Photoblog\/index.php?rest_route=\/wp\/v2\/users\/1"}],"replies":[{"embeddable":true,"href":"http:\/\/www.vinceneux.fr\/Photoblog\/index.php?rest_route=%2Fwp%2Fv2%2Fcomments&post=397"}],"version-history":[{"count":5,"href":"http:\/\/www.vinceneux.fr\/Photoblog\/index.php?rest_route=\/wp\/v2\/posts\/397\/revisions"}],"predecessor-version":[{"id":403,"href":"http:\/\/www.vinceneux.fr\/Photoblog\/index.php?rest_route=\/wp\/v2\/posts\/397\/revisions\/403"}],"wp:attachment":[{"href":"http:\/\/www.vinceneux.fr\/Photoblog\/index.php?rest_route=%2Fwp%2Fv2%2Fmedia&parent=397"}],"wp:term":[{"taxonomy":"category","embeddable":true,"href":"http:\/\/www.vinceneux.fr\/Photoblog\/index.php?rest_route=%2Fwp%2Fv2%2Fcategories&post=397"},{"taxonomy":"post_tag","embeddable":true,"href":"http:\/\/www.vinceneux.fr\/Photoblog\/index.php?rest_route=%2Fwp%2Fv2%2Ftags&post=397"}],"curies":[{"name":"wp","href":"https:\/\/api.w.org\/{rel}","templated":true}]}}