{"id":367,"date":"2017-03-07T15:30:30","date_gmt":"2017-03-07T14:30:30","guid":{"rendered":"http:\/\/vinceneux.fr\/Photoblog\/?p=367"},"modified":"2017-03-07T15:34:07","modified_gmt":"2017-03-07T14:34:07","slug":"en-attendant-le-23-juin-2017-le-musee-darts-de-nantes","status":"publish","type":"post","link":"http:\/\/www.vinceneux.fr\/Photoblog\/?p=367","title":{"rendered":"En attendant le 23 Juin 2017&#8230; : le mus\u00e9e d&rsquo;Arts de Nantes"},"content":{"rendered":"<p><a href=\"http:\/\/vinceneux.fr\/Photoblog\/?attachment_id=368\" rel=\"attachment wp-att-368\"><img loading=\"lazy\" decoding=\"async\" class=\"alignleft size-full wp-image-368\" src=\"http:\/\/vinceneux.fr\/Photoblog\/wp-content\/uploads\/2017\/03\/w_0100_2016_Musee__DSC7617.jpg\" alt=\"En attendant le 23 Juin 2017 ...\" width=\"1200\" height=\"797\" srcset=\"http:\/\/www.vinceneux.fr\/Photoblog\/wp-content\/uploads\/2017\/03\/w_0100_2016_Musee__DSC7617.jpg 1200w, http:\/\/www.vinceneux.fr\/Photoblog\/wp-content\/uploads\/2017\/03\/w_0100_2016_Musee__DSC7617-300x200.jpg 300w, http:\/\/www.vinceneux.fr\/Photoblog\/wp-content\/uploads\/2017\/03\/w_0100_2016_Musee__DSC7617-900x598.jpg 900w\" sizes=\"auto, (max-width: 1200px) 100vw, 1200px\" \/><\/a>Photo, expos\u00e9e dans le cadre de l&rsquo;exposition du Photoclub Nantais, et issue de mon reportage de 2 ans sur le chantier de m\u00e9tamorphose du Mus\u00e9e des Beaux Arts de Nantes (r\u00e9ouverture le 23 Juin) : au \u00ab\u00a0Temple du go\u00fbt\u00a0\u00bb, 30 Rue Kerv\u00e9gan \u00e0 Nantes, jusqu&rsquo;au 31 mars 2017.<\/p>\n","protected":false},"excerpt":{"rendered":"<p>Photo, expos\u00e9e dans le cadre de l&rsquo;exposition du Photoclub Nantais, et issue de mon reportage de 2 ans sur le chantier de m\u00e9tamorphose du Mus\u00e9e des Beaux Arts de Nantes (r\u00e9ouverture le 23 Juin) : au \u00ab\u00a0Temple du go\u00fbt\u00a0\u00bb, 30 Rue Kerv\u00e9gan \u00e0 Nantes, jusqu&rsquo;au 31 mars 2017.<\/p>\n","protected":false},"author":1,"featured_media":0,"comment_status":"open","ping_status":"open","sticky":false,"template":"","format":"standard","meta":{"_kad_post_transparent":"","_kad_post_title":"","_kad_post_layout":"","_kad_post_sidebar_id":"","_kad_post_content_style":"","_kad_post_vertical_padding":"","_kad_post_feature":"","_kad_post_feature_position":"","_kad_post_header":false,"_kad_post_footer":false,"_kad_post_classname":"","footnotes":""},"categories":[10,15],"tags":[],"class_list":["post-367","post","type-post","status-publish","format-standard","hentry","category-architecture","category-nantes"],"_links":{"self":[{"href":"http:\/\/www.vinceneux.fr\/Photoblog\/index.php?rest_route=\/wp\/v2\/posts\/367","targetHints":{"allow":["GET"]}}],"collection":[{"href":"http:\/\/www.vinceneux.fr\/Photoblog\/index.php?rest_route=\/wp\/v2\/posts"}],"about":[{"href":"http:\/\/www.vinceneux.fr\/Photoblog\/index.php?rest_route=\/wp\/v2\/types\/post"}],"author":[{"embeddable":true,"href":"http:\/\/www.vinceneux.fr\/Photoblog\/index.php?rest_route=\/wp\/v2\/users\/1"}],"replies":[{"embeddable":true,"href":"http:\/\/www.vinceneux.fr\/Photoblog\/index.php?rest_route=%2Fwp%2Fv2%2Fcomments&post=367"}],"version-history":[{"count":5,"href":"http:\/\/www.vinceneux.fr\/Photoblog\/index.php?rest_route=\/wp\/v2\/posts\/367\/revisions"}],"predecessor-version":[{"id":373,"href":"http:\/\/www.vinceneux.fr\/Photoblog\/index.php?rest_route=\/wp\/v2\/posts\/367\/revisions\/373"}],"wp:attachment":[{"href":"http:\/\/www.vinceneux.fr\/Photoblog\/index.php?rest_route=%2Fwp%2Fv2%2Fmedia&parent=367"}],"wp:term":[{"taxonomy":"category","embeddable":true,"href":"http:\/\/www.vinceneux.fr\/Photoblog\/index.php?rest_route=%2Fwp%2Fv2%2Fcategories&post=367"},{"taxonomy":"post_tag","embeddable":true,"href":"http:\/\/www.vinceneux.fr\/Photoblog\/index.php?rest_route=%2Fwp%2Fv2%2Ftags&post=367"}],"curies":[{"name":"wp","href":"https:\/\/api.w.org\/{rel}","templated":true}]}}