{"id":363,"date":"2017-03-05T19:42:53","date_gmt":"2017-03-05T18:42:53","guid":{"rendered":"http:\/\/vinceneux.fr\/Photoblog\/?p=363"},"modified":"2017-03-05T19:42:53","modified_gmt":"2017-03-05T18:42:53","slug":"a-lage-dun-mois-deja-en-reflexion-profonde","status":"publish","type":"post","link":"http:\/\/www.vinceneux.fr\/Photoblog\/?p=363","title":{"rendered":"A l&rsquo;\u00e2ge d&rsquo;un mois, d\u00e9j\u00e0 en r\u00e9flexion profonde !"},"content":{"rendered":"<p><a href=\"http:\/\/vinceneux.fr\/Photoblog\/?attachment_id=364\" rel=\"attachment wp-att-364\"><img loading=\"lazy\" decoding=\"async\" class=\"alignleft size-full wp-image-364\" src=\"http:\/\/vinceneux.fr\/Photoblog\/wp-content\/uploads\/2017\/03\/w_0100_2017_Mellionnec__DSC8488.jpg\" alt=\"w_0100_2017_Mellionnec__DSC8488\" width=\"1200\" height=\"797\" srcset=\"http:\/\/www.vinceneux.fr\/Photoblog\/wp-content\/uploads\/2017\/03\/w_0100_2017_Mellionnec__DSC8488.jpg 1200w, http:\/\/www.vinceneux.fr\/Photoblog\/wp-content\/uploads\/2017\/03\/w_0100_2017_Mellionnec__DSC8488-300x200.jpg 300w, http:\/\/www.vinceneux.fr\/Photoblog\/wp-content\/uploads\/2017\/03\/w_0100_2017_Mellionnec__DSC8488-900x598.jpg 900w\" sizes=\"auto, (max-width: 1200px) 100vw, 1200px\" \/><\/a><\/p>\n","protected":false},"excerpt":{"rendered":"","protected":false},"author":1,"featured_media":0,"comment_status":"open","ping_status":"open","sticky":false,"template":"","format":"standard","meta":{"_kad_post_transparent":"","_kad_post_title":"","_kad_post_layout":"","_kad_post_sidebar_id":"","_kad_post_content_style":"","_kad_post_vertical_padding":"","_kad_post_feature":"","_kad_post_feature_position":"","_kad_post_header":false,"_kad_post_footer":false,"_kad_post_classname":"","footnotes":""},"categories":[13],"tags":[],"class_list":["post-363","post","type-post","status-publish","format-standard","hentry","category-simplement-humain"],"_links":{"self":[{"href":"http:\/\/www.vinceneux.fr\/Photoblog\/index.php?rest_route=\/wp\/v2\/posts\/363","targetHints":{"allow":["GET"]}}],"collection":[{"href":"http:\/\/www.vinceneux.fr\/Photoblog\/index.php?rest_route=\/wp\/v2\/posts"}],"about":[{"href":"http:\/\/www.vinceneux.fr\/Photoblog\/index.php?rest_route=\/wp\/v2\/types\/post"}],"author":[{"embeddable":true,"href":"http:\/\/www.vinceneux.fr\/Photoblog\/index.php?rest_route=\/wp\/v2\/users\/1"}],"replies":[{"embeddable":true,"href":"http:\/\/www.vinceneux.fr\/Photoblog\/index.php?rest_route=%2Fwp%2Fv2%2Fcomments&post=363"}],"version-history":[{"count":1,"href":"http:\/\/www.vinceneux.fr\/Photoblog\/index.php?rest_route=\/wp\/v2\/posts\/363\/revisions"}],"predecessor-version":[{"id":365,"href":"http:\/\/www.vinceneux.fr\/Photoblog\/index.php?rest_route=\/wp\/v2\/posts\/363\/revisions\/365"}],"wp:attachment":[{"href":"http:\/\/www.vinceneux.fr\/Photoblog\/index.php?rest_route=%2Fwp%2Fv2%2Fmedia&parent=363"}],"wp:term":[{"taxonomy":"category","embeddable":true,"href":"http:\/\/www.vinceneux.fr\/Photoblog\/index.php?rest_route=%2Fwp%2Fv2%2Fcategories&post=363"},{"taxonomy":"post_tag","embeddable":true,"href":"http:\/\/www.vinceneux.fr\/Photoblog\/index.php?rest_route=%2Fwp%2Fv2%2Ftags&post=363"}],"curies":[{"name":"wp","href":"https:\/\/api.w.org\/{rel}","templated":true}]}}