{"id":360,"date":"2017-02-28T14:31:31","date_gmt":"2017-02-28T13:31:31","guid":{"rendered":"http:\/\/vinceneux.fr\/Photoblog\/?p=360"},"modified":"2017-02-28T14:31:32","modified_gmt":"2017-02-28T13:31:32","slug":"a-lage-dun-mois-deja-contestataire","status":"publish","type":"post","link":"http:\/\/www.vinceneux.fr\/Photoblog\/?p=360","title":{"rendered":"A l&rsquo;\u00e2ge d&rsquo;un mois d\u00e9j\u00e0 contestataire !"},"content":{"rendered":"<p><a href=\"http:\/\/vinceneux.fr\/Photoblog\/?attachment_id=361\" rel=\"attachment wp-att-361\"><img loading=\"lazy\" decoding=\"async\" class=\"alignleft size-full wp-image-361\" src=\"http:\/\/vinceneux.fr\/Photoblog\/wp-content\/uploads\/2017\/02\/w_0100_2017_Mellionnec_IMG_0433.jpg\" alt=\"w_0100_2017_Mellionnec_IMG_0433\" width=\"750\" height=\"1000\" srcset=\"http:\/\/www.vinceneux.fr\/Photoblog\/wp-content\/uploads\/2017\/02\/w_0100_2017_Mellionnec_IMG_0433.jpg 750w, http:\/\/www.vinceneux.fr\/Photoblog\/wp-content\/uploads\/2017\/02\/w_0100_2017_Mellionnec_IMG_0433-150x200.jpg 150w, http:\/\/www.vinceneux.fr\/Photoblog\/wp-content\/uploads\/2017\/02\/w_0100_2017_Mellionnec_IMG_0433-450x600.jpg 450w\" sizes=\"auto, (max-width: 750px) 100vw, 750px\" \/><\/a><\/p>\n","protected":false},"excerpt":{"rendered":"","protected":false},"author":1,"featured_media":0,"comment_status":"open","ping_status":"open","sticky":false,"template":"","format":"standard","meta":{"_kad_post_transparent":"","_kad_post_title":"","_kad_post_layout":"","_kad_post_sidebar_id":"","_kad_post_content_style":"","_kad_post_vertical_padding":"","_kad_post_feature":"","_kad_post_feature_position":"","_kad_post_header":false,"_kad_post_footer":false,"_kad_post_classname":"","footnotes":""},"categories":[13],"tags":[],"class_list":["post-360","post","type-post","status-publish","format-standard","hentry","category-simplement-humain"],"_links":{"self":[{"href":"http:\/\/www.vinceneux.fr\/Photoblog\/index.php?rest_route=\/wp\/v2\/posts\/360","targetHints":{"allow":["GET"]}}],"collection":[{"href":"http:\/\/www.vinceneux.fr\/Photoblog\/index.php?rest_route=\/wp\/v2\/posts"}],"about":[{"href":"http:\/\/www.vinceneux.fr\/Photoblog\/index.php?rest_route=\/wp\/v2\/types\/post"}],"author":[{"embeddable":true,"href":"http:\/\/www.vinceneux.fr\/Photoblog\/index.php?rest_route=\/wp\/v2\/users\/1"}],"replies":[{"embeddable":true,"href":"http:\/\/www.vinceneux.fr\/Photoblog\/index.php?rest_route=%2Fwp%2Fv2%2Fcomments&post=360"}],"version-history":[{"count":1,"href":"http:\/\/www.vinceneux.fr\/Photoblog\/index.php?rest_route=\/wp\/v2\/posts\/360\/revisions"}],"predecessor-version":[{"id":362,"href":"http:\/\/www.vinceneux.fr\/Photoblog\/index.php?rest_route=\/wp\/v2\/posts\/360\/revisions\/362"}],"wp:attachment":[{"href":"http:\/\/www.vinceneux.fr\/Photoblog\/index.php?rest_route=%2Fwp%2Fv2%2Fmedia&parent=360"}],"wp:term":[{"taxonomy":"category","embeddable":true,"href":"http:\/\/www.vinceneux.fr\/Photoblog\/index.php?rest_route=%2Fwp%2Fv2%2Fcategories&post=360"},{"taxonomy":"post_tag","embeddable":true,"href":"http:\/\/www.vinceneux.fr\/Photoblog\/index.php?rest_route=%2Fwp%2Fv2%2Ftags&post=360"}],"curies":[{"name":"wp","href":"https:\/\/api.w.org\/{rel}","templated":true}]}}