{"id":326,"date":"2016-10-02T11:28:26","date_gmt":"2016-10-02T09:28:26","guid":{"rendered":"http:\/\/vinceneux.fr\/Photoblog\/?p=326"},"modified":"2016-10-03T15:09:57","modified_gmt":"2016-10-03T13:09:57","slug":"exposition-a-nantes-galerie-lecureuil-1-rue-racine","status":"publish","type":"post","link":"http:\/\/www.vinceneux.fr\/Photoblog\/?p=326","title":{"rendered":"Exposition \u00e0 Nantes Galerie l\u2019\u00c9cureuil 1 rue Racine"},"content":{"rendered":"<p><a href=\"http:\/\/vinceneux.fr\/Photoblog\/wp-content\/uploads\/2016\/10\/200_w_2013_Minorque__DSC5995.jpg\" target=\"_blank\" rel=\"attachment wp-att-327\"><img loading=\"lazy\" decoding=\"async\" class=\"alignleft wp-image-327 size-full\" src=\"http:\/\/vinceneux.fr\/Photoblog\/wp-content\/uploads\/2016\/10\/200_w_2013_Minorque__DSC5995.jpg\" alt=\"200_w_2013_minorque__dsc5995\" width=\"1200\" height=\"797\" srcset=\"http:\/\/www.vinceneux.fr\/Photoblog\/wp-content\/uploads\/2016\/10\/200_w_2013_Minorque__DSC5995.jpg 1200w, http:\/\/www.vinceneux.fr\/Photoblog\/wp-content\/uploads\/2016\/10\/200_w_2013_Minorque__DSC5995-300x200.jpg 300w, http:\/\/www.vinceneux.fr\/Photoblog\/wp-content\/uploads\/2016\/10\/200_w_2013_Minorque__DSC5995-900x598.jpg 900w\" sizes=\"auto, (max-width: 1200px) 100vw, 1200px\" \/><\/a>Exposition dans le cadre du \u00ab\u00a0Collectif \u00c9ph\u00e9m\u00e8re\u00a0\u00bb \u00e0 la<strong> galerie l\u2019\u00c9cureuil\u00a0<\/strong><\/p>\n<p style=\"text-align: left;\">1 rue Racine (pr\u00e8s place Graslin) \u00e0 Nantes<\/p>\n<p style=\"text-align: left;\">du <strong>05 Octobre 2016 au 09 Octobre 2016<\/strong><\/p>\n<p style=\"text-align: left;\"><strong>Vernissage le Jeudi 06 Octobre \u00e0 18h<\/strong><\/p>\n<p style=\"text-align: left;\">L\u2019exposition sera ouverte du<strong> mercredi au dimanche<\/strong> avec les horaires\u00a0:<br \/>\n<img loading=\"lazy\" decoding=\"async\" class=\"puce\" src=\"http:\/\/www.photoclubnantais.fr\/local\/cache-vignettes\/L8xH11\/puce-32883.gif\" alt=\"-\" width=\"8\" height=\"11\" \/>\u00a0les mercredi, jeudi et vendredi de 12 h \u00e0 19 h<br \/>\n<img loading=\"lazy\" decoding=\"async\" class=\"puce\" src=\"http:\/\/www.photoclubnantais.fr\/local\/cache-vignettes\/L8xH11\/puce-32883.gif\" alt=\"-\" width=\"8\" height=\"11\" \/>\u00a0le samedi de 10 h \u00e0 19 h<br \/>\n<img loading=\"lazy\" decoding=\"async\" class=\"puce\" src=\"http:\/\/www.photoclubnantais.fr\/local\/cache-vignettes\/L8xH11\/puce-32883.gif\" alt=\"-\" width=\"8\" height=\"11\" \/>\u00a0le dimanche de 14 h \u00e0 18 h<\/p>\n<p>&nbsp;<\/p>\n","protected":false},"excerpt":{"rendered":"<p>Exposition dans le cadre du \u00ab\u00a0Collectif \u00c9ph\u00e9m\u00e8re\u00a0\u00bb \u00e0 la galerie l\u2019\u00c9cureuil\u00a0 1 rue Racine (pr\u00e8s place Graslin) \u00e0 Nantes du 05 Octobre 2016 au 09 Octobre 2016 Vernissage le Jeudi 06 Octobre \u00e0 18h L\u2019exposition sera ouverte du mercredi au dimanche avec les horaires\u00a0: \u00a0les mercredi, jeudi et vendredi de 12 h \u00e0 19 h&#8230;<\/p>\n","protected":false},"author":1,"featured_media":0,"comment_status":"open","ping_status":"open","sticky":false,"template":"","format":"standard","meta":{"_kad_post_transparent":"","_kad_post_title":"","_kad_post_layout":"","_kad_post_sidebar_id":"","_kad_post_content_style":"","_kad_post_vertical_padding":"","_kad_post_feature":"","_kad_post_feature_position":"","_kad_post_header":false,"_kad_post_footer":false,"_kad_post_classname":"","footnotes":""},"categories":[2],"tags":[],"class_list":["post-326","post","type-post","status-publish","format-standard","hentry","category-expositions"],"_links":{"self":[{"href":"http:\/\/www.vinceneux.fr\/Photoblog\/index.php?rest_route=\/wp\/v2\/posts\/326","targetHints":{"allow":["GET"]}}],"collection":[{"href":"http:\/\/www.vinceneux.fr\/Photoblog\/index.php?rest_route=\/wp\/v2\/posts"}],"about":[{"href":"http:\/\/www.vinceneux.fr\/Photoblog\/index.php?rest_route=\/wp\/v2\/types\/post"}],"author":[{"embeddable":true,"href":"http:\/\/www.vinceneux.fr\/Photoblog\/index.php?rest_route=\/wp\/v2\/users\/1"}],"replies":[{"embeddable":true,"href":"http:\/\/www.vinceneux.fr\/Photoblog\/index.php?rest_route=%2Fwp%2Fv2%2Fcomments&post=326"}],"version-history":[{"count":5,"href":"http:\/\/www.vinceneux.fr\/Photoblog\/index.php?rest_route=\/wp\/v2\/posts\/326\/revisions"}],"predecessor-version":[{"id":332,"href":"http:\/\/www.vinceneux.fr\/Photoblog\/index.php?rest_route=\/wp\/v2\/posts\/326\/revisions\/332"}],"wp:attachment":[{"href":"http:\/\/www.vinceneux.fr\/Photoblog\/index.php?rest_route=%2Fwp%2Fv2%2Fmedia&parent=326"}],"wp:term":[{"taxonomy":"category","embeddable":true,"href":"http:\/\/www.vinceneux.fr\/Photoblog\/index.php?rest_route=%2Fwp%2Fv2%2Fcategories&post=326"},{"taxonomy":"post_tag","embeddable":true,"href":"http:\/\/www.vinceneux.fr\/Photoblog\/index.php?rest_route=%2Fwp%2Fv2%2Ftags&post=326"}],"curies":[{"name":"wp","href":"https:\/\/api.w.org\/{rel}","templated":true}]}}