{"id":3236,"date":"2026-03-30T11:18:59","date_gmt":"2026-03-30T09:18:59","guid":{"rendered":"http:\/\/www.vinceneux.fr\/Photoblog\/?p=3236"},"modified":"2026-03-30T11:25:02","modified_gmt":"2026-03-30T09:25:02","slug":"exposition-a-la-ville-en-bois-a-nantes","status":"publish","type":"post","link":"http:\/\/www.vinceneux.fr\/Photoblog\/?p=3236","title":{"rendered":"Exposition \u00e0 la Ville en Bois \u00e0 Nantes"},"content":{"rendered":"\n<p>Hola, j&rsquo;expose dans le cadre du collectif LesPasNets \u00e0 la Ville en Bois \u00e0 Nantes en Avril 2026.<br>Vernissage le <strong>Vendredi 17 Avril 2026 \u00e0 18h30<\/strong> en musique (Clarinette et Guitare).<\/p>\n\n\n\n<figure class=\"wp-block-image size-large\"><img loading=\"lazy\" decoding=\"async\" width=\"724\" height=\"1024\" src=\"http:\/\/www.vinceneux.fr\/Photoblog\/wp-content\/uploads\/2026\/03\/Affiche_LesPasNet_Ville_en_Bois-1-724x1024.jpg\" alt=\"\" class=\"wp-image-3238\" srcset=\"http:\/\/www.vinceneux.fr\/Photoblog\/wp-content\/uploads\/2026\/03\/Affiche_LesPasNet_Ville_en_Bois-1-724x1024.jpg 724w, http:\/\/www.vinceneux.fr\/Photoblog\/wp-content\/uploads\/2026\/03\/Affiche_LesPasNet_Ville_en_Bois-1-424x600.jpg 424w, http:\/\/www.vinceneux.fr\/Photoblog\/wp-content\/uploads\/2026\/03\/Affiche_LesPasNet_Ville_en_Bois-1-141x200.jpg 141w, http:\/\/www.vinceneux.fr\/Photoblog\/wp-content\/uploads\/2026\/03\/Affiche_LesPasNet_Ville_en_Bois-1-1086x1536.jpg 1086w, http:\/\/www.vinceneux.fr\/Photoblog\/wp-content\/uploads\/2026\/03\/Affiche_LesPasNet_Ville_en_Bois-1-1448x2048.jpg 1448w, http:\/\/www.vinceneux.fr\/Photoblog\/wp-content\/uploads\/2026\/03\/Affiche_LesPasNet_Ville_en_Bois-1-scaled.jpg 1811w\" sizes=\"auto, (max-width: 724px) 100vw, 724px\" \/><\/figure>\n\n\n\n<p><\/p>\n","protected":false},"excerpt":{"rendered":"<p>Hola, j&rsquo;expose dans le cadre du collectif LesPasNets \u00e0 la Ville en Bois \u00e0 Nantes en Avril 2026.Vernissage le Vendredi 17 Avril 2026 \u00e0 18h30 en musique (Clarinette et Guitare).<\/p>\n","protected":false},"author":1,"featured_media":3237,"comment_status":"open","ping_status":"open","sticky":false,"template":"","format":"standard","meta":{"_kad_post_transparent":"","_kad_post_title":"","_kad_post_layout":"default","_kad_post_sidebar_id":"","_kad_post_content_style":"","_kad_post_vertical_padding":"","_kad_post_feature":"","_kad_post_feature_position":"","_kad_post_header":false,"_kad_post_footer":false,"_kad_post_classname":"","footnotes":""},"categories":[2],"tags":[],"class_list":["post-3236","post","type-post","status-publish","format-standard","has-post-thumbnail","hentry","category-expositions"],"_links":{"self":[{"href":"http:\/\/www.vinceneux.fr\/Photoblog\/index.php?rest_route=\/wp\/v2\/posts\/3236","targetHints":{"allow":["GET"]}}],"collection":[{"href":"http:\/\/www.vinceneux.fr\/Photoblog\/index.php?rest_route=\/wp\/v2\/posts"}],"about":[{"href":"http:\/\/www.vinceneux.fr\/Photoblog\/index.php?rest_route=\/wp\/v2\/types\/post"}],"author":[{"embeddable":true,"href":"http:\/\/www.vinceneux.fr\/Photoblog\/index.php?rest_route=\/wp\/v2\/users\/1"}],"replies":[{"embeddable":true,"href":"http:\/\/www.vinceneux.fr\/Photoblog\/index.php?rest_route=%2Fwp%2Fv2%2Fcomments&post=3236"}],"version-history":[{"count":3,"href":"http:\/\/www.vinceneux.fr\/Photoblog\/index.php?rest_route=\/wp\/v2\/posts\/3236\/revisions"}],"predecessor-version":[{"id":3243,"href":"http:\/\/www.vinceneux.fr\/Photoblog\/index.php?rest_route=\/wp\/v2\/posts\/3236\/revisions\/3243"}],"wp:featuredmedia":[{"embeddable":true,"href":"http:\/\/www.vinceneux.fr\/Photoblog\/index.php?rest_route=\/wp\/v2\/media\/3237"}],"wp:attachment":[{"href":"http:\/\/www.vinceneux.fr\/Photoblog\/index.php?rest_route=%2Fwp%2Fv2%2Fmedia&parent=3236"}],"wp:term":[{"taxonomy":"category","embeddable":true,"href":"http:\/\/www.vinceneux.fr\/Photoblog\/index.php?rest_route=%2Fwp%2Fv2%2Fcategories&post=3236"},{"taxonomy":"post_tag","embeddable":true,"href":"http:\/\/www.vinceneux.fr\/Photoblog\/index.php?rest_route=%2Fwp%2Fv2%2Ftags&post=3236"}],"curies":[{"name":"wp","href":"https:\/\/api.w.org\/{rel}","templated":true}]}}