{"id":3127,"date":"2025-07-09T10:06:48","date_gmt":"2025-07-09T08:06:48","guid":{"rendered":"http:\/\/www.vinceneux.fr\/Photoblog\/?p=3127"},"modified":"2025-07-09T10:06:48","modified_gmt":"2025-07-09T08:06:48","slug":"j19-20-lires-muxia","status":"publish","type":"post","link":"http:\/\/www.vinceneux.fr\/Photoblog\/?p=3127","title":{"rendered":"J19\/20 : Lir\u00e9s &#8211; Muxia"},"content":{"rendered":"\n<p>Derni\u00e8re \u00e9tape vers Muxia comme tout p\u00e8lerin ; ainsi je termine un Camino commenc\u00e9 au Puy en Velay en 2020, puis continu\u00e9 par le Camino Franc\u00e9s jusqu&rsquo;\u00e0 Saint Jacques de Compostelle l&rsquo;ann\u00e9e derni\u00e8re, et cette ann\u00e9e jusqu&rsquo;au Cap Finisterre et Muxia.<br>L\u00e0 je d\u00e9couvre cette autre presqu&rsquo;\u00eele du bout du monde, son \u00e9glise et surtout sa gigantesque sculpture de 11 m de haut et en seulement 2 morceaux, chacun parait-il de 200 Tonnes : <br>un d\u00e9fi \u00e0 la construction ! <\/p>\n\n\n\n<figure class=\"wp-block-image size-large\"><a href=\"http:\/\/www.vinceneux.fr\/Photoblog\/wp-content\/uploads\/2025\/07\/w_100_2025_Compostelle__6150224.jpg\"><img loading=\"lazy\" decoding=\"async\" width=\"1024\" height=\"1024\" src=\"http:\/\/www.vinceneux.fr\/Photoblog\/wp-content\/uploads\/2025\/07\/w_100_2025_Compostelle__6150224-1024x1024.jpg\" alt=\"\" class=\"wp-image-3129\" srcset=\"http:\/\/www.vinceneux.fr\/Photoblog\/wp-content\/uploads\/2025\/07\/w_100_2025_Compostelle__6150224-1024x1024.jpg 1024w, http:\/\/www.vinceneux.fr\/Photoblog\/wp-content\/uploads\/2025\/07\/w_100_2025_Compostelle__6150224-600x600.jpg 600w, http:\/\/www.vinceneux.fr\/Photoblog\/wp-content\/uploads\/2025\/07\/w_100_2025_Compostelle__6150224-200x200.jpg 200w, http:\/\/www.vinceneux.fr\/Photoblog\/wp-content\/uploads\/2025\/07\/w_100_2025_Compostelle__6150224-1536x1536.jpg 1536w, http:\/\/www.vinceneux.fr\/Photoblog\/wp-content\/uploads\/2025\/07\/w_100_2025_Compostelle__6150224.jpg 1920w\" sizes=\"auto, (max-width: 1024px) 100vw, 1024px\" \/><\/a><\/figure>\n\n\n\n<figure class=\"wp-block-image size-large\"><a href=\"http:\/\/www.vinceneux.fr\/Photoblog\/wp-content\/uploads\/2025\/07\/w_101_20250615121525.jpg\"><img loading=\"lazy\" decoding=\"async\" width=\"1536\" height=\"1024\" src=\"http:\/\/www.vinceneux.fr\/Photoblog\/wp-content\/uploads\/2025\/07\/w_101_20250615121525-1536x1024.jpg\" alt=\"\" class=\"wp-image-3130\" srcset=\"http:\/\/www.vinceneux.fr\/Photoblog\/wp-content\/uploads\/2025\/07\/w_101_20250615121525-1536x1024.jpg 1536w, http:\/\/www.vinceneux.fr\/Photoblog\/wp-content\/uploads\/2025\/07\/w_101_20250615121525-900x600.jpg 900w, http:\/\/www.vinceneux.fr\/Photoblog\/wp-content\/uploads\/2025\/07\/w_101_20250615121525-300x200.jpg 300w, http:\/\/www.vinceneux.fr\/Photoblog\/wp-content\/uploads\/2025\/07\/w_101_20250615121525.jpg 1920w\" sizes=\"auto, (max-width: 1536px) 100vw, 1536px\" \/><\/a><\/figure>\n\n\n\n<figure class=\"wp-block-image size-large\"><a href=\"http:\/\/www.vinceneux.fr\/Photoblog\/wp-content\/uploads\/2025\/07\/w_105_2025_Compostelle__6150234.jpg\"><img loading=\"lazy\" decoding=\"async\" width=\"1365\" height=\"1024\" src=\"http:\/\/www.vinceneux.fr\/Photoblog\/wp-content\/uploads\/2025\/07\/w_105_2025_Compostelle__6150234-1365x1024.jpg\" alt=\"\" class=\"wp-image-3131\" srcset=\"http:\/\/www.vinceneux.fr\/Photoblog\/wp-content\/uploads\/2025\/07\/w_105_2025_Compostelle__6150234-1365x1024.jpg 1365w, http:\/\/www.vinceneux.fr\/Photoblog\/wp-content\/uploads\/2025\/07\/w_105_2025_Compostelle__6150234-800x600.jpg 800w, http:\/\/www.vinceneux.fr\/Photoblog\/wp-content\/uploads\/2025\/07\/w_105_2025_Compostelle__6150234-267x200.jpg 267w, http:\/\/www.vinceneux.fr\/Photoblog\/wp-content\/uploads\/2025\/07\/w_105_2025_Compostelle__6150234-1536x1152.jpg 1536w, http:\/\/www.vinceneux.fr\/Photoblog\/wp-content\/uploads\/2025\/07\/w_105_2025_Compostelle__6150234.jpg 1920w\" sizes=\"auto, (max-width: 1365px) 100vw, 1365px\" \/><\/a><\/figure>\n\n\n\n<figure class=\"wp-block-image size-large\"><a href=\"http:\/\/www.vinceneux.fr\/Photoblog\/wp-content\/uploads\/2025\/07\/w_111_20250615_154345.jpg\"><img loading=\"lazy\" decoding=\"async\" width=\"1600\" height=\"900\" src=\"http:\/\/www.vinceneux.fr\/Photoblog\/wp-content\/uploads\/2025\/07\/w_111_20250615_154345-1600x900.jpg\" alt=\"\" class=\"wp-image-3132\" srcset=\"http:\/\/www.vinceneux.fr\/Photoblog\/wp-content\/uploads\/2025\/07\/w_111_20250615_154345-1600x900.jpg 1600w, http:\/\/www.vinceneux.fr\/Photoblog\/wp-content\/uploads\/2025\/07\/w_111_20250615_154345-900x506.jpg 900w, http:\/\/www.vinceneux.fr\/Photoblog\/wp-content\/uploads\/2025\/07\/w_111_20250615_154345-300x169.jpg 300w, http:\/\/www.vinceneux.fr\/Photoblog\/wp-content\/uploads\/2025\/07\/w_111_20250615_154345-1536x864.jpg 1536w, http:\/\/www.vinceneux.fr\/Photoblog\/wp-content\/uploads\/2025\/07\/w_111_20250615_154345.jpg 1920w\" sizes=\"auto, (max-width: 1600px) 100vw, 1600px\" \/><\/a><\/figure>\n\n\n\n<figure class=\"wp-block-image size-large\"><a href=\"http:\/\/www.vinceneux.fr\/Photoblog\/wp-content\/uploads\/2025\/07\/w_107_2025_Compostelle__6150241.jpg\"><img loading=\"lazy\" decoding=\"async\" width=\"768\" height=\"1024\" src=\"http:\/\/www.vinceneux.fr\/Photoblog\/wp-content\/uploads\/2025\/07\/w_107_2025_Compostelle__6150241-768x1024.jpg\" alt=\"\" class=\"wp-image-3133\" srcset=\"http:\/\/www.vinceneux.fr\/Photoblog\/wp-content\/uploads\/2025\/07\/w_107_2025_Compostelle__6150241-768x1024.jpg 768w, http:\/\/www.vinceneux.fr\/Photoblog\/wp-content\/uploads\/2025\/07\/w_107_2025_Compostelle__6150241-450x600.jpg 450w, http:\/\/www.vinceneux.fr\/Photoblog\/wp-content\/uploads\/2025\/07\/w_107_2025_Compostelle__6150241-150x200.jpg 150w, http:\/\/www.vinceneux.fr\/Photoblog\/wp-content\/uploads\/2025\/07\/w_107_2025_Compostelle__6150241-1152x1536.jpg 1152w, http:\/\/www.vinceneux.fr\/Photoblog\/wp-content\/uploads\/2025\/07\/w_107_2025_Compostelle__6150241.jpg 1440w\" sizes=\"auto, (max-width: 768px) 100vw, 768px\" \/><\/a><\/figure>\n\n\n\n<figure class=\"wp-block-image size-large\"><a href=\"http:\/\/www.vinceneux.fr\/Photoblog\/wp-content\/uploads\/2025\/07\/w_108_2025_Compostelle__6150247.jpg\"><img loading=\"lazy\" decoding=\"async\" width=\"683\" height=\"1024\" src=\"http:\/\/www.vinceneux.fr\/Photoblog\/wp-content\/uploads\/2025\/07\/w_108_2025_Compostelle__6150247-683x1024.jpg\" alt=\"\" class=\"wp-image-3134\" srcset=\"http:\/\/www.vinceneux.fr\/Photoblog\/wp-content\/uploads\/2025\/07\/w_108_2025_Compostelle__6150247-683x1024.jpg 683w, http:\/\/www.vinceneux.fr\/Photoblog\/wp-content\/uploads\/2025\/07\/w_108_2025_Compostelle__6150247-400x600.jpg 400w, http:\/\/www.vinceneux.fr\/Photoblog\/wp-content\/uploads\/2025\/07\/w_108_2025_Compostelle__6150247-133x200.jpg 133w, http:\/\/www.vinceneux.fr\/Photoblog\/wp-content\/uploads\/2025\/07\/w_108_2025_Compostelle__6150247-1024x1536.jpg 1024w, http:\/\/www.vinceneux.fr\/Photoblog\/wp-content\/uploads\/2025\/07\/w_108_2025_Compostelle__6150247.jpg 1280w\" sizes=\"auto, (max-width: 683px) 100vw, 683px\" \/><\/a><\/figure>\n\n\n\n<figure class=\"wp-block-image size-large\"><a href=\"http:\/\/www.vinceneux.fr\/Photoblog\/wp-content\/uploads\/2025\/07\/w_109_2025_Compostelle__6150253.jpg\"><img loading=\"lazy\" decoding=\"async\" width=\"1536\" height=\"1024\" src=\"http:\/\/www.vinceneux.fr\/Photoblog\/wp-content\/uploads\/2025\/07\/w_109_2025_Compostelle__6150253-1536x1024.jpg\" alt=\"\" class=\"wp-image-3135\" srcset=\"http:\/\/www.vinceneux.fr\/Photoblog\/wp-content\/uploads\/2025\/07\/w_109_2025_Compostelle__6150253-1536x1024.jpg 1536w, http:\/\/www.vinceneux.fr\/Photoblog\/wp-content\/uploads\/2025\/07\/w_109_2025_Compostelle__6150253-900x600.jpg 900w, http:\/\/www.vinceneux.fr\/Photoblog\/wp-content\/uploads\/2025\/07\/w_109_2025_Compostelle__6150253-300x200.jpg 300w, http:\/\/www.vinceneux.fr\/Photoblog\/wp-content\/uploads\/2025\/07\/w_109_2025_Compostelle__6150253.jpg 1920w\" sizes=\"auto, (max-width: 1536px) 100vw, 1536px\" \/><\/a><\/figure>\n\n\n\n<figure class=\"wp-block-image size-large\"><a href=\"http:\/\/www.vinceneux.fr\/Photoblog\/wp-content\/uploads\/2025\/07\/w_106_2025_Compostelle__6150236.jpg\"><img loading=\"lazy\" decoding=\"async\" width=\"1536\" height=\"1024\" src=\"http:\/\/www.vinceneux.fr\/Photoblog\/wp-content\/uploads\/2025\/07\/w_106_2025_Compostelle__6150236-1536x1024.jpg\" alt=\"\" class=\"wp-image-3136\" srcset=\"http:\/\/www.vinceneux.fr\/Photoblog\/wp-content\/uploads\/2025\/07\/w_106_2025_Compostelle__6150236-1536x1024.jpg 1536w, http:\/\/www.vinceneux.fr\/Photoblog\/wp-content\/uploads\/2025\/07\/w_106_2025_Compostelle__6150236-900x600.jpg 900w, http:\/\/www.vinceneux.fr\/Photoblog\/wp-content\/uploads\/2025\/07\/w_106_2025_Compostelle__6150236-300x200.jpg 300w, http:\/\/www.vinceneux.fr\/Photoblog\/wp-content\/uploads\/2025\/07\/w_106_2025_Compostelle__6150236.jpg 1920w\" sizes=\"auto, (max-width: 1536px) 100vw, 1536px\" \/><\/a><\/figure>\n\n\n\n<figure class=\"wp-block-image size-large\"><a href=\"http:\/\/www.vinceneux.fr\/Photoblog\/wp-content\/uploads\/2025\/07\/w_114_20250615_161454.jpg\"><img loading=\"lazy\" decoding=\"async\" width=\"768\" height=\"1024\" src=\"http:\/\/www.vinceneux.fr\/Photoblog\/wp-content\/uploads\/2025\/07\/w_114_20250615_161454-768x1024.jpg\" alt=\"\" class=\"wp-image-3137\" srcset=\"http:\/\/www.vinceneux.fr\/Photoblog\/wp-content\/uploads\/2025\/07\/w_114_20250615_161454-768x1024.jpg 768w, http:\/\/www.vinceneux.fr\/Photoblog\/wp-content\/uploads\/2025\/07\/w_114_20250615_161454-450x600.jpg 450w, http:\/\/www.vinceneux.fr\/Photoblog\/wp-content\/uploads\/2025\/07\/w_114_20250615_161454-150x200.jpg 150w, http:\/\/www.vinceneux.fr\/Photoblog\/wp-content\/uploads\/2025\/07\/w_114_20250615_161454-1152x1536.jpg 1152w, http:\/\/www.vinceneux.fr\/Photoblog\/wp-content\/uploads\/2025\/07\/w_114_20250615_161454.jpg 1440w\" sizes=\"auto, (max-width: 768px) 100vw, 768px\" \/><\/a><\/figure>\n","protected":false},"excerpt":{"rendered":"<p>Derni\u00e8re \u00e9tape vers Muxia comme tout p\u00e8lerin ; ainsi je termine un Camino commenc\u00e9 au Puy en Velay en 2020, puis continu\u00e9 par le Camino Franc\u00e9s jusqu&rsquo;\u00e0 Saint Jacques de Compostelle l&rsquo;ann\u00e9e derni\u00e8re, et cette ann\u00e9e jusqu&rsquo;au Cap Finisterre et Muxia.L\u00e0 je d\u00e9couvre cette autre presqu&rsquo;\u00eele du bout du monde, son \u00e9glise et surtout sa&#8230;<\/p>\n","protected":false},"author":1,"featured_media":3138,"comment_status":"open","ping_status":"open","sticky":false,"template":"","format":"standard","meta":{"_kad_post_transparent":"","_kad_post_title":"","_kad_post_layout":"","_kad_post_sidebar_id":"","_kad_post_content_style":"","_kad_post_vertical_padding":"","_kad_post_feature":"","_kad_post_feature_position":"","_kad_post_header":false,"_kad_post_footer":false,"_kad_post_classname":"","footnotes":""},"categories":[18],"tags":[],"class_list":["post-3127","post","type-post","status-publish","format-standard","has-post-thumbnail","hentry","category-compostelle"],"_links":{"self":[{"href":"http:\/\/www.vinceneux.fr\/Photoblog\/index.php?rest_route=\/wp\/v2\/posts\/3127","targetHints":{"allow":["GET"]}}],"collection":[{"href":"http:\/\/www.vinceneux.fr\/Photoblog\/index.php?rest_route=\/wp\/v2\/posts"}],"about":[{"href":"http:\/\/www.vinceneux.fr\/Photoblog\/index.php?rest_route=\/wp\/v2\/types\/post"}],"author":[{"embeddable":true,"href":"http:\/\/www.vinceneux.fr\/Photoblog\/index.php?rest_route=\/wp\/v2\/users\/1"}],"replies":[{"embeddable":true,"href":"http:\/\/www.vinceneux.fr\/Photoblog\/index.php?rest_route=%2Fwp%2Fv2%2Fcomments&post=3127"}],"version-history":[{"count":2,"href":"http:\/\/www.vinceneux.fr\/Photoblog\/index.php?rest_route=\/wp\/v2\/posts\/3127\/revisions"}],"predecessor-version":[{"id":3139,"href":"http:\/\/www.vinceneux.fr\/Photoblog\/index.php?rest_route=\/wp\/v2\/posts\/3127\/revisions\/3139"}],"wp:featuredmedia":[{"embeddable":true,"href":"http:\/\/www.vinceneux.fr\/Photoblog\/index.php?rest_route=\/wp\/v2\/media\/3138"}],"wp:attachment":[{"href":"http:\/\/www.vinceneux.fr\/Photoblog\/index.php?rest_route=%2Fwp%2Fv2%2Fmedia&parent=3127"}],"wp:term":[{"taxonomy":"category","embeddable":true,"href":"http:\/\/www.vinceneux.fr\/Photoblog\/index.php?rest_route=%2Fwp%2Fv2%2Fcategories&post=3127"},{"taxonomy":"post_tag","embeddable":true,"href":"http:\/\/www.vinceneux.fr\/Photoblog\/index.php?rest_route=%2Fwp%2Fv2%2Ftags&post=3127"}],"curies":[{"name":"wp","href":"https:\/\/api.w.org\/{rel}","templated":true}]}}