{"id":3055,"date":"2025-07-04T11:56:01","date_gmt":"2025-07-04T09:56:01","guid":{"rendered":"http:\/\/www.vinceneux.fr\/Photoblog\/?p=3055"},"modified":"2025-07-04T11:56:01","modified_gmt":"2025-07-04T09:56:01","slug":"j14-20-negreira-santa-marina","status":"publish","type":"post","link":"http:\/\/www.vinceneux.fr\/Photoblog\/?p=3055","title":{"rendered":"J14\/20 : Negreira &#8211; Santa Mari\u00f1a"},"content":{"rendered":"\n<p>\u00c9tape interm\u00e9diaire : on monte sur les chaumes puis on chemine jusqu&rsquo;\u00e0 ce petit village.<\/p>\n\n\n\n<figure class=\"wp-block-image size-large\"><a href=\"http:\/\/www.vinceneux.fr\/Photoblog\/wp-content\/uploads\/2025\/07\/w_100_2025_Compostelle__6100495.jpg\"><img loading=\"lazy\" decoding=\"async\" width=\"1536\" height=\"1024\" src=\"http:\/\/www.vinceneux.fr\/Photoblog\/wp-content\/uploads\/2025\/07\/w_100_2025_Compostelle__6100495-1536x1024.jpg\" alt=\"\" class=\"wp-image-3056\" srcset=\"http:\/\/www.vinceneux.fr\/Photoblog\/wp-content\/uploads\/2025\/07\/w_100_2025_Compostelle__6100495-1536x1024.jpg 1536w, http:\/\/www.vinceneux.fr\/Photoblog\/wp-content\/uploads\/2025\/07\/w_100_2025_Compostelle__6100495-900x600.jpg 900w, http:\/\/www.vinceneux.fr\/Photoblog\/wp-content\/uploads\/2025\/07\/w_100_2025_Compostelle__6100495-300x200.jpg 300w, http:\/\/www.vinceneux.fr\/Photoblog\/wp-content\/uploads\/2025\/07\/w_100_2025_Compostelle__6100495.jpg 1920w\" sizes=\"auto, (max-width: 1536px) 100vw, 1536px\" \/><\/a><\/figure>\n\n\n\n<p class=\"has-text-align-center\">Au petit matin &#8230;<\/p>\n\n\n\n<figure class=\"wp-block-image size-large\"><a href=\"http:\/\/www.vinceneux.fr\/Photoblog\/wp-content\/uploads\/2025\/07\/w_101_2025_Compostelle__6100499.jpg\"><img loading=\"lazy\" decoding=\"async\" width=\"768\" height=\"1024\" src=\"http:\/\/www.vinceneux.fr\/Photoblog\/wp-content\/uploads\/2025\/07\/w_101_2025_Compostelle__6100499-768x1024.jpg\" alt=\"\" class=\"wp-image-3057\" srcset=\"http:\/\/www.vinceneux.fr\/Photoblog\/wp-content\/uploads\/2025\/07\/w_101_2025_Compostelle__6100499-768x1024.jpg 768w, http:\/\/www.vinceneux.fr\/Photoblog\/wp-content\/uploads\/2025\/07\/w_101_2025_Compostelle__6100499-450x600.jpg 450w, http:\/\/www.vinceneux.fr\/Photoblog\/wp-content\/uploads\/2025\/07\/w_101_2025_Compostelle__6100499-150x200.jpg 150w, http:\/\/www.vinceneux.fr\/Photoblog\/wp-content\/uploads\/2025\/07\/w_101_2025_Compostelle__6100499-1152x1536.jpg 1152w, http:\/\/www.vinceneux.fr\/Photoblog\/wp-content\/uploads\/2025\/07\/w_101_2025_Compostelle__6100499.jpg 1440w\" sizes=\"auto, (max-width: 768px) 100vw, 768px\" \/><\/a><\/figure>\n\n\n\n<p class=\"has-text-align-center\">Comme sur le Camino Franc\u00e9s, le p\u00e8lerin au petit matin contemple son ombre devant lui  :<br>son \u00e2me ? son pass\u00e9 ?&#8230;<\/p>\n\n\n\n<figure class=\"wp-block-image size-large\"><a href=\"http:\/\/www.vinceneux.fr\/Photoblog\/wp-content\/uploads\/2025\/07\/w_102_2025_Compostelle__6100504.jpg\"><img loading=\"lazy\" decoding=\"async\" width=\"1600\" height=\"900\" src=\"http:\/\/www.vinceneux.fr\/Photoblog\/wp-content\/uploads\/2025\/07\/w_102_2025_Compostelle__6100504-1600x900.jpg\" alt=\"\" class=\"wp-image-3058\" srcset=\"http:\/\/www.vinceneux.fr\/Photoblog\/wp-content\/uploads\/2025\/07\/w_102_2025_Compostelle__6100504-1600x900.jpg 1600w, http:\/\/www.vinceneux.fr\/Photoblog\/wp-content\/uploads\/2025\/07\/w_102_2025_Compostelle__6100504-900x506.jpg 900w, http:\/\/www.vinceneux.fr\/Photoblog\/wp-content\/uploads\/2025\/07\/w_102_2025_Compostelle__6100504-300x169.jpg 300w, http:\/\/www.vinceneux.fr\/Photoblog\/wp-content\/uploads\/2025\/07\/w_102_2025_Compostelle__6100504-1536x864.jpg 1536w, http:\/\/www.vinceneux.fr\/Photoblog\/wp-content\/uploads\/2025\/07\/w_102_2025_Compostelle__6100504.jpg 1920w\" sizes=\"auto, (max-width: 1600px) 100vw, 1600px\" \/><\/a><\/figure>\n\n\n\n<figure class=\"wp-block-image size-large\"><a href=\"http:\/\/www.vinceneux.fr\/Photoblog\/wp-content\/uploads\/2025\/07\/w_103_2025_Compostelle__6100522.jpg\"><img loading=\"lazy\" decoding=\"async\" width=\"1536\" height=\"1024\" src=\"http:\/\/www.vinceneux.fr\/Photoblog\/wp-content\/uploads\/2025\/07\/w_103_2025_Compostelle__6100522-1536x1024.jpg\" alt=\"\" class=\"wp-image-3059\" srcset=\"http:\/\/www.vinceneux.fr\/Photoblog\/wp-content\/uploads\/2025\/07\/w_103_2025_Compostelle__6100522-1536x1024.jpg 1536w, http:\/\/www.vinceneux.fr\/Photoblog\/wp-content\/uploads\/2025\/07\/w_103_2025_Compostelle__6100522-900x600.jpg 900w, http:\/\/www.vinceneux.fr\/Photoblog\/wp-content\/uploads\/2025\/07\/w_103_2025_Compostelle__6100522-300x200.jpg 300w, http:\/\/www.vinceneux.fr\/Photoblog\/wp-content\/uploads\/2025\/07\/w_103_2025_Compostelle__6100522.jpg 1920w\" sizes=\"auto, (max-width: 1536px) 100vw, 1536px\" \/><\/a><\/figure>\n\n\n\n<p class=\"has-text-align-center\">El <strong>h\u00f3rreo gallego<\/strong> grenier \u00e0 grains ou ma\u00efs, typique de Galice.<\/p>\n\n\n\n<figure class=\"wp-block-image size-large\"><a href=\"http:\/\/www.vinceneux.fr\/Photoblog\/wp-content\/uploads\/2025\/07\/w_104_2025_Compostelle__6100524.jpg\"><img loading=\"lazy\" decoding=\"async\" width=\"1536\" height=\"1024\" src=\"http:\/\/www.vinceneux.fr\/Photoblog\/wp-content\/uploads\/2025\/07\/w_104_2025_Compostelle__6100524-1536x1024.jpg\" alt=\"\" class=\"wp-image-3060\" srcset=\"http:\/\/www.vinceneux.fr\/Photoblog\/wp-content\/uploads\/2025\/07\/w_104_2025_Compostelle__6100524-1536x1024.jpg 1536w, http:\/\/www.vinceneux.fr\/Photoblog\/wp-content\/uploads\/2025\/07\/w_104_2025_Compostelle__6100524-900x600.jpg 900w, http:\/\/www.vinceneux.fr\/Photoblog\/wp-content\/uploads\/2025\/07\/w_104_2025_Compostelle__6100524-300x200.jpg 300w, http:\/\/www.vinceneux.fr\/Photoblog\/wp-content\/uploads\/2025\/07\/w_104_2025_Compostelle__6100524.jpg 1920w\" sizes=\"auto, (max-width: 1536px) 100vw, 1536px\" \/><\/a><\/figure>\n\n\n\n<figure class=\"wp-block-image size-large\"><a href=\"http:\/\/www.vinceneux.fr\/Photoblog\/wp-content\/uploads\/2025\/07\/w_105_2025_Compostelle__6100525-1.jpg\"><img loading=\"lazy\" decoding=\"async\" width=\"1365\" height=\"1024\" src=\"http:\/\/www.vinceneux.fr\/Photoblog\/wp-content\/uploads\/2025\/07\/w_105_2025_Compostelle__6100525-1-1365x1024.jpg\" alt=\"\" class=\"wp-image-3062\" srcset=\"http:\/\/www.vinceneux.fr\/Photoblog\/wp-content\/uploads\/2025\/07\/w_105_2025_Compostelle__6100525-1-1365x1024.jpg 1365w, http:\/\/www.vinceneux.fr\/Photoblog\/wp-content\/uploads\/2025\/07\/w_105_2025_Compostelle__6100525-1-800x600.jpg 800w, http:\/\/www.vinceneux.fr\/Photoblog\/wp-content\/uploads\/2025\/07\/w_105_2025_Compostelle__6100525-1-267x200.jpg 267w, http:\/\/www.vinceneux.fr\/Photoblog\/wp-content\/uploads\/2025\/07\/w_105_2025_Compostelle__6100525-1-1536x1152.jpg 1536w, http:\/\/www.vinceneux.fr\/Photoblog\/wp-content\/uploads\/2025\/07\/w_105_2025_Compostelle__6100525-1.jpg 1920w\" sizes=\"auto, (max-width: 1365px) 100vw, 1365px\" \/><\/a><\/figure>\n\n\n\n<p class=\"has-text-align-center\">Aujourd&rsquo;hui la porte est ferm\u00e9e !<\/p>\n","protected":false},"excerpt":{"rendered":"<p>\u00c9tape interm\u00e9diaire : on monte sur les chaumes puis on chemine jusqu&rsquo;\u00e0 ce petit village. Au petit matin &#8230; Comme sur le Camino Franc\u00e9s, le p\u00e8lerin au petit matin contemple son ombre devant lui :son \u00e2me ? son pass\u00e9 ?&#8230; El h\u00f3rreo gallego grenier \u00e0 grains ou ma\u00efs, typique de Galice. Aujourd&rsquo;hui la porte est&#8230;<\/p>\n","protected":false},"author":1,"featured_media":3063,"comment_status":"open","ping_status":"open","sticky":false,"template":"","format":"standard","meta":{"_kad_post_transparent":"","_kad_post_title":"","_kad_post_layout":"","_kad_post_sidebar_id":"","_kad_post_content_style":"","_kad_post_vertical_padding":"","_kad_post_feature":"","_kad_post_feature_position":"","_kad_post_header":false,"_kad_post_footer":false,"_kad_post_classname":"","footnotes":""},"categories":[18],"tags":[],"class_list":["post-3055","post","type-post","status-publish","format-standard","has-post-thumbnail","hentry","category-compostelle"],"_links":{"self":[{"href":"http:\/\/www.vinceneux.fr\/Photoblog\/index.php?rest_route=\/wp\/v2\/posts\/3055","targetHints":{"allow":["GET"]}}],"collection":[{"href":"http:\/\/www.vinceneux.fr\/Photoblog\/index.php?rest_route=\/wp\/v2\/posts"}],"about":[{"href":"http:\/\/www.vinceneux.fr\/Photoblog\/index.php?rest_route=\/wp\/v2\/types\/post"}],"author":[{"embeddable":true,"href":"http:\/\/www.vinceneux.fr\/Photoblog\/index.php?rest_route=\/wp\/v2\/users\/1"}],"replies":[{"embeddable":true,"href":"http:\/\/www.vinceneux.fr\/Photoblog\/index.php?rest_route=%2Fwp%2Fv2%2Fcomments&post=3055"}],"version-history":[{"count":1,"href":"http:\/\/www.vinceneux.fr\/Photoblog\/index.php?rest_route=\/wp\/v2\/posts\/3055\/revisions"}],"predecessor-version":[{"id":3064,"href":"http:\/\/www.vinceneux.fr\/Photoblog\/index.php?rest_route=\/wp\/v2\/posts\/3055\/revisions\/3064"}],"wp:featuredmedia":[{"embeddable":true,"href":"http:\/\/www.vinceneux.fr\/Photoblog\/index.php?rest_route=\/wp\/v2\/media\/3063"}],"wp:attachment":[{"href":"http:\/\/www.vinceneux.fr\/Photoblog\/index.php?rest_route=%2Fwp%2Fv2%2Fmedia&parent=3055"}],"wp:term":[{"taxonomy":"category","embeddable":true,"href":"http:\/\/www.vinceneux.fr\/Photoblog\/index.php?rest_route=%2Fwp%2Fv2%2Fcategories&post=3055"},{"taxonomy":"post_tag","embeddable":true,"href":"http:\/\/www.vinceneux.fr\/Photoblog\/index.php?rest_route=%2Fwp%2Fv2%2Ftags&post=3055"}],"curies":[{"name":"wp","href":"https:\/\/api.w.org\/{rel}","templated":true}]}}