{"id":3017,"date":"2025-07-02T08:52:42","date_gmt":"2025-07-02T06:52:42","guid":{"rendered":"http:\/\/www.vinceneux.fr\/Photoblog\/?p=3017"},"modified":"2025-07-02T16:26:26","modified_gmt":"2025-07-02T14:26:26","slug":"j12-20-saint-jacques-de-compostelle","status":"publish","type":"post","link":"http:\/\/www.vinceneux.fr\/Photoblog\/?p=3017","title":{"rendered":"J12\/20 : Saint Jacques de Compostelle"},"content":{"rendered":"\n<p>Deuxi\u00e8me jour \u00e0 Santiago de Compostela. J&rsquo;ai pu assister au fonctionnement du Botafumero, gigantesque encensoir, balanc\u00e9 dans les all\u00e9es du transept de la Cath\u00e9drale, puis messe avec Cardinal !<\/p>\n\n\n\n<figure class=\"wp-block-image size-large\"><a href=\"http:\/\/www.vinceneux.fr\/Photoblog\/wp-content\/uploads\/2025\/07\/w_101_2025_Compostelle__6080466.jpg\"><img loading=\"lazy\" decoding=\"async\" width=\"1365\" height=\"1024\" src=\"http:\/\/www.vinceneux.fr\/Photoblog\/wp-content\/uploads\/2025\/07\/w_101_2025_Compostelle__6080466-1365x1024.jpg\" alt=\"\" class=\"wp-image-3018\" srcset=\"http:\/\/www.vinceneux.fr\/Photoblog\/wp-content\/uploads\/2025\/07\/w_101_2025_Compostelle__6080466-1365x1024.jpg 1365w, http:\/\/www.vinceneux.fr\/Photoblog\/wp-content\/uploads\/2025\/07\/w_101_2025_Compostelle__6080466-800x600.jpg 800w, http:\/\/www.vinceneux.fr\/Photoblog\/wp-content\/uploads\/2025\/07\/w_101_2025_Compostelle__6080466-267x200.jpg 267w, http:\/\/www.vinceneux.fr\/Photoblog\/wp-content\/uploads\/2025\/07\/w_101_2025_Compostelle__6080466-1536x1152.jpg 1536w, http:\/\/www.vinceneux.fr\/Photoblog\/wp-content\/uploads\/2025\/07\/w_101_2025_Compostelle__6080466.jpg 1920w\" sizes=\"auto, (max-width: 1365px) 100vw, 1365px\" \/><\/a><\/figure>\n\n\n\n<figure class=\"wp-block-image size-large\"><a href=\"http:\/\/www.vinceneux.fr\/Photoblog\/wp-content\/uploads\/2025\/07\/w_107_2025_Compostelle__6080425.jpg\"><img loading=\"lazy\" decoding=\"async\" width=\"1365\" height=\"1024\" src=\"http:\/\/www.vinceneux.fr\/Photoblog\/wp-content\/uploads\/2025\/07\/w_107_2025_Compostelle__6080425-1365x1024.jpg\" alt=\"\" class=\"wp-image-3019\" srcset=\"http:\/\/www.vinceneux.fr\/Photoblog\/wp-content\/uploads\/2025\/07\/w_107_2025_Compostelle__6080425-1365x1024.jpg 1365w, http:\/\/www.vinceneux.fr\/Photoblog\/wp-content\/uploads\/2025\/07\/w_107_2025_Compostelle__6080425-800x600.jpg 800w, http:\/\/www.vinceneux.fr\/Photoblog\/wp-content\/uploads\/2025\/07\/w_107_2025_Compostelle__6080425-267x200.jpg 267w, http:\/\/www.vinceneux.fr\/Photoblog\/wp-content\/uploads\/2025\/07\/w_107_2025_Compostelle__6080425-1536x1152.jpg 1536w, http:\/\/www.vinceneux.fr\/Photoblog\/wp-content\/uploads\/2025\/07\/w_107_2025_Compostelle__6080425.jpg 1920w\" sizes=\"auto, (max-width: 1365px) 100vw, 1365px\" \/><\/a><\/figure>\n\n\n\n<figure class=\"wp-block-image size-large\"><a href=\"http:\/\/www.vinceneux.fr\/Photoblog\/wp-content\/uploads\/2025\/07\/w_125_2025_Compostelle__6070271-1.jpg\"><img loading=\"lazy\" decoding=\"async\" width=\"768\" height=\"1024\" src=\"http:\/\/www.vinceneux.fr\/Photoblog\/wp-content\/uploads\/2025\/07\/w_125_2025_Compostelle__6070271-1-768x1024.jpg\" alt=\"\" class=\"wp-image-3037\" srcset=\"http:\/\/www.vinceneux.fr\/Photoblog\/wp-content\/uploads\/2025\/07\/w_125_2025_Compostelle__6070271-1-768x1024.jpg 768w, http:\/\/www.vinceneux.fr\/Photoblog\/wp-content\/uploads\/2025\/07\/w_125_2025_Compostelle__6070271-1-450x600.jpg 450w, http:\/\/www.vinceneux.fr\/Photoblog\/wp-content\/uploads\/2025\/07\/w_125_2025_Compostelle__6070271-1-150x200.jpg 150w, http:\/\/www.vinceneux.fr\/Photoblog\/wp-content\/uploads\/2025\/07\/w_125_2025_Compostelle__6070271-1-1152x1536.jpg 1152w, http:\/\/www.vinceneux.fr\/Photoblog\/wp-content\/uploads\/2025\/07\/w_125_2025_Compostelle__6070271-1.jpg 1440w\" sizes=\"auto, (max-width: 768px) 100vw, 768px\" \/><\/a><\/figure>\n\n\n\n<figure class=\"wp-block-image size-large\"><a href=\"http:\/\/www.vinceneux.fr\/Photoblog\/wp-content\/uploads\/2025\/07\/w_105_2025_Compostelle__6080430.jpg\"><img loading=\"lazy\" decoding=\"async\" width=\"768\" height=\"1024\" src=\"http:\/\/www.vinceneux.fr\/Photoblog\/wp-content\/uploads\/2025\/07\/w_105_2025_Compostelle__6080430-768x1024.jpg\" alt=\"\" class=\"wp-image-3021\" srcset=\"http:\/\/www.vinceneux.fr\/Photoblog\/wp-content\/uploads\/2025\/07\/w_105_2025_Compostelle__6080430-768x1024.jpg 768w, http:\/\/www.vinceneux.fr\/Photoblog\/wp-content\/uploads\/2025\/07\/w_105_2025_Compostelle__6080430-450x600.jpg 450w, http:\/\/www.vinceneux.fr\/Photoblog\/wp-content\/uploads\/2025\/07\/w_105_2025_Compostelle__6080430-150x200.jpg 150w, http:\/\/www.vinceneux.fr\/Photoblog\/wp-content\/uploads\/2025\/07\/w_105_2025_Compostelle__6080430-1152x1536.jpg 1152w, http:\/\/www.vinceneux.fr\/Photoblog\/wp-content\/uploads\/2025\/07\/w_105_2025_Compostelle__6080430.jpg 1440w\" sizes=\"auto, (max-width: 768px) 100vw, 768px\" \/><\/a><\/figure>\n\n\n\n<p class=\"has-text-align-center\">Cath\u00e9drale qui confronte la sobri\u00e9t\u00e9 du style Roman dans la nef et le transept <br>avec la luxuriance des dorures du Ch\u0153ur de style Baroque.<\/p>\n\n\n\n<figure class=\"wp-block-image size-large\"><a href=\"http:\/\/www.vinceneux.fr\/Photoblog\/wp-content\/uploads\/2025\/07\/w_108_2025_Compostelle__6080418.jpg\"><img loading=\"lazy\" decoding=\"async\" width=\"683\" height=\"1024\" src=\"http:\/\/www.vinceneux.fr\/Photoblog\/wp-content\/uploads\/2025\/07\/w_108_2025_Compostelle__6080418-683x1024.jpg\" alt=\"\" class=\"wp-image-3022\" srcset=\"http:\/\/www.vinceneux.fr\/Photoblog\/wp-content\/uploads\/2025\/07\/w_108_2025_Compostelle__6080418-683x1024.jpg 683w, http:\/\/www.vinceneux.fr\/Photoblog\/wp-content\/uploads\/2025\/07\/w_108_2025_Compostelle__6080418-400x600.jpg 400w, http:\/\/www.vinceneux.fr\/Photoblog\/wp-content\/uploads\/2025\/07\/w_108_2025_Compostelle__6080418-133x200.jpg 133w, http:\/\/www.vinceneux.fr\/Photoblog\/wp-content\/uploads\/2025\/07\/w_108_2025_Compostelle__6080418-1024x1536.jpg 1024w, http:\/\/www.vinceneux.fr\/Photoblog\/wp-content\/uploads\/2025\/07\/w_108_2025_Compostelle__6080418.jpg 1280w\" sizes=\"auto, (max-width: 683px) 100vw, 683px\" \/><\/a><\/figure>\n\n\n\n<p class=\"has-text-align-center\">Le Botafumero.<\/p>\n\n\n\n<figure class=\"wp-block-image size-large\"><a href=\"http:\/\/www.vinceneux.fr\/Photoblog\/wp-content\/uploads\/2025\/07\/w_109_2025_Compostelle__6080406.jpg\"><img loading=\"lazy\" decoding=\"async\" width=\"1536\" height=\"1024\" src=\"http:\/\/www.vinceneux.fr\/Photoblog\/wp-content\/uploads\/2025\/07\/w_109_2025_Compostelle__6080406-1536x1024.jpg\" alt=\"\" class=\"wp-image-3023\" srcset=\"http:\/\/www.vinceneux.fr\/Photoblog\/wp-content\/uploads\/2025\/07\/w_109_2025_Compostelle__6080406-1536x1024.jpg 1536w, http:\/\/www.vinceneux.fr\/Photoblog\/wp-content\/uploads\/2025\/07\/w_109_2025_Compostelle__6080406-900x600.jpg 900w, http:\/\/www.vinceneux.fr\/Photoblog\/wp-content\/uploads\/2025\/07\/w_109_2025_Compostelle__6080406-300x200.jpg 300w, http:\/\/www.vinceneux.fr\/Photoblog\/wp-content\/uploads\/2025\/07\/w_109_2025_Compostelle__6080406.jpg 1920w\" sizes=\"auto, (max-width: 1536px) 100vw, 1536px\" \/><\/a><\/figure>\n\n\n\n<p class=\"has-text-align-center\">Pour voir la vid\u00e9o cliquer sur le lien : <a href=\"https:\/\/www.youtube.com\/watch?v=GkOvZLIqq80\">https:\/\/www.youtube.com\/watch?v=GkOvZLIqq80<\/a><\/p>\n\n\n\n<figure class=\"wp-block-image size-large\"><a href=\"http:\/\/www.vinceneux.fr\/Photoblog\/wp-content\/uploads\/2025\/07\/w_112_2025_Compostelle__6080400.jpg\"><img loading=\"lazy\" decoding=\"async\" width=\"1365\" height=\"1024\" src=\"http:\/\/www.vinceneux.fr\/Photoblog\/wp-content\/uploads\/2025\/07\/w_112_2025_Compostelle__6080400-1365x1024.jpg\" alt=\"\" class=\"wp-image-3025\" srcset=\"http:\/\/www.vinceneux.fr\/Photoblog\/wp-content\/uploads\/2025\/07\/w_112_2025_Compostelle__6080400-1365x1024.jpg 1365w, http:\/\/www.vinceneux.fr\/Photoblog\/wp-content\/uploads\/2025\/07\/w_112_2025_Compostelle__6080400-800x600.jpg 800w, http:\/\/www.vinceneux.fr\/Photoblog\/wp-content\/uploads\/2025\/07\/w_112_2025_Compostelle__6080400-267x200.jpg 267w, http:\/\/www.vinceneux.fr\/Photoblog\/wp-content\/uploads\/2025\/07\/w_112_2025_Compostelle__6080400-1536x1152.jpg 1536w, http:\/\/www.vinceneux.fr\/Photoblog\/wp-content\/uploads\/2025\/07\/w_112_2025_Compostelle__6080400.jpg 1920w\" sizes=\"auto, (max-width: 1365px) 100vw, 1365px\" \/><\/a><\/figure>\n\n\n\n<p class=\"has-text-align-center\">La m\u00e9canique simple sous la coupole.<\/p>\n\n\n\n<figure class=\"wp-block-image size-large\"><a href=\"http:\/\/www.vinceneux.fr\/Photoblog\/wp-content\/uploads\/2025\/07\/w_123_2025_Compostelle__6070292.jpg\"><img loading=\"lazy\" decoding=\"async\" width=\"768\" height=\"1024\" src=\"http:\/\/www.vinceneux.fr\/Photoblog\/wp-content\/uploads\/2025\/07\/w_123_2025_Compostelle__6070292-768x1024.jpg\" alt=\"\" class=\"wp-image-3039\" srcset=\"http:\/\/www.vinceneux.fr\/Photoblog\/wp-content\/uploads\/2025\/07\/w_123_2025_Compostelle__6070292-768x1024.jpg 768w, http:\/\/www.vinceneux.fr\/Photoblog\/wp-content\/uploads\/2025\/07\/w_123_2025_Compostelle__6070292-450x600.jpg 450w, http:\/\/www.vinceneux.fr\/Photoblog\/wp-content\/uploads\/2025\/07\/w_123_2025_Compostelle__6070292-150x200.jpg 150w, http:\/\/www.vinceneux.fr\/Photoblog\/wp-content\/uploads\/2025\/07\/w_123_2025_Compostelle__6070292-1152x1536.jpg 1152w, http:\/\/www.vinceneux.fr\/Photoblog\/wp-content\/uploads\/2025\/07\/w_123_2025_Compostelle__6070292.jpg 1440w\" sizes=\"auto, (max-width: 768px) 100vw, 768px\" \/><\/a><\/figure>\n\n\n\n<figure class=\"wp-block-image size-large\"><img loading=\"lazy\" decoding=\"async\" width=\"1536\" height=\"1024\" src=\"http:\/\/www.vinceneux.fr\/Photoblog\/wp-content\/uploads\/2025\/07\/w_121_2025_Compostelle__6070306-2-1536x1024.jpg\" alt=\"\" class=\"wp-image-3038\" srcset=\"http:\/\/www.vinceneux.fr\/Photoblog\/wp-content\/uploads\/2025\/07\/w_121_2025_Compostelle__6070306-2-1536x1024.jpg 1536w, http:\/\/www.vinceneux.fr\/Photoblog\/wp-content\/uploads\/2025\/07\/w_121_2025_Compostelle__6070306-2-900x600.jpg 900w, http:\/\/www.vinceneux.fr\/Photoblog\/wp-content\/uploads\/2025\/07\/w_121_2025_Compostelle__6070306-2-300x200.jpg 300w, http:\/\/www.vinceneux.fr\/Photoblog\/wp-content\/uploads\/2025\/07\/w_121_2025_Compostelle__6070306-2.jpg 1920w\" sizes=\"auto, (max-width: 1536px) 100vw, 1536px\" \/><\/figure>\n\n\n\n<figure class=\"wp-block-image size-large\"><a href=\"http:\/\/www.vinceneux.fr\/Photoblog\/wp-content\/uploads\/2025\/07\/w_103_2025_Compostelle__6080460.jpg\"><img loading=\"lazy\" decoding=\"async\" width=\"683\" height=\"1024\" src=\"http:\/\/www.vinceneux.fr\/Photoblog\/wp-content\/uploads\/2025\/07\/w_103_2025_Compostelle__6080460-683x1024.jpg\" alt=\"\" class=\"wp-image-3027\" srcset=\"http:\/\/www.vinceneux.fr\/Photoblog\/wp-content\/uploads\/2025\/07\/w_103_2025_Compostelle__6080460-683x1024.jpg 683w, http:\/\/www.vinceneux.fr\/Photoblog\/wp-content\/uploads\/2025\/07\/w_103_2025_Compostelle__6080460-400x600.jpg 400w, http:\/\/www.vinceneux.fr\/Photoblog\/wp-content\/uploads\/2025\/07\/w_103_2025_Compostelle__6080460-133x200.jpg 133w, http:\/\/www.vinceneux.fr\/Photoblog\/wp-content\/uploads\/2025\/07\/w_103_2025_Compostelle__6080460-1024x1536.jpg 1024w, http:\/\/www.vinceneux.fr\/Photoblog\/wp-content\/uploads\/2025\/07\/w_103_2025_Compostelle__6080460.jpg 1280w\" sizes=\"auto, (max-width: 683px) 100vw, 683px\" \/><\/a><\/figure>\n\n\n\n<figure class=\"wp-block-image size-large\"><a href=\"http:\/\/www.vinceneux.fr\/Photoblog\/wp-content\/uploads\/2025\/07\/w_107_2025_Compostelle__6070353.jpg\"><img loading=\"lazy\" decoding=\"async\" width=\"768\" height=\"1024\" src=\"http:\/\/www.vinceneux.fr\/Photoblog\/wp-content\/uploads\/2025\/07\/w_107_2025_Compostelle__6070353-768x1024.jpg\" alt=\"\" class=\"wp-image-3028\" srcset=\"http:\/\/www.vinceneux.fr\/Photoblog\/wp-content\/uploads\/2025\/07\/w_107_2025_Compostelle__6070353-768x1024.jpg 768w, http:\/\/www.vinceneux.fr\/Photoblog\/wp-content\/uploads\/2025\/07\/w_107_2025_Compostelle__6070353-450x600.jpg 450w, http:\/\/www.vinceneux.fr\/Photoblog\/wp-content\/uploads\/2025\/07\/w_107_2025_Compostelle__6070353-150x200.jpg 150w, http:\/\/www.vinceneux.fr\/Photoblog\/wp-content\/uploads\/2025\/07\/w_107_2025_Compostelle__6070353-1152x1536.jpg 1152w, http:\/\/www.vinceneux.fr\/Photoblog\/wp-content\/uploads\/2025\/07\/w_107_2025_Compostelle__6070353.jpg 1440w\" sizes=\"auto, (max-width: 768px) 100vw, 768px\" \/><\/a><\/figure>\n\n\n\n<p class=\"has-text-align-center\">Sans Commentaire !<\/p>\n\n\n\n<figure class=\"wp-block-image size-large\"><a href=\"http:\/\/www.vinceneux.fr\/Photoblog\/wp-content\/uploads\/2025\/07\/w_106_2025_Compostelle__6070354.jpg\"><img loading=\"lazy\" decoding=\"async\" width=\"1536\" height=\"1024\" src=\"http:\/\/www.vinceneux.fr\/Photoblog\/wp-content\/uploads\/2025\/07\/w_106_2025_Compostelle__6070354-1536x1024.jpg\" alt=\"\" class=\"wp-image-3029\" srcset=\"http:\/\/www.vinceneux.fr\/Photoblog\/wp-content\/uploads\/2025\/07\/w_106_2025_Compostelle__6070354-1536x1024.jpg 1536w, http:\/\/www.vinceneux.fr\/Photoblog\/wp-content\/uploads\/2025\/07\/w_106_2025_Compostelle__6070354-900x600.jpg 900w, http:\/\/www.vinceneux.fr\/Photoblog\/wp-content\/uploads\/2025\/07\/w_106_2025_Compostelle__6070354-300x200.jpg 300w, http:\/\/www.vinceneux.fr\/Photoblog\/wp-content\/uploads\/2025\/07\/w_106_2025_Compostelle__6070354.jpg 1920w\" sizes=\"auto, (max-width: 1536px) 100vw, 1536px\" \/><\/a><\/figure>\n\n\n\n<figure class=\"wp-block-image size-large\"><a href=\"http:\/\/www.vinceneux.fr\/Photoblog\/wp-content\/uploads\/2025\/07\/w_104_2025_Compostelle__6080444.jpg\"><img loading=\"lazy\" decoding=\"async\" width=\"1536\" height=\"1024\" src=\"http:\/\/www.vinceneux.fr\/Photoblog\/wp-content\/uploads\/2025\/07\/w_104_2025_Compostelle__6080444-1536x1024.jpg\" alt=\"\" class=\"wp-image-3030\" srcset=\"http:\/\/www.vinceneux.fr\/Photoblog\/wp-content\/uploads\/2025\/07\/w_104_2025_Compostelle__6080444-1536x1024.jpg 1536w, http:\/\/www.vinceneux.fr\/Photoblog\/wp-content\/uploads\/2025\/07\/w_104_2025_Compostelle__6080444-900x600.jpg 900w, http:\/\/www.vinceneux.fr\/Photoblog\/wp-content\/uploads\/2025\/07\/w_104_2025_Compostelle__6080444-300x200.jpg 300w, http:\/\/www.vinceneux.fr\/Photoblog\/wp-content\/uploads\/2025\/07\/w_104_2025_Compostelle__6080444.jpg 1920w\" sizes=\"auto, (max-width: 1536px) 100vw, 1536px\" \/><\/a><\/figure>\n\n\n\n<p class=\"has-text-align-center\">Adoration ? &#8230; de l&rsquo;image ?<\/p>\n","protected":false},"excerpt":{"rendered":"<p>Deuxi\u00e8me jour \u00e0 Santiago de Compostela. J&rsquo;ai pu assister au fonctionnement du Botafumero, gigantesque encensoir, balanc\u00e9 dans les all\u00e9es du transept de la Cath\u00e9drale, puis messe avec Cardinal ! Cath\u00e9drale qui confronte la sobri\u00e9t\u00e9 du style Roman dans la nef et le transept avec la luxuriance des dorures du Ch\u0153ur de style Baroque. Le Botafumero&#8230;.<\/p>\n","protected":false},"author":1,"featured_media":3033,"comment_status":"open","ping_status":"open","sticky":false,"template":"","format":"standard","meta":{"_kad_post_transparent":"","_kad_post_title":"","_kad_post_layout":"","_kad_post_sidebar_id":"","_kad_post_content_style":"","_kad_post_vertical_padding":"","_kad_post_feature":"","_kad_post_feature_position":"","_kad_post_header":false,"_kad_post_footer":false,"_kad_post_classname":"","footnotes":""},"categories":[18],"tags":[],"class_list":["post-3017","post","type-post","status-publish","format-standard","has-post-thumbnail","hentry","category-compostelle"],"_links":{"self":[{"href":"http:\/\/www.vinceneux.fr\/Photoblog\/index.php?rest_route=\/wp\/v2\/posts\/3017","targetHints":{"allow":["GET"]}}],"collection":[{"href":"http:\/\/www.vinceneux.fr\/Photoblog\/index.php?rest_route=\/wp\/v2\/posts"}],"about":[{"href":"http:\/\/www.vinceneux.fr\/Photoblog\/index.php?rest_route=\/wp\/v2\/types\/post"}],"author":[{"embeddable":true,"href":"http:\/\/www.vinceneux.fr\/Photoblog\/index.php?rest_route=\/wp\/v2\/users\/1"}],"replies":[{"embeddable":true,"href":"http:\/\/www.vinceneux.fr\/Photoblog\/index.php?rest_route=%2Fwp%2Fv2%2Fcomments&post=3017"}],"version-history":[{"count":4,"href":"http:\/\/www.vinceneux.fr\/Photoblog\/index.php?rest_route=\/wp\/v2\/posts\/3017\/revisions"}],"predecessor-version":[{"id":3044,"href":"http:\/\/www.vinceneux.fr\/Photoblog\/index.php?rest_route=\/wp\/v2\/posts\/3017\/revisions\/3044"}],"wp:featuredmedia":[{"embeddable":true,"href":"http:\/\/www.vinceneux.fr\/Photoblog\/index.php?rest_route=\/wp\/v2\/media\/3033"}],"wp:attachment":[{"href":"http:\/\/www.vinceneux.fr\/Photoblog\/index.php?rest_route=%2Fwp%2Fv2%2Fmedia&parent=3017"}],"wp:term":[{"taxonomy":"category","embeddable":true,"href":"http:\/\/www.vinceneux.fr\/Photoblog\/index.php?rest_route=%2Fwp%2Fv2%2Fcategories&post=3017"},{"taxonomy":"post_tag","embeddable":true,"href":"http:\/\/www.vinceneux.fr\/Photoblog\/index.php?rest_route=%2Fwp%2Fv2%2Ftags&post=3017"}],"curies":[{"name":"wp","href":"https:\/\/api.w.org\/{rel}","templated":true}]}}