{"id":2995,"date":"2025-07-01T12:59:08","date_gmt":"2025-07-01T10:59:08","guid":{"rendered":"https:\/\/www.vinceneux.fr\/Photoblog\/?p=2995"},"modified":"2025-07-01T16:46:58","modified_gmt":"2025-07-01T14:46:58","slug":"j11-20-milladoiro-santiago-de-compostela","status":"publish","type":"post","link":"http:\/\/www.vinceneux.fr\/Photoblog\/?p=2995","title":{"rendered":"J11\/20 : Milladoiro &#8211; Santiago de Compostela"},"content":{"rendered":"\n<p>On y arrive ! <br>Toujours la grande \u00e9motion en d\u00e9bouchant sur la place Obradoiro devant la Cath\u00e9drale.<br>Tr\u00e8s forte, m\u00eame si c&rsquo;est la 2\u00e8me fois, apr\u00e8s mon Camino Franc\u00e9s de l&rsquo;ann\u00e9e derni\u00e8re !<\/p>\n\n\n\n<figure class=\"wp-block-image size-large\"><a href=\"https:\/\/www.vinceneux.fr\/Photoblog\/wp-content\/uploads\/2025\/07\/w_105_20250607_172044.jpg\"><img loading=\"lazy\" decoding=\"async\" width=\"683\" height=\"1024\" src=\"https:\/\/www.vinceneux.fr\/Photoblog\/wp-content\/uploads\/2025\/07\/w_105_20250607_172044-683x1024.jpg\" alt=\"\" class=\"wp-image-2999\" srcset=\"http:\/\/www.vinceneux.fr\/Photoblog\/wp-content\/uploads\/2025\/07\/w_105_20250607_172044-683x1024.jpg 683w, http:\/\/www.vinceneux.fr\/Photoblog\/wp-content\/uploads\/2025\/07\/w_105_20250607_172044-400x600.jpg 400w, http:\/\/www.vinceneux.fr\/Photoblog\/wp-content\/uploads\/2025\/07\/w_105_20250607_172044-133x200.jpg 133w, http:\/\/www.vinceneux.fr\/Photoblog\/wp-content\/uploads\/2025\/07\/w_105_20250607_172044-1024x1536.jpg 1024w, http:\/\/www.vinceneux.fr\/Photoblog\/wp-content\/uploads\/2025\/07\/w_105_20250607_172044.jpg 1280w\" sizes=\"auto, (max-width: 683px) 100vw, 683px\" \/><\/a><\/figure>\n\n\n\n<figure class=\"wp-block-image size-large\"><a href=\"https:\/\/www.vinceneux.fr\/Photoblog\/wp-content\/uploads\/2025\/07\/w_127_20250607_0956230.jpg\"><img loading=\"lazy\" decoding=\"async\" width=\"683\" height=\"1024\" src=\"https:\/\/www.vinceneux.fr\/Photoblog\/wp-content\/uploads\/2025\/07\/w_127_20250607_0956230-683x1024.jpg\" alt=\"\" class=\"wp-image-2996\" srcset=\"http:\/\/www.vinceneux.fr\/Photoblog\/wp-content\/uploads\/2025\/07\/w_127_20250607_0956230-683x1024.jpg 683w, http:\/\/www.vinceneux.fr\/Photoblog\/wp-content\/uploads\/2025\/07\/w_127_20250607_0956230-400x600.jpg 400w, http:\/\/www.vinceneux.fr\/Photoblog\/wp-content\/uploads\/2025\/07\/w_127_20250607_0956230-133x200.jpg 133w, http:\/\/www.vinceneux.fr\/Photoblog\/wp-content\/uploads\/2025\/07\/w_127_20250607_0956230-1024x1536.jpg 1024w, http:\/\/www.vinceneux.fr\/Photoblog\/wp-content\/uploads\/2025\/07\/w_127_20250607_0956230.jpg 1280w\" sizes=\"auto, (max-width: 683px) 100vw, 683px\" \/><\/a><\/figure>\n\n\n\n<figure class=\"wp-block-image size-large\"><a href=\"https:\/\/www.vinceneux.fr\/Photoblog\/wp-content\/uploads\/2025\/07\/w_128_2025_Compostelle__6070254.jpg\"><img loading=\"lazy\" decoding=\"async\" width=\"1536\" height=\"1024\" src=\"https:\/\/www.vinceneux.fr\/Photoblog\/wp-content\/uploads\/2025\/07\/w_128_2025_Compostelle__6070254-1536x1024.jpg\" alt=\"\" class=\"wp-image-2997\" srcset=\"http:\/\/www.vinceneux.fr\/Photoblog\/wp-content\/uploads\/2025\/07\/w_128_2025_Compostelle__6070254-1536x1024.jpg 1536w, http:\/\/www.vinceneux.fr\/Photoblog\/wp-content\/uploads\/2025\/07\/w_128_2025_Compostelle__6070254-900x600.jpg 900w, http:\/\/www.vinceneux.fr\/Photoblog\/wp-content\/uploads\/2025\/07\/w_128_2025_Compostelle__6070254-300x200.jpg 300w, http:\/\/www.vinceneux.fr\/Photoblog\/wp-content\/uploads\/2025\/07\/w_128_2025_Compostelle__6070254.jpg 1920w\" sizes=\"auto, (max-width: 1536px) 100vw, 1536px\" \/><\/a><\/figure>\n\n\n\n<p class=\"has-text-align-center\">Avec l\u2019accueil en musique ! <\/p>\n\n\n\n<figure class=\"wp-block-image size-large\"><a href=\"https:\/\/www.vinceneux.fr\/Photoblog\/wp-content\/uploads\/2025\/07\/w_119_20250607_122524.jpg\"><img loading=\"lazy\" decoding=\"async\" width=\"768\" height=\"1024\" src=\"https:\/\/www.vinceneux.fr\/Photoblog\/wp-content\/uploads\/2025\/07\/w_119_20250607_122524-768x1024.jpg\" alt=\"\" class=\"wp-image-2998\" srcset=\"http:\/\/www.vinceneux.fr\/Photoblog\/wp-content\/uploads\/2025\/07\/w_119_20250607_122524-768x1024.jpg 768w, http:\/\/www.vinceneux.fr\/Photoblog\/wp-content\/uploads\/2025\/07\/w_119_20250607_122524-450x600.jpg 450w, http:\/\/www.vinceneux.fr\/Photoblog\/wp-content\/uploads\/2025\/07\/w_119_20250607_122524-150x200.jpg 150w, http:\/\/www.vinceneux.fr\/Photoblog\/wp-content\/uploads\/2025\/07\/w_119_20250607_122524-1152x1536.jpg 1152w, http:\/\/www.vinceneux.fr\/Photoblog\/wp-content\/uploads\/2025\/07\/w_119_20250607_122524.jpg 1440w\" sizes=\"auto, (max-width: 768px) 100vw, 768px\" \/><\/a><\/figure>\n\n\n\n<p class=\"has-text-align-center\">Le repos du p\u00e8lerin !<\/p>\n\n\n\n<figure class=\"wp-block-image size-large\"><a href=\"https:\/\/www.vinceneux.fr\/Photoblog\/wp-content\/uploads\/2025\/07\/w_109_2025_Compostelle__6070343.jpg\"><img loading=\"lazy\" decoding=\"async\" width=\"683\" height=\"1024\" src=\"https:\/\/www.vinceneux.fr\/Photoblog\/wp-content\/uploads\/2025\/07\/w_109_2025_Compostelle__6070343-683x1024.jpg\" alt=\"\" class=\"wp-image-3000\" srcset=\"http:\/\/www.vinceneux.fr\/Photoblog\/wp-content\/uploads\/2025\/07\/w_109_2025_Compostelle__6070343-683x1024.jpg 683w, http:\/\/www.vinceneux.fr\/Photoblog\/wp-content\/uploads\/2025\/07\/w_109_2025_Compostelle__6070343-400x600.jpg 400w, http:\/\/www.vinceneux.fr\/Photoblog\/wp-content\/uploads\/2025\/07\/w_109_2025_Compostelle__6070343-133x200.jpg 133w, http:\/\/www.vinceneux.fr\/Photoblog\/wp-content\/uploads\/2025\/07\/w_109_2025_Compostelle__6070343-1024x1536.jpg 1024w, http:\/\/www.vinceneux.fr\/Photoblog\/wp-content\/uploads\/2025\/07\/w_109_2025_Compostelle__6070343.jpg 1280w\" sizes=\"auto, (max-width: 683px) 100vw, 683px\" \/><\/a><\/figure>\n\n\n\n<p class=\"has-text-align-center\">Visite des toits de la Cath\u00e9drale<\/p>\n\n\n\n<figure class=\"wp-block-image size-large\"><img loading=\"lazy\" decoding=\"async\" width=\"1536\" height=\"1024\" src=\"https:\/\/www.vinceneux.fr\/Photoblog\/wp-content\/uploads\/2025\/07\/w_108_2025_Compostelle__6070348-1536x1024.jpg\" alt=\"\" class=\"wp-image-3001\" srcset=\"http:\/\/www.vinceneux.fr\/Photoblog\/wp-content\/uploads\/2025\/07\/w_108_2025_Compostelle__6070348-1536x1024.jpg 1536w, http:\/\/www.vinceneux.fr\/Photoblog\/wp-content\/uploads\/2025\/07\/w_108_2025_Compostelle__6070348-900x600.jpg 900w, http:\/\/www.vinceneux.fr\/Photoblog\/wp-content\/uploads\/2025\/07\/w_108_2025_Compostelle__6070348-300x200.jpg 300w, http:\/\/www.vinceneux.fr\/Photoblog\/wp-content\/uploads\/2025\/07\/w_108_2025_Compostelle__6070348.jpg 1920w\" sizes=\"auto, (max-width: 1536px) 100vw, 1536px\" \/><\/figure>\n\n\n\n<figure class=\"wp-block-image size-large\"><a href=\"https:\/\/www.vinceneux.fr\/Photoblog\/wp-content\/uploads\/2025\/07\/w_115_2025_Compostelle__6070326.jpg\"><img loading=\"lazy\" decoding=\"async\" width=\"1365\" height=\"1024\" src=\"https:\/\/www.vinceneux.fr\/Photoblog\/wp-content\/uploads\/2025\/07\/w_115_2025_Compostelle__6070326-1365x1024.jpg\" alt=\"\" class=\"wp-image-3002\" srcset=\"http:\/\/www.vinceneux.fr\/Photoblog\/wp-content\/uploads\/2025\/07\/w_115_2025_Compostelle__6070326-1365x1024.jpg 1365w, http:\/\/www.vinceneux.fr\/Photoblog\/wp-content\/uploads\/2025\/07\/w_115_2025_Compostelle__6070326-800x600.jpg 800w, http:\/\/www.vinceneux.fr\/Photoblog\/wp-content\/uploads\/2025\/07\/w_115_2025_Compostelle__6070326-267x200.jpg 267w, http:\/\/www.vinceneux.fr\/Photoblog\/wp-content\/uploads\/2025\/07\/w_115_2025_Compostelle__6070326-1536x1152.jpg 1536w, http:\/\/www.vinceneux.fr\/Photoblog\/wp-content\/uploads\/2025\/07\/w_115_2025_Compostelle__6070326.jpg 1920w\" sizes=\"auto, (max-width: 1365px) 100vw, 1365px\" \/><\/a><\/figure>\n\n\n\n<figure class=\"wp-block-image size-large\"><a href=\"https:\/\/www.vinceneux.fr\/Photoblog\/wp-content\/uploads\/2025\/07\/w_111_2025_Compostelle__6070339.jpg\"><img loading=\"lazy\" decoding=\"async\" width=\"683\" height=\"1024\" src=\"https:\/\/www.vinceneux.fr\/Photoblog\/wp-content\/uploads\/2025\/07\/w_111_2025_Compostelle__6070339-683x1024.jpg\" alt=\"\" class=\"wp-image-3003\" srcset=\"http:\/\/www.vinceneux.fr\/Photoblog\/wp-content\/uploads\/2025\/07\/w_111_2025_Compostelle__6070339-683x1024.jpg 683w, http:\/\/www.vinceneux.fr\/Photoblog\/wp-content\/uploads\/2025\/07\/w_111_2025_Compostelle__6070339-400x600.jpg 400w, http:\/\/www.vinceneux.fr\/Photoblog\/wp-content\/uploads\/2025\/07\/w_111_2025_Compostelle__6070339-133x200.jpg 133w, http:\/\/www.vinceneux.fr\/Photoblog\/wp-content\/uploads\/2025\/07\/w_111_2025_Compostelle__6070339-1024x1536.jpg 1024w, http:\/\/www.vinceneux.fr\/Photoblog\/wp-content\/uploads\/2025\/07\/w_111_2025_Compostelle__6070339.jpg 1280w\" sizes=\"auto, (max-width: 683px) 100vw, 683px\" \/><\/a><\/figure>\n\n\n\n<figure class=\"wp-block-image size-large\"><a href=\"https:\/\/www.vinceneux.fr\/Photoblog\/wp-content\/uploads\/2025\/07\/w_112_2025_Compostelle__6070338.jpg\"><img loading=\"lazy\" decoding=\"async\" width=\"1024\" height=\"1024\" src=\"https:\/\/www.vinceneux.fr\/Photoblog\/wp-content\/uploads\/2025\/07\/w_112_2025_Compostelle__6070338-1024x1024.jpg\" alt=\"\" class=\"wp-image-3004\" srcset=\"http:\/\/www.vinceneux.fr\/Photoblog\/wp-content\/uploads\/2025\/07\/w_112_2025_Compostelle__6070338-1024x1024.jpg 1024w, http:\/\/www.vinceneux.fr\/Photoblog\/wp-content\/uploads\/2025\/07\/w_112_2025_Compostelle__6070338-600x600.jpg 600w, http:\/\/www.vinceneux.fr\/Photoblog\/wp-content\/uploads\/2025\/07\/w_112_2025_Compostelle__6070338-200x200.jpg 200w, http:\/\/www.vinceneux.fr\/Photoblog\/wp-content\/uploads\/2025\/07\/w_112_2025_Compostelle__6070338-1536x1536.jpg 1536w, http:\/\/www.vinceneux.fr\/Photoblog\/wp-content\/uploads\/2025\/07\/w_112_2025_Compostelle__6070338.jpg 1920w\" sizes=\"auto, (max-width: 1024px) 100vw, 1024px\" \/><\/a><\/figure>\n\n\n\n<figure class=\"wp-block-image size-large\"><a href=\"https:\/\/www.vinceneux.fr\/Photoblog\/wp-content\/uploads\/2025\/07\/w_110_2025_Compostelle__6070341-1.jpg\"><img loading=\"lazy\" decoding=\"async\" width=\"1024\" height=\"1024\" src=\"https:\/\/www.vinceneux.fr\/Photoblog\/wp-content\/uploads\/2025\/07\/w_110_2025_Compostelle__6070341-1-1024x1024.jpg\" alt=\"\" class=\"wp-image-3006\" srcset=\"http:\/\/www.vinceneux.fr\/Photoblog\/wp-content\/uploads\/2025\/07\/w_110_2025_Compostelle__6070341-1-1024x1024.jpg 1024w, http:\/\/www.vinceneux.fr\/Photoblog\/wp-content\/uploads\/2025\/07\/w_110_2025_Compostelle__6070341-1-600x600.jpg 600w, http:\/\/www.vinceneux.fr\/Photoblog\/wp-content\/uploads\/2025\/07\/w_110_2025_Compostelle__6070341-1-200x200.jpg 200w, http:\/\/www.vinceneux.fr\/Photoblog\/wp-content\/uploads\/2025\/07\/w_110_2025_Compostelle__6070341-1-1536x1536.jpg 1536w, http:\/\/www.vinceneux.fr\/Photoblog\/wp-content\/uploads\/2025\/07\/w_110_2025_Compostelle__6070341-1.jpg 1920w\" sizes=\"auto, (max-width: 1024px) 100vw, 1024px\" \/><\/a><\/figure>\n\n\n\n<p class=\"has-text-align-center\">Depuis les toits on contemple de dos la statue de St Jacques <br>et l&rsquo;on voit la base de la tour qui est Romane alors que le haut est Baroque.<\/p>\n\n\n\n<figure class=\"wp-block-image size-large\"><a href=\"https:\/\/www.vinceneux.fr\/Photoblog\/wp-content\/uploads\/2025\/07\/w_114_2025_Compostelle__6070333.jpg\"><img loading=\"lazy\" decoding=\"async\" width=\"1536\" height=\"1024\" src=\"https:\/\/www.vinceneux.fr\/Photoblog\/wp-content\/uploads\/2025\/07\/w_114_2025_Compostelle__6070333-1536x1024.jpg\" alt=\"\" class=\"wp-image-3007\" srcset=\"http:\/\/www.vinceneux.fr\/Photoblog\/wp-content\/uploads\/2025\/07\/w_114_2025_Compostelle__6070333-1536x1024.jpg 1536w, http:\/\/www.vinceneux.fr\/Photoblog\/wp-content\/uploads\/2025\/07\/w_114_2025_Compostelle__6070333-900x600.jpg 900w, http:\/\/www.vinceneux.fr\/Photoblog\/wp-content\/uploads\/2025\/07\/w_114_2025_Compostelle__6070333-300x200.jpg 300w, http:\/\/www.vinceneux.fr\/Photoblog\/wp-content\/uploads\/2025\/07\/w_114_2025_Compostelle__6070333.jpg 1920w\" sizes=\"auto, (max-width: 1536px) 100vw, 1536px\" \/><\/a><\/figure>\n\n\n\n<figure class=\"wp-block-image size-large\"><a href=\"https:\/\/www.vinceneux.fr\/Photoblog\/wp-content\/uploads\/2025\/07\/w_117_2025_Compostelle__6070323.jpg\"><img loading=\"lazy\" decoding=\"async\" width=\"1024\" height=\"1024\" src=\"https:\/\/www.vinceneux.fr\/Photoblog\/wp-content\/uploads\/2025\/07\/w_117_2025_Compostelle__6070323-1024x1024.jpg\" alt=\"\" class=\"wp-image-3008\" srcset=\"http:\/\/www.vinceneux.fr\/Photoblog\/wp-content\/uploads\/2025\/07\/w_117_2025_Compostelle__6070323-1024x1024.jpg 1024w, http:\/\/www.vinceneux.fr\/Photoblog\/wp-content\/uploads\/2025\/07\/w_117_2025_Compostelle__6070323-600x600.jpg 600w, http:\/\/www.vinceneux.fr\/Photoblog\/wp-content\/uploads\/2025\/07\/w_117_2025_Compostelle__6070323-200x200.jpg 200w, http:\/\/www.vinceneux.fr\/Photoblog\/wp-content\/uploads\/2025\/07\/w_117_2025_Compostelle__6070323-1536x1536.jpg 1536w, http:\/\/www.vinceneux.fr\/Photoblog\/wp-content\/uploads\/2025\/07\/w_117_2025_Compostelle__6070323.jpg 1920w\" sizes=\"auto, (max-width: 1024px) 100vw, 1024px\" \/><\/a><\/figure>\n\n\n\n<p class=\"has-text-align-center\">La fa\u00e7ade baroque, vue de derri\u00e8re, en contre jour, avec la statue de St Jacques.<\/p>\n\n\n\n<p><\/p>\n","protected":false},"excerpt":{"rendered":"<p>On y arrive ! Toujours la grande \u00e9motion en d\u00e9bouchant sur la place Obradoiro devant la Cath\u00e9drale.Tr\u00e8s forte, m\u00eame si c&rsquo;est la 2\u00e8me fois, apr\u00e8s mon Camino Franc\u00e9s de l&rsquo;ann\u00e9e derni\u00e8re ! Avec l\u2019accueil en musique ! Le repos du p\u00e8lerin ! Visite des toits de la Cath\u00e9drale Depuis les toits on contemple de dos&#8230;<\/p>\n","protected":false},"author":1,"featured_media":3012,"comment_status":"open","ping_status":"open","sticky":false,"template":"","format":"standard","meta":{"_kad_post_transparent":"","_kad_post_title":"","_kad_post_layout":"","_kad_post_sidebar_id":"","_kad_post_content_style":"","_kad_post_vertical_padding":"","_kad_post_feature":"","_kad_post_feature_position":"","_kad_post_header":false,"_kad_post_footer":false,"_kad_post_classname":"","footnotes":""},"categories":[18],"tags":[],"class_list":["post-2995","post","type-post","status-publish","format-standard","has-post-thumbnail","hentry","category-compostelle"],"_links":{"self":[{"href":"http:\/\/www.vinceneux.fr\/Photoblog\/index.php?rest_route=\/wp\/v2\/posts\/2995","targetHints":{"allow":["GET"]}}],"collection":[{"href":"http:\/\/www.vinceneux.fr\/Photoblog\/index.php?rest_route=\/wp\/v2\/posts"}],"about":[{"href":"http:\/\/www.vinceneux.fr\/Photoblog\/index.php?rest_route=\/wp\/v2\/types\/post"}],"author":[{"embeddable":true,"href":"http:\/\/www.vinceneux.fr\/Photoblog\/index.php?rest_route=\/wp\/v2\/users\/1"}],"replies":[{"embeddable":true,"href":"http:\/\/www.vinceneux.fr\/Photoblog\/index.php?rest_route=%2Fwp%2Fv2%2Fcomments&post=2995"}],"version-history":[{"count":2,"href":"http:\/\/www.vinceneux.fr\/Photoblog\/index.php?rest_route=\/wp\/v2\/posts\/2995\/revisions"}],"predecessor-version":[{"id":3014,"href":"http:\/\/www.vinceneux.fr\/Photoblog\/index.php?rest_route=\/wp\/v2\/posts\/2995\/revisions\/3014"}],"wp:featuredmedia":[{"embeddable":true,"href":"http:\/\/www.vinceneux.fr\/Photoblog\/index.php?rest_route=\/wp\/v2\/media\/3012"}],"wp:attachment":[{"href":"http:\/\/www.vinceneux.fr\/Photoblog\/index.php?rest_route=%2Fwp%2Fv2%2Fmedia&parent=2995"}],"wp:term":[{"taxonomy":"category","embeddable":true,"href":"http:\/\/www.vinceneux.fr\/Photoblog\/index.php?rest_route=%2Fwp%2Fv2%2Fcategories&post=2995"},{"taxonomy":"post_tag","embeddable":true,"href":"http:\/\/www.vinceneux.fr\/Photoblog\/index.php?rest_route=%2Fwp%2Fv2%2Ftags&post=2995"}],"curies":[{"name":"wp","href":"https:\/\/api.w.org\/{rel}","templated":true}]}}