{"id":2936,"date":"2025-06-26T09:18:38","date_gmt":"2025-06-26T07:18:38","guid":{"rendered":"http:\/\/www.vinceneux.fr\/Photoblog\/?p=2936"},"modified":"2025-06-26T10:05:12","modified_gmt":"2025-06-26T08:05:12","slug":"j6-20-vigo-redondela","status":"publish","type":"post","link":"http:\/\/www.vinceneux.fr\/Photoblog\/?p=2936","title":{"rendered":"J6\/20 : Vigo &#8211; Redondela"},"content":{"rendered":"\n<p>Sortie longue des faubourgs de Vigo, puis mont\u00e9e et vues vers la baie, et un grand pont \u00e0 haubans ou travers\u00e9es de for\u00eats.<\/p>\n\n\n\n<figure class=\"wp-block-image size-large\"><a href=\"http:\/\/www.vinceneux.fr\/Photoblog\/wp-content\/uploads\/2025\/06\/w_102_2025_Compostelle__6020171.jpg\"><img loading=\"lazy\" decoding=\"async\" width=\"1536\" height=\"1024\" src=\"http:\/\/www.vinceneux.fr\/Photoblog\/wp-content\/uploads\/2025\/06\/w_102_2025_Compostelle__6020171-1536x1024.jpg\" alt=\"\" class=\"wp-image-2937\" srcset=\"http:\/\/www.vinceneux.fr\/Photoblog\/wp-content\/uploads\/2025\/06\/w_102_2025_Compostelle__6020171-1536x1024.jpg 1536w, http:\/\/www.vinceneux.fr\/Photoblog\/wp-content\/uploads\/2025\/06\/w_102_2025_Compostelle__6020171-900x600.jpg 900w, http:\/\/www.vinceneux.fr\/Photoblog\/wp-content\/uploads\/2025\/06\/w_102_2025_Compostelle__6020171-300x200.jpg 300w, http:\/\/www.vinceneux.fr\/Photoblog\/wp-content\/uploads\/2025\/06\/w_102_2025_Compostelle__6020171.jpg 1920w\" sizes=\"auto, (max-width: 1536px) 100vw, 1536px\" \/><\/a><\/figure>\n\n\n\n<figure class=\"wp-block-image size-large\"><a href=\"http:\/\/www.vinceneux.fr\/Photoblog\/wp-content\/uploads\/2025\/06\/w_101_2025_Compostelle__6020172.jpg\"><img loading=\"lazy\" decoding=\"async\" width=\"1536\" height=\"1024\" src=\"http:\/\/www.vinceneux.fr\/Photoblog\/wp-content\/uploads\/2025\/06\/w_101_2025_Compostelle__6020172-1536x1024.jpg\" alt=\"\" class=\"wp-image-2938\" srcset=\"http:\/\/www.vinceneux.fr\/Photoblog\/wp-content\/uploads\/2025\/06\/w_101_2025_Compostelle__6020172-1536x1024.jpg 1536w, http:\/\/www.vinceneux.fr\/Photoblog\/wp-content\/uploads\/2025\/06\/w_101_2025_Compostelle__6020172-900x600.jpg 900w, http:\/\/www.vinceneux.fr\/Photoblog\/wp-content\/uploads\/2025\/06\/w_101_2025_Compostelle__6020172-300x200.jpg 300w, http:\/\/www.vinceneux.fr\/Photoblog\/wp-content\/uploads\/2025\/06\/w_101_2025_Compostelle__6020172.jpg 1920w\" sizes=\"auto, (max-width: 1536px) 100vw, 1536px\" \/><\/a><\/figure>\n\n\n\n<p class=\"has-text-align-center\">For\u00eat de Huelgoat ?&#8230; ou la Galice !<\/p>\n\n\n\n<figure class=\"wp-block-image size-large\"><a href=\"http:\/\/www.vinceneux.fr\/Photoblog\/wp-content\/uploads\/2025\/06\/w_100_2025_Compostelle__6020175.jpg\"><img loading=\"lazy\" decoding=\"async\" width=\"683\" height=\"1024\" src=\"http:\/\/www.vinceneux.fr\/Photoblog\/wp-content\/uploads\/2025\/06\/w_100_2025_Compostelle__6020175-683x1024.jpg\" alt=\"\" class=\"wp-image-2939\" srcset=\"http:\/\/www.vinceneux.fr\/Photoblog\/wp-content\/uploads\/2025\/06\/w_100_2025_Compostelle__6020175-683x1024.jpg 683w, http:\/\/www.vinceneux.fr\/Photoblog\/wp-content\/uploads\/2025\/06\/w_100_2025_Compostelle__6020175-400x600.jpg 400w, http:\/\/www.vinceneux.fr\/Photoblog\/wp-content\/uploads\/2025\/06\/w_100_2025_Compostelle__6020175-133x200.jpg 133w, http:\/\/www.vinceneux.fr\/Photoblog\/wp-content\/uploads\/2025\/06\/w_100_2025_Compostelle__6020175-1024x1536.jpg 1024w, http:\/\/www.vinceneux.fr\/Photoblog\/wp-content\/uploads\/2025\/06\/w_100_2025_Compostelle__6020175.jpg 1280w\" sizes=\"auto, (max-width: 683px) 100vw, 683px\" \/><\/a><\/figure>\n\n\n\n<p class=\"has-text-align-center\">Autoportrait<\/p>\n\n\n\n<figure class=\"wp-block-image size-large\"><a href=\"http:\/\/www.vinceneux.fr\/Photoblog\/wp-content\/uploads\/2025\/06\/w_101_20250602_185840-1.jpg\"><img loading=\"lazy\" decoding=\"async\" width=\"683\" height=\"1024\" src=\"http:\/\/www.vinceneux.fr\/Photoblog\/wp-content\/uploads\/2025\/06\/w_101_20250602_185840-1-683x1024.jpg\" alt=\"\" class=\"wp-image-2945\" srcset=\"http:\/\/www.vinceneux.fr\/Photoblog\/wp-content\/uploads\/2025\/06\/w_101_20250602_185840-1-683x1024.jpg 683w, http:\/\/www.vinceneux.fr\/Photoblog\/wp-content\/uploads\/2025\/06\/w_101_20250602_185840-1-400x600.jpg 400w, http:\/\/www.vinceneux.fr\/Photoblog\/wp-content\/uploads\/2025\/06\/w_101_20250602_185840-1-133x200.jpg 133w, http:\/\/www.vinceneux.fr\/Photoblog\/wp-content\/uploads\/2025\/06\/w_101_20250602_185840-1-1024x1536.jpg 1024w, http:\/\/www.vinceneux.fr\/Photoblog\/wp-content\/uploads\/2025\/06\/w_101_20250602_185840-1.jpg 1280w\" sizes=\"auto, (max-width: 683px) 100vw, 683px\" \/><\/a><\/figure>\n\n\n\n<p class=\"has-text-align-center\">Redondela et ses 2 viaducs ferroviaires qui surplombent la ville, dont un de Eiffel !<\/p>\n\n\n\n<figure class=\"wp-block-image size-large\"><a href=\"http:\/\/www.vinceneux.fr\/Photoblog\/wp-content\/uploads\/2025\/06\/w_100_20250602_125515-1.jpg\"><img loading=\"lazy\" decoding=\"async\" width=\"768\" height=\"1024\" src=\"http:\/\/www.vinceneux.fr\/Photoblog\/wp-content\/uploads\/2025\/06\/w_100_20250602_125515-1-768x1024.jpg\" alt=\"\" class=\"wp-image-2946\" srcset=\"http:\/\/www.vinceneux.fr\/Photoblog\/wp-content\/uploads\/2025\/06\/w_100_20250602_125515-1-768x1024.jpg 768w, http:\/\/www.vinceneux.fr\/Photoblog\/wp-content\/uploads\/2025\/06\/w_100_20250602_125515-1-450x600.jpg 450w, http:\/\/www.vinceneux.fr\/Photoblog\/wp-content\/uploads\/2025\/06\/w_100_20250602_125515-1-150x200.jpg 150w, http:\/\/www.vinceneux.fr\/Photoblog\/wp-content\/uploads\/2025\/06\/w_100_20250602_125515-1-1152x1536.jpg 1152w, http:\/\/www.vinceneux.fr\/Photoblog\/wp-content\/uploads\/2025\/06\/w_100_20250602_125515-1.jpg 1440w\" sizes=\"auto, (max-width: 768px) 100vw, 768px\" \/><\/a><\/figure>\n","protected":false},"excerpt":{"rendered":"<p>Sortie longue des faubourgs de Vigo, puis mont\u00e9e et vues vers la baie, et un grand pont \u00e0 haubans ou travers\u00e9es de for\u00eats. For\u00eat de Huelgoat ?&#8230; ou la Galice ! Autoportrait Redondela et ses 2 viaducs ferroviaires qui surplombent la ville, dont un de Eiffel !<\/p>\n","protected":false},"author":1,"featured_media":2941,"comment_status":"open","ping_status":"open","sticky":false,"template":"","format":"standard","meta":{"_kad_post_transparent":"","_kad_post_title":"","_kad_post_layout":"","_kad_post_sidebar_id":"","_kad_post_content_style":"","_kad_post_vertical_padding":"","_kad_post_feature":"","_kad_post_feature_position":"","_kad_post_header":false,"_kad_post_footer":false,"_kad_post_classname":"","footnotes":""},"categories":[18],"tags":[],"class_list":["post-2936","post","type-post","status-publish","format-standard","has-post-thumbnail","hentry","category-compostelle"],"_links":{"self":[{"href":"http:\/\/www.vinceneux.fr\/Photoblog\/index.php?rest_route=\/wp\/v2\/posts\/2936","targetHints":{"allow":["GET"]}}],"collection":[{"href":"http:\/\/www.vinceneux.fr\/Photoblog\/index.php?rest_route=\/wp\/v2\/posts"}],"about":[{"href":"http:\/\/www.vinceneux.fr\/Photoblog\/index.php?rest_route=\/wp\/v2\/types\/post"}],"author":[{"embeddable":true,"href":"http:\/\/www.vinceneux.fr\/Photoblog\/index.php?rest_route=\/wp\/v2\/users\/1"}],"replies":[{"embeddable":true,"href":"http:\/\/www.vinceneux.fr\/Photoblog\/index.php?rest_route=%2Fwp%2Fv2%2Fcomments&post=2936"}],"version-history":[{"count":3,"href":"http:\/\/www.vinceneux.fr\/Photoblog\/index.php?rest_route=\/wp\/v2\/posts\/2936\/revisions"}],"predecessor-version":[{"id":2948,"href":"http:\/\/www.vinceneux.fr\/Photoblog\/index.php?rest_route=\/wp\/v2\/posts\/2936\/revisions\/2948"}],"wp:featuredmedia":[{"embeddable":true,"href":"http:\/\/www.vinceneux.fr\/Photoblog\/index.php?rest_route=\/wp\/v2\/media\/2941"}],"wp:attachment":[{"href":"http:\/\/www.vinceneux.fr\/Photoblog\/index.php?rest_route=%2Fwp%2Fv2%2Fmedia&parent=2936"}],"wp:term":[{"taxonomy":"category","embeddable":true,"href":"http:\/\/www.vinceneux.fr\/Photoblog\/index.php?rest_route=%2Fwp%2Fv2%2Fcategories&post=2936"},{"taxonomy":"post_tag","embeddable":true,"href":"http:\/\/www.vinceneux.fr\/Photoblog\/index.php?rest_route=%2Fwp%2Fv2%2Ftags&post=2936"}],"curies":[{"name":"wp","href":"https:\/\/api.w.org\/{rel}","templated":true}]}}