{"id":2900,"date":"2025-06-23T10:48:28","date_gmt":"2025-06-23T08:48:28","guid":{"rendered":"http:\/\/www.vinceneux.fr\/Photoblog\/?p=2900"},"modified":"2025-06-23T10:52:56","modified_gmt":"2025-06-23T08:52:56","slug":"j3-20-oia-baiona","status":"publish","type":"post","link":"http:\/\/www.vinceneux.fr\/Photoblog\/?p=2900","title":{"rendered":"J3\/20 : Oia &#8211; Baiona"},"content":{"rendered":"\n<p>\u00c9tape qui commence dans un brouillard qui emp\u00eache de  bien voir la c\u00f4te&#8230; tr\u00e8s Bretonne ! Jusqu&rsquo;\u00e0 une mont\u00e9e vers un col, par un chemin ancien empierr\u00e9, puis redescente vers Baiona avec le soleil qui, peu \u00e0 peu, remplace le brouillard.<br>Baiona, belle ville baln\u00e9aire, jumel\u00e9e avec Pornic, et avec la r\u00e9plique d&rsquo;une Caravelle de Christophe Colomb.<br>La Pinta, de retour du 1er voyage aux Am\u00e9riques, est arriv\u00e9e \u00e0 Baiona avec 3 jours d&rsquo;avance sur la Caravelle de Christophe Colomb !!!<\/p>\n\n\n\n<figure class=\"wp-block-image size-large\"><a href=\"http:\/\/www.vinceneux.fr\/Photoblog\/wp-content\/uploads\/2025\/06\/w_101_2025_Compostelle__5300053.jpg\"><img loading=\"lazy\" decoding=\"async\" width=\"1536\" height=\"1024\" src=\"http:\/\/www.vinceneux.fr\/Photoblog\/wp-content\/uploads\/2025\/06\/w_101_2025_Compostelle__5300053-1536x1024.jpg\" alt=\"\" class=\"wp-image-2901\" srcset=\"http:\/\/www.vinceneux.fr\/Photoblog\/wp-content\/uploads\/2025\/06\/w_101_2025_Compostelle__5300053-1536x1024.jpg 1536w, http:\/\/www.vinceneux.fr\/Photoblog\/wp-content\/uploads\/2025\/06\/w_101_2025_Compostelle__5300053-900x600.jpg 900w, http:\/\/www.vinceneux.fr\/Photoblog\/wp-content\/uploads\/2025\/06\/w_101_2025_Compostelle__5300053-300x200.jpg 300w, http:\/\/www.vinceneux.fr\/Photoblog\/wp-content\/uploads\/2025\/06\/w_101_2025_Compostelle__5300053.jpg 1920w\" sizes=\"auto, (max-width: 1536px) 100vw, 1536px\" \/><\/a><\/figure>\n\n\n\n<figure class=\"wp-block-image size-large\"><a href=\"http:\/\/www.vinceneux.fr\/Photoblog\/wp-content\/uploads\/2025\/06\/w_100_2025_Compostelle__5300050.jpg\"><img loading=\"lazy\" decoding=\"async\" width=\"1365\" height=\"1024\" src=\"http:\/\/www.vinceneux.fr\/Photoblog\/wp-content\/uploads\/2025\/06\/w_100_2025_Compostelle__5300050-1365x1024.jpg\" alt=\"\" class=\"wp-image-2902\" srcset=\"http:\/\/www.vinceneux.fr\/Photoblog\/wp-content\/uploads\/2025\/06\/w_100_2025_Compostelle__5300050-1365x1024.jpg 1365w, http:\/\/www.vinceneux.fr\/Photoblog\/wp-content\/uploads\/2025\/06\/w_100_2025_Compostelle__5300050-800x600.jpg 800w, http:\/\/www.vinceneux.fr\/Photoblog\/wp-content\/uploads\/2025\/06\/w_100_2025_Compostelle__5300050-267x200.jpg 267w, http:\/\/www.vinceneux.fr\/Photoblog\/wp-content\/uploads\/2025\/06\/w_100_2025_Compostelle__5300050-1536x1152.jpg 1536w, http:\/\/www.vinceneux.fr\/Photoblog\/wp-content\/uploads\/2025\/06\/w_100_2025_Compostelle__5300050.jpg 1920w\" sizes=\"auto, (max-width: 1365px) 100vw, 1365px\" \/><\/a><\/figure>\n\n\n\n<figure class=\"wp-block-image size-large\"><a href=\"http:\/\/www.vinceneux.fr\/Photoblog\/wp-content\/uploads\/2025\/06\/w_102_2025_Compostelle__5300055.jpg\"><img loading=\"lazy\" decoding=\"async\" width=\"768\" height=\"1024\" src=\"http:\/\/www.vinceneux.fr\/Photoblog\/wp-content\/uploads\/2025\/06\/w_102_2025_Compostelle__5300055-768x1024.jpg\" alt=\"\" class=\"wp-image-2903\" srcset=\"http:\/\/www.vinceneux.fr\/Photoblog\/wp-content\/uploads\/2025\/06\/w_102_2025_Compostelle__5300055-768x1024.jpg 768w, http:\/\/www.vinceneux.fr\/Photoblog\/wp-content\/uploads\/2025\/06\/w_102_2025_Compostelle__5300055-450x600.jpg 450w, http:\/\/www.vinceneux.fr\/Photoblog\/wp-content\/uploads\/2025\/06\/w_102_2025_Compostelle__5300055-150x200.jpg 150w, http:\/\/www.vinceneux.fr\/Photoblog\/wp-content\/uploads\/2025\/06\/w_102_2025_Compostelle__5300055-1152x1536.jpg 1152w, http:\/\/www.vinceneux.fr\/Photoblog\/wp-content\/uploads\/2025\/06\/w_102_2025_Compostelle__5300055.jpg 1440w\" sizes=\"auto, (max-width: 768px) 100vw, 768px\" \/><\/a><\/figure>\n\n\n\n<figure class=\"wp-block-image size-large\"><img loading=\"lazy\" decoding=\"async\" width=\"1536\" height=\"1024\" src=\"http:\/\/www.vinceneux.fr\/Photoblog\/wp-content\/uploads\/2025\/06\/w_103_2025_Compostelle__5300059-1536x1024.jpg\" alt=\"\" class=\"wp-image-2904\" srcset=\"http:\/\/www.vinceneux.fr\/Photoblog\/wp-content\/uploads\/2025\/06\/w_103_2025_Compostelle__5300059-1536x1024.jpg 1536w, http:\/\/www.vinceneux.fr\/Photoblog\/wp-content\/uploads\/2025\/06\/w_103_2025_Compostelle__5300059-900x600.jpg 900w, http:\/\/www.vinceneux.fr\/Photoblog\/wp-content\/uploads\/2025\/06\/w_103_2025_Compostelle__5300059-300x200.jpg 300w, http:\/\/www.vinceneux.fr\/Photoblog\/wp-content\/uploads\/2025\/06\/w_103_2025_Compostelle__5300059.jpg 1920w\" sizes=\"auto, (max-width: 1536px) 100vw, 1536px\" \/><\/figure>\n\n\n\n<p class=\"has-text-align-center\">Chemin avec les traces des roues des chariots d&rsquo;antan&#8230;<\/p>\n\n\n\n<figure class=\"wp-block-image size-large\"><a href=\"http:\/\/www.vinceneux.fr\/Photoblog\/wp-content\/uploads\/2025\/06\/w_105_2025_Compostelle__5300072.jpg\"><img loading=\"lazy\" decoding=\"async\" width=\"1600\" height=\"900\" src=\"http:\/\/www.vinceneux.fr\/Photoblog\/wp-content\/uploads\/2025\/06\/w_105_2025_Compostelle__5300072-1600x900.jpg\" alt=\"\" class=\"wp-image-2905\" srcset=\"http:\/\/www.vinceneux.fr\/Photoblog\/wp-content\/uploads\/2025\/06\/w_105_2025_Compostelle__5300072-1600x900.jpg 1600w, http:\/\/www.vinceneux.fr\/Photoblog\/wp-content\/uploads\/2025\/06\/w_105_2025_Compostelle__5300072-900x506.jpg 900w, http:\/\/www.vinceneux.fr\/Photoblog\/wp-content\/uploads\/2025\/06\/w_105_2025_Compostelle__5300072-300x169.jpg 300w, http:\/\/www.vinceneux.fr\/Photoblog\/wp-content\/uploads\/2025\/06\/w_105_2025_Compostelle__5300072-1536x864.jpg 1536w, http:\/\/www.vinceneux.fr\/Photoblog\/wp-content\/uploads\/2025\/06\/w_105_2025_Compostelle__5300072.jpg 1920w\" sizes=\"auto, (max-width: 1600px) 100vw, 1600px\" \/><\/a><\/figure>\n\n\n\n<p class=\"has-text-align-center\">Le port baln\u00e9aire de Baiona, avec la forteresse qui le domine (Parador) <br>et ville jumel\u00e9e avec Pornic !<\/p>\n\n\n\n<figure class=\"wp-block-image size-large\"><a href=\"http:\/\/www.vinceneux.fr\/Photoblog\/wp-content\/uploads\/2025\/06\/w_108_2025_Compostelle__5300085.jpg\"><img loading=\"lazy\" decoding=\"async\" width=\"1024\" height=\"1024\" src=\"http:\/\/www.vinceneux.fr\/Photoblog\/wp-content\/uploads\/2025\/06\/w_108_2025_Compostelle__5300085-1024x1024.jpg\" alt=\"\" class=\"wp-image-2906\" srcset=\"http:\/\/www.vinceneux.fr\/Photoblog\/wp-content\/uploads\/2025\/06\/w_108_2025_Compostelle__5300085-1024x1024.jpg 1024w, http:\/\/www.vinceneux.fr\/Photoblog\/wp-content\/uploads\/2025\/06\/w_108_2025_Compostelle__5300085-600x600.jpg 600w, http:\/\/www.vinceneux.fr\/Photoblog\/wp-content\/uploads\/2025\/06\/w_108_2025_Compostelle__5300085-200x200.jpg 200w, http:\/\/www.vinceneux.fr\/Photoblog\/wp-content\/uploads\/2025\/06\/w_108_2025_Compostelle__5300085-1536x1536.jpg 1536w, http:\/\/www.vinceneux.fr\/Photoblog\/wp-content\/uploads\/2025\/06\/w_108_2025_Compostelle__5300085.jpg 1920w\" sizes=\"auto, (max-width: 1024px) 100vw, 1024px\" \/><\/a><\/figure>\n\n\n\n<p class=\"has-text-align-center\">La r\u00e9plique de La Pinta une des 3 Caravelles de Christophe Colomb.<\/p>\n\n\n\n<figure class=\"wp-block-image size-large\"><a href=\"http:\/\/www.vinceneux.fr\/Photoblog\/wp-content\/uploads\/2025\/06\/w_106_2025_Compostelle__5300078.jpg\"><img loading=\"lazy\" decoding=\"async\" width=\"1365\" height=\"1024\" src=\"http:\/\/www.vinceneux.fr\/Photoblog\/wp-content\/uploads\/2025\/06\/w_106_2025_Compostelle__5300078-1365x1024.jpg\" alt=\"\" class=\"wp-image-2908\" srcset=\"http:\/\/www.vinceneux.fr\/Photoblog\/wp-content\/uploads\/2025\/06\/w_106_2025_Compostelle__5300078-1365x1024.jpg 1365w, http:\/\/www.vinceneux.fr\/Photoblog\/wp-content\/uploads\/2025\/06\/w_106_2025_Compostelle__5300078-800x600.jpg 800w, http:\/\/www.vinceneux.fr\/Photoblog\/wp-content\/uploads\/2025\/06\/w_106_2025_Compostelle__5300078-267x200.jpg 267w, http:\/\/www.vinceneux.fr\/Photoblog\/wp-content\/uploads\/2025\/06\/w_106_2025_Compostelle__5300078-1536x1152.jpg 1536w, http:\/\/www.vinceneux.fr\/Photoblog\/wp-content\/uploads\/2025\/06\/w_106_2025_Compostelle__5300078.jpg 1920w\" sizes=\"auto, (max-width: 1365px) 100vw, 1365px\" \/><\/a><\/figure>\n\n\n\n<p class=\"has-text-align-center\">Une trentaine de personnes sur cette coquille de noix pour traverser les oc\u00e9ans&#8230;<\/p>\n\n\n\n<figure class=\"wp-block-image size-large\"><a href=\"http:\/\/www.vinceneux.fr\/Photoblog\/wp-content\/uploads\/2025\/06\/w_107_2025_Compostelle__5300079.jpg\"><img loading=\"lazy\" decoding=\"async\" width=\"1024\" height=\"1024\" src=\"http:\/\/www.vinceneux.fr\/Photoblog\/wp-content\/uploads\/2025\/06\/w_107_2025_Compostelle__5300079-1024x1024.jpg\" alt=\"\" class=\"wp-image-2909\" srcset=\"http:\/\/www.vinceneux.fr\/Photoblog\/wp-content\/uploads\/2025\/06\/w_107_2025_Compostelle__5300079-1024x1024.jpg 1024w, http:\/\/www.vinceneux.fr\/Photoblog\/wp-content\/uploads\/2025\/06\/w_107_2025_Compostelle__5300079-600x600.jpg 600w, http:\/\/www.vinceneux.fr\/Photoblog\/wp-content\/uploads\/2025\/06\/w_107_2025_Compostelle__5300079-200x200.jpg 200w, http:\/\/www.vinceneux.fr\/Photoblog\/wp-content\/uploads\/2025\/06\/w_107_2025_Compostelle__5300079-1536x1536.jpg 1536w, http:\/\/www.vinceneux.fr\/Photoblog\/wp-content\/uploads\/2025\/06\/w_107_2025_Compostelle__5300079.jpg 1920w\" sizes=\"auto, (max-width: 1024px) 100vw, 1024px\" \/><\/a><\/figure>\n\n\n\n<p class=\"has-text-align-center\">\u00a0\u00bb Terre ! \u00ab\u00a0<\/p>\n\n\n\n<figure class=\"wp-block-image size-large\"><a href=\"http:\/\/www.vinceneux.fr\/Photoblog\/wp-content\/uploads\/2025\/06\/w_104_2025_Compostelle__5300070.jpg\"><img loading=\"lazy\" decoding=\"async\" width=\"1536\" height=\"1024\" src=\"http:\/\/www.vinceneux.fr\/Photoblog\/wp-content\/uploads\/2025\/06\/w_104_2025_Compostelle__5300070-1536x1024.jpg\" alt=\"\" class=\"wp-image-2910\" srcset=\"http:\/\/www.vinceneux.fr\/Photoblog\/wp-content\/uploads\/2025\/06\/w_104_2025_Compostelle__5300070-1536x1024.jpg 1536w, http:\/\/www.vinceneux.fr\/Photoblog\/wp-content\/uploads\/2025\/06\/w_104_2025_Compostelle__5300070-900x600.jpg 900w, http:\/\/www.vinceneux.fr\/Photoblog\/wp-content\/uploads\/2025\/06\/w_104_2025_Compostelle__5300070-300x200.jpg 300w, http:\/\/www.vinceneux.fr\/Photoblog\/wp-content\/uploads\/2025\/06\/w_104_2025_Compostelle__5300070.jpg 1920w\" sizes=\"auto, (max-width: 1536px) 100vw, 1536px\" \/><\/a><\/figure>\n\n\n\n<p class=\"has-text-align-center\">Restauration en cours : les saints sont descendus sur terre !<\/p>\n","protected":false},"excerpt":{"rendered":"<p>\u00c9tape qui commence dans un brouillard qui emp\u00eache de bien voir la c\u00f4te&#8230; tr\u00e8s Bretonne ! Jusqu&rsquo;\u00e0 une mont\u00e9e vers un col, par un chemin ancien empierr\u00e9, puis redescente vers Baiona avec le soleil qui, peu \u00e0 peu, remplace le brouillard.Baiona, belle ville baln\u00e9aire, jumel\u00e9e avec Pornic, et avec la r\u00e9plique d&rsquo;une Caravelle de Christophe&#8230;<\/p>\n","protected":false},"author":1,"featured_media":2912,"comment_status":"open","ping_status":"open","sticky":false,"template":"","format":"standard","meta":{"_kad_post_transparent":"","_kad_post_title":"","_kad_post_layout":"","_kad_post_sidebar_id":"","_kad_post_content_style":"","_kad_post_vertical_padding":"","_kad_post_feature":"","_kad_post_feature_position":"","_kad_post_header":false,"_kad_post_footer":false,"_kad_post_classname":"","footnotes":""},"categories":[18],"tags":[],"class_list":["post-2900","post","type-post","status-publish","format-standard","has-post-thumbnail","hentry","category-compostelle"],"_links":{"self":[{"href":"http:\/\/www.vinceneux.fr\/Photoblog\/index.php?rest_route=\/wp\/v2\/posts\/2900","targetHints":{"allow":["GET"]}}],"collection":[{"href":"http:\/\/www.vinceneux.fr\/Photoblog\/index.php?rest_route=\/wp\/v2\/posts"}],"about":[{"href":"http:\/\/www.vinceneux.fr\/Photoblog\/index.php?rest_route=\/wp\/v2\/types\/post"}],"author":[{"embeddable":true,"href":"http:\/\/www.vinceneux.fr\/Photoblog\/index.php?rest_route=\/wp\/v2\/users\/1"}],"replies":[{"embeddable":true,"href":"http:\/\/www.vinceneux.fr\/Photoblog\/index.php?rest_route=%2Fwp%2Fv2%2Fcomments&post=2900"}],"version-history":[{"count":2,"href":"http:\/\/www.vinceneux.fr\/Photoblog\/index.php?rest_route=\/wp\/v2\/posts\/2900\/revisions"}],"predecessor-version":[{"id":2914,"href":"http:\/\/www.vinceneux.fr\/Photoblog\/index.php?rest_route=\/wp\/v2\/posts\/2900\/revisions\/2914"}],"wp:featuredmedia":[{"embeddable":true,"href":"http:\/\/www.vinceneux.fr\/Photoblog\/index.php?rest_route=\/wp\/v2\/media\/2912"}],"wp:attachment":[{"href":"http:\/\/www.vinceneux.fr\/Photoblog\/index.php?rest_route=%2Fwp%2Fv2%2Fmedia&parent=2900"}],"wp:term":[{"taxonomy":"category","embeddable":true,"href":"http:\/\/www.vinceneux.fr\/Photoblog\/index.php?rest_route=%2Fwp%2Fv2%2Fcategories&post=2900"},{"taxonomy":"post_tag","embeddable":true,"href":"http:\/\/www.vinceneux.fr\/Photoblog\/index.php?rest_route=%2Fwp%2Fv2%2Ftags&post=2900"}],"curies":[{"name":"wp","href":"https:\/\/api.w.org\/{rel}","templated":true}]}}