{"id":2880,"date":"2025-06-21T11:54:34","date_gmt":"2025-06-21T09:54:34","guid":{"rendered":"https:\/\/www.vinceneux.fr\/Photoblog\/?p=2880"},"modified":"2025-06-22T11:14:21","modified_gmt":"2025-06-22T09:14:21","slug":"j1-compostelle-2025-camino-portugues-cap-finistere-y-muxia","status":"publish","type":"post","link":"http:\/\/www.vinceneux.fr\/Photoblog\/?p=2880","title":{"rendered":"J1\/20 : Compostelle 2025 : Camino Portugu\u00e9s, Cap Finist\u00e8re y Muxia"},"content":{"rendered":"\n<p>Cette ann\u00e9e 2025, d\u00e9part de la fronti\u00e8re Portugaise-Espagnole \u00e0 Caminha, par le Camino Portugu\u00e9s de la c\u00f4te, vers St Jacques de Compostelle, puis vers le Cap Finist\u00e8re et Muxia.<br><\/p>\n\n\n\n<figure class=\"wp-block-image size-large\"><a href=\"https:\/\/www.vinceneux.fr\/Photoblog\/wp-content\/uploads\/2025\/06\/w_100_2025_Compostelle__5280002.jpg\"><img loading=\"lazy\" decoding=\"async\" width=\"1536\" height=\"1024\" src=\"https:\/\/www.vinceneux.fr\/Photoblog\/wp-content\/uploads\/2025\/06\/w_100_2025_Compostelle__5280002-1536x1024.jpg\" alt=\"\" class=\"wp-image-2881\" srcset=\"http:\/\/www.vinceneux.fr\/Photoblog\/wp-content\/uploads\/2025\/06\/w_100_2025_Compostelle__5280002-1536x1024.jpg 1536w, http:\/\/www.vinceneux.fr\/Photoblog\/wp-content\/uploads\/2025\/06\/w_100_2025_Compostelle__5280002-900x600.jpg 900w, http:\/\/www.vinceneux.fr\/Photoblog\/wp-content\/uploads\/2025\/06\/w_100_2025_Compostelle__5280002-300x200.jpg 300w, http:\/\/www.vinceneux.fr\/Photoblog\/wp-content\/uploads\/2025\/06\/w_100_2025_Compostelle__5280002.jpg 1920w\" sizes=\"auto, (max-width: 1536px) 100vw, 1536px\" \/><\/a><\/figure>\n\n\n\n<p>A Caminha, travers\u00e9e en barque du Rio Minho qui fait fronti\u00e8re, puis d\u00e9but du Chemin vers le petit port de A Guarda.<\/p>\n\n\n\n<figure class=\"wp-block-image size-large\"><a href=\"https:\/\/www.vinceneux.fr\/Photoblog\/wp-content\/uploads\/2025\/06\/w_101_2025_Compostelle__5280007.jpg\"><img loading=\"lazy\" decoding=\"async\" width=\"768\" height=\"1024\" src=\"https:\/\/www.vinceneux.fr\/Photoblog\/wp-content\/uploads\/2025\/06\/w_101_2025_Compostelle__5280007-768x1024.jpg\" alt=\"\" class=\"wp-image-2882\" srcset=\"http:\/\/www.vinceneux.fr\/Photoblog\/wp-content\/uploads\/2025\/06\/w_101_2025_Compostelle__5280007-768x1024.jpg 768w, http:\/\/www.vinceneux.fr\/Photoblog\/wp-content\/uploads\/2025\/06\/w_101_2025_Compostelle__5280007-450x600.jpg 450w, http:\/\/www.vinceneux.fr\/Photoblog\/wp-content\/uploads\/2025\/06\/w_101_2025_Compostelle__5280007-150x200.jpg 150w, http:\/\/www.vinceneux.fr\/Photoblog\/wp-content\/uploads\/2025\/06\/w_101_2025_Compostelle__5280007-1152x1536.jpg 1152w, http:\/\/www.vinceneux.fr\/Photoblog\/wp-content\/uploads\/2025\/06\/w_101_2025_Compostelle__5280007.jpg 1440w\" sizes=\"auto, (max-width: 768px) 100vw, 768px\" \/><\/a><\/figure>\n\n\n\n<p>165 km vers Santiago de Compostela&#8230;<\/p>\n\n\n\n<figure class=\"wp-block-image size-large\"><a href=\"https:\/\/www.vinceneux.fr\/Photoblog\/wp-content\/uploads\/2025\/06\/w_102_2025_Compostelle__5280008.jpg\"><img loading=\"lazy\" decoding=\"async\" width=\"1600\" height=\"900\" src=\"https:\/\/www.vinceneux.fr\/Photoblog\/wp-content\/uploads\/2025\/06\/w_102_2025_Compostelle__5280008-1600x900.jpg\" alt=\"\" class=\"wp-image-2883\" srcset=\"http:\/\/www.vinceneux.fr\/Photoblog\/wp-content\/uploads\/2025\/06\/w_102_2025_Compostelle__5280008-1600x900.jpg 1600w, http:\/\/www.vinceneux.fr\/Photoblog\/wp-content\/uploads\/2025\/06\/w_102_2025_Compostelle__5280008-900x506.jpg 900w, http:\/\/www.vinceneux.fr\/Photoblog\/wp-content\/uploads\/2025\/06\/w_102_2025_Compostelle__5280008-300x169.jpg 300w, http:\/\/www.vinceneux.fr\/Photoblog\/wp-content\/uploads\/2025\/06\/w_102_2025_Compostelle__5280008-1536x864.jpg 1536w, http:\/\/www.vinceneux.fr\/Photoblog\/wp-content\/uploads\/2025\/06\/w_102_2025_Compostelle__5280008.jpg 1920w\" sizes=\"auto, (max-width: 1600px) 100vw, 1600px\" \/><\/a><\/figure>\n\n\n\n<p>Port de A Guarda<\/p>\n","protected":false},"excerpt":{"rendered":"<p>Cette ann\u00e9e 2025, d\u00e9part de la fronti\u00e8re Portugaise-Espagnole \u00e0 Caminha, par le Camino Portugu\u00e9s de la c\u00f4te, vers St Jacques de Compostelle, puis vers le Cap Finist\u00e8re et Muxia. A Caminha, travers\u00e9e en barque du Rio Minho qui fait fronti\u00e8re, puis d\u00e9but du Chemin vers le petit port de A Guarda. 165 km vers Santiago&#8230;<\/p>\n","protected":false},"author":1,"featured_media":2881,"comment_status":"open","ping_status":"open","sticky":false,"template":"","format":"standard","meta":{"_kad_post_transparent":"","_kad_post_title":"","_kad_post_layout":"","_kad_post_sidebar_id":"","_kad_post_content_style":"","_kad_post_vertical_padding":"","_kad_post_feature":"","_kad_post_feature_position":"","_kad_post_header":false,"_kad_post_footer":false,"_kad_post_classname":"","footnotes":""},"categories":[18],"tags":[],"class_list":["post-2880","post","type-post","status-publish","format-standard","has-post-thumbnail","hentry","category-compostelle"],"_links":{"self":[{"href":"http:\/\/www.vinceneux.fr\/Photoblog\/index.php?rest_route=\/wp\/v2\/posts\/2880","targetHints":{"allow":["GET"]}}],"collection":[{"href":"http:\/\/www.vinceneux.fr\/Photoblog\/index.php?rest_route=\/wp\/v2\/posts"}],"about":[{"href":"http:\/\/www.vinceneux.fr\/Photoblog\/index.php?rest_route=\/wp\/v2\/types\/post"}],"author":[{"embeddable":true,"href":"http:\/\/www.vinceneux.fr\/Photoblog\/index.php?rest_route=\/wp\/v2\/users\/1"}],"replies":[{"embeddable":true,"href":"http:\/\/www.vinceneux.fr\/Photoblog\/index.php?rest_route=%2Fwp%2Fv2%2Fcomments&post=2880"}],"version-history":[{"count":3,"href":"http:\/\/www.vinceneux.fr\/Photoblog\/index.php?rest_route=\/wp\/v2\/posts\/2880\/revisions"}],"predecessor-version":[{"id":2888,"href":"http:\/\/www.vinceneux.fr\/Photoblog\/index.php?rest_route=\/wp\/v2\/posts\/2880\/revisions\/2888"}],"wp:featuredmedia":[{"embeddable":true,"href":"http:\/\/www.vinceneux.fr\/Photoblog\/index.php?rest_route=\/wp\/v2\/media\/2881"}],"wp:attachment":[{"href":"http:\/\/www.vinceneux.fr\/Photoblog\/index.php?rest_route=%2Fwp%2Fv2%2Fmedia&parent=2880"}],"wp:term":[{"taxonomy":"category","embeddable":true,"href":"http:\/\/www.vinceneux.fr\/Photoblog\/index.php?rest_route=%2Fwp%2Fv2%2Fcategories&post=2880"},{"taxonomy":"post_tag","embeddable":true,"href":"http:\/\/www.vinceneux.fr\/Photoblog\/index.php?rest_route=%2Fwp%2Fv2%2Ftags&post=2880"}],"curies":[{"name":"wp","href":"https:\/\/api.w.org\/{rel}","templated":true}]}}