{"id":2805,"date":"2025-03-13T13:32:45","date_gmt":"2025-03-13T12:32:45","guid":{"rendered":"https:\/\/www.vinceneux.fr\/Photoblog\/?p=2805"},"modified":"2025-03-13T13:32:45","modified_gmt":"2025-03-13T12:32:45","slug":"expo-photos-et-dedicace-du-livre-bal-des-ephemeres","status":"publish","type":"post","link":"http:\/\/www.vinceneux.fr\/Photoblog\/?p=2805","title":{"rendered":"Expo photos et D\u00e9dicace du livre \u00ab\u00a0Bal des \u00c9ph\u00e9m\u00e8res\u00a0\u00bb"},"content":{"rendered":"\n<p>Exposition photos \u00e0 l\u2019Atelier Fr\u00e9d\u00e9ric Magnin 41 rue Marceau \u00e0 44600 Saint Nazaire et d\u00e9dicace du livre \u00ab\u00a0Bal des \u00c9ph\u00e9m\u00e8res\u00a0\u00bb parles auteurs : <br>&#8211; Photos Bernard Vinceneux<br>&#8211; Textes Fr\u00e9d\u00e9ric Magnin<br>&#8211; Traduction en Espagnol : Fran\u00e7oise Garnier <\/p>\n\n\n\n<figure class=\"wp-block-image size-large\"><img loading=\"lazy\" decoding=\"async\" width=\"724\" height=\"1024\" src=\"http:\/\/www.vinceneux.fr\/Photoblog\/wp-content\/uploads\/2025\/03\/Flyer-Expo-B-Vinceneux-F-Magnin-724x1024.jpg\" alt=\"\" class=\"wp-image-2798\" srcset=\"http:\/\/www.vinceneux.fr\/Photoblog\/wp-content\/uploads\/2025\/03\/Flyer-Expo-B-Vinceneux-F-Magnin-724x1024.jpg 724w, http:\/\/www.vinceneux.fr\/Photoblog\/wp-content\/uploads\/2025\/03\/Flyer-Expo-B-Vinceneux-F-Magnin-424x600.jpg 424w, http:\/\/www.vinceneux.fr\/Photoblog\/wp-content\/uploads\/2025\/03\/Flyer-Expo-B-Vinceneux-F-Magnin-141x200.jpg 141w, http:\/\/www.vinceneux.fr\/Photoblog\/wp-content\/uploads\/2025\/03\/Flyer-Expo-B-Vinceneux-F-Magnin-1086x1536.jpg 1086w, http:\/\/www.vinceneux.fr\/Photoblog\/wp-content\/uploads\/2025\/03\/Flyer-Expo-B-Vinceneux-F-Magnin-1448x2048.jpg 1448w, http:\/\/www.vinceneux.fr\/Photoblog\/wp-content\/uploads\/2025\/03\/Flyer-Expo-B-Vinceneux-F-Magnin-scaled.jpg 1811w\" sizes=\"auto, (max-width: 724px) 100vw, 724px\" \/><\/figure>\n","protected":false},"excerpt":{"rendered":"<p>Exposition photos \u00e0 l\u2019Atelier Fr\u00e9d\u00e9ric Magnin 41 rue Marceau \u00e0 44600 Saint Nazaire et d\u00e9dicace du livre \u00ab\u00a0Bal des \u00c9ph\u00e9m\u00e8res\u00a0\u00bb parles auteurs : &#8211; Photos Bernard Vinceneux&#8211; Textes Fr\u00e9d\u00e9ric Magnin&#8211; Traduction en Espagnol : Fran\u00e7oise Garnier<\/p>\n","protected":false},"author":1,"featured_media":0,"comment_status":"open","ping_status":"open","sticky":false,"template":"","format":"standard","meta":{"_kad_post_transparent":"","_kad_post_title":"","_kad_post_layout":"","_kad_post_sidebar_id":"","_kad_post_content_style":"","_kad_post_vertical_padding":"","_kad_post_feature":"","_kad_post_feature_position":"","_kad_post_header":false,"_kad_post_footer":false,"_kad_post_classname":"","footnotes":""},"categories":[8,2,17],"tags":[],"class_list":["post-2805","post","type-post","status-publish","format-standard","hentry","category-au_fil_de_l_eau","category-expositions","category-livre-de-b-vinceneux"],"_links":{"self":[{"href":"http:\/\/www.vinceneux.fr\/Photoblog\/index.php?rest_route=\/wp\/v2\/posts\/2805","targetHints":{"allow":["GET"]}}],"collection":[{"href":"http:\/\/www.vinceneux.fr\/Photoblog\/index.php?rest_route=\/wp\/v2\/posts"}],"about":[{"href":"http:\/\/www.vinceneux.fr\/Photoblog\/index.php?rest_route=\/wp\/v2\/types\/post"}],"author":[{"embeddable":true,"href":"http:\/\/www.vinceneux.fr\/Photoblog\/index.php?rest_route=\/wp\/v2\/users\/1"}],"replies":[{"embeddable":true,"href":"http:\/\/www.vinceneux.fr\/Photoblog\/index.php?rest_route=%2Fwp%2Fv2%2Fcomments&post=2805"}],"version-history":[{"count":1,"href":"http:\/\/www.vinceneux.fr\/Photoblog\/index.php?rest_route=\/wp\/v2\/posts\/2805\/revisions"}],"predecessor-version":[{"id":2806,"href":"http:\/\/www.vinceneux.fr\/Photoblog\/index.php?rest_route=\/wp\/v2\/posts\/2805\/revisions\/2806"}],"wp:attachment":[{"href":"http:\/\/www.vinceneux.fr\/Photoblog\/index.php?rest_route=%2Fwp%2Fv2%2Fmedia&parent=2805"}],"wp:term":[{"taxonomy":"category","embeddable":true,"href":"http:\/\/www.vinceneux.fr\/Photoblog\/index.php?rest_route=%2Fwp%2Fv2%2Fcategories&post=2805"},{"taxonomy":"post_tag","embeddable":true,"href":"http:\/\/www.vinceneux.fr\/Photoblog\/index.php?rest_route=%2Fwp%2Fv2%2Ftags&post=2805"}],"curies":[{"name":"wp","href":"https:\/\/api.w.org\/{rel}","templated":true}]}}