{"id":2443,"date":"2025-02-09T15:33:42","date_gmt":"2025-02-09T14:33:42","guid":{"rendered":"http:\/\/vinceneux.fr\/Photoblog\/?p=2443"},"modified":"2025-02-11T11:24:20","modified_gmt":"2025-02-11T10:24:20","slug":"mon-nouveau-livre-bal-des-ephemeres","status":"publish","type":"post","link":"http:\/\/www.vinceneux.fr\/Photoblog\/?p=2443","title":{"rendered":"Mon nouveau livre \u00ab\u00a0Bal des \u00e9ph\u00e9m\u00e8res\u00a0\u00bb"},"content":{"rendered":"\n<figure class=\"wp-block-image size-large\"><img loading=\"lazy\" decoding=\"async\" width=\"1365\" height=\"1024\" src=\"http:\/\/vinceneux.fr\/Photoblog\/wp-content\/uploads\/2025\/02\/20250128_134943-1365x1024.jpg\" alt=\"\" class=\"wp-image-2362\" srcset=\"http:\/\/www.vinceneux.fr\/Photoblog\/wp-content\/uploads\/2025\/02\/20250128_134943-1365x1024.jpg 1365w, http:\/\/www.vinceneux.fr\/Photoblog\/wp-content\/uploads\/2025\/02\/20250128_134943-800x600.jpg 800w, http:\/\/www.vinceneux.fr\/Photoblog\/wp-content\/uploads\/2025\/02\/20250128_134943-267x200.jpg 267w, http:\/\/www.vinceneux.fr\/Photoblog\/wp-content\/uploads\/2025\/02\/20250128_134943-1536x1152.jpg 1536w, http:\/\/www.vinceneux.fr\/Photoblog\/wp-content\/uploads\/2025\/02\/20250128_134943-2048x1536.jpg 2048w\" sizes=\"auto, (max-width: 1365px) 100vw, 1365px\" \/><figcaption class=\"wp-element-caption\">Bal des \u00c9ph\u00e9m\u00e8res <\/figcaption><\/figure>\n\n\n\n<p>Apr\u00e8s de longues semaines voici le moment tant attendu la r\u00e9ception des exemplaires de mon nouveau livre \u00ab\u00a0<strong><em>Bal des \u00e9ph\u00e9m\u00e8res<\/em><\/strong>\u00a0\u00bb auto \u00e9dit\u00e9 et imprim\u00e9 chez CopyM\u00e9dia.<\/p>\n\n\n\n<p>Ce livre a \u00e9t\u00e9 r\u00e9alis\u00e9 \u00e0 partir d&rsquo;une s\u00e9lection de mes photos, prise au ras de l&rsquo;eau \u00e0 Minorque (Iles Bal\u00e9ares, Espagne). J&rsquo;ai demand\u00e9 \u00e0 <strong>Fr\u00e9d\u00e9ric Magnin<\/strong>, \u00e9crivain \u00e0 Saint Nazaire, de l&rsquo;enrichir avec des textes po\u00e9tiques et d\u00e9cal\u00e9s, comme il sait si bien faire ! <br>Enfin j&rsquo;ai souhait\u00e9 que ce livre soit bilingue afin de pour voir le diffuser en France comme en Espagne et notamment \u00e0 Minorque : Traduction de <strong>Fran\u00e7oise Garnier<\/strong>.<br>Merci \u00e0 tous les 2 pour leur collaboration si fructueuse !<\/p>\n\n\n\n<figure class=\"wp-block-image size-large\"><img loading=\"lazy\" decoding=\"async\" width=\"1193\" height=\"1024\" src=\"http:\/\/vinceneux.fr\/Photoblog\/wp-content\/uploads\/2025\/02\/V2_Couv1_Bal_Ephemeres_21_01_2025-1193x1024.jpg\" alt=\"\" class=\"wp-image-2445\" srcset=\"http:\/\/www.vinceneux.fr\/Photoblog\/wp-content\/uploads\/2025\/02\/V2_Couv1_Bal_Ephemeres_21_01_2025-1193x1024.jpg 1193w, http:\/\/www.vinceneux.fr\/Photoblog\/wp-content\/uploads\/2025\/02\/V2_Couv1_Bal_Ephemeres_21_01_2025-699x600.jpg 699w, http:\/\/www.vinceneux.fr\/Photoblog\/wp-content\/uploads\/2025\/02\/V2_Couv1_Bal_Ephemeres_21_01_2025-233x200.jpg 233w, http:\/\/www.vinceneux.fr\/Photoblog\/wp-content\/uploads\/2025\/02\/V2_Couv1_Bal_Ephemeres_21_01_2025-1536x1318.jpg 1536w, http:\/\/www.vinceneux.fr\/Photoblog\/wp-content\/uploads\/2025\/02\/V2_Couv1_Bal_Ephemeres_21_01_2025-2048x1758.jpg 2048w\" sizes=\"auto, (max-width: 1193px) 100vw, 1193px\" \/><\/figure>\n\n\n\n<figure class=\"wp-block-image size-large\"><img loading=\"lazy\" decoding=\"async\" width=\"1202\" height=\"1024\" src=\"http:\/\/vinceneux.fr\/Photoblog\/wp-content\/uploads\/2025\/02\/V2_Couv2_Bal_Ephemeres_21_01_2025-1202x1024.jpg\" alt=\"\" class=\"wp-image-2446\" srcset=\"http:\/\/www.vinceneux.fr\/Photoblog\/wp-content\/uploads\/2025\/02\/V2_Couv2_Bal_Ephemeres_21_01_2025-1202x1024.jpg 1202w, http:\/\/www.vinceneux.fr\/Photoblog\/wp-content\/uploads\/2025\/02\/V2_Couv2_Bal_Ephemeres_21_01_2025-704x600.jpg 704w, http:\/\/www.vinceneux.fr\/Photoblog\/wp-content\/uploads\/2025\/02\/V2_Couv2_Bal_Ephemeres_21_01_2025-235x200.jpg 235w, http:\/\/www.vinceneux.fr\/Photoblog\/wp-content\/uploads\/2025\/02\/V2_Couv2_Bal_Ephemeres_21_01_2025-1536x1309.jpg 1536w, http:\/\/www.vinceneux.fr\/Photoblog\/wp-content\/uploads\/2025\/02\/V2_Couv2_Bal_Ephemeres_21_01_2025-2048x1745.jpg 2048w\" sizes=\"auto, (max-width: 1202px) 100vw, 1202px\" \/><\/figure>\n","protected":false},"excerpt":{"rendered":"<p>Apr\u00e8s de longues semaines voici le moment tant attendu la r\u00e9ception des exemplaires de mon nouveau livre \u00ab\u00a0Bal des \u00e9ph\u00e9m\u00e8res\u00a0\u00bb auto \u00e9dit\u00e9 et imprim\u00e9 chez CopyM\u00e9dia.<\/p>\n<p>Ce livre a \u00e9t\u00e9 r\u00e9alis\u00e9 \u00e0 partir d&rsquo;une s\u00e9lection de mes photos, prise au ras de l&rsquo;eau \u00e0 Minorque (Iles Bal\u00e9ares, Espagne). J&rsquo;ai demand\u00e9 \u00e0 Fr\u00e9d\u00e9ric Magnin, \u00e9crivain \u00e0 Saint Nazaire, <\/p>\n","protected":false},"author":1,"featured_media":2362,"comment_status":"open","ping_status":"open","sticky":false,"template":"","format":"standard","meta":{"_kad_post_transparent":"","_kad_post_title":"","_kad_post_layout":"","_kad_post_sidebar_id":"","_kad_post_content_style":"","_kad_post_vertical_padding":"","_kad_post_feature":"","_kad_post_feature_position":"","_kad_post_header":false,"_kad_post_footer":false,"_kad_post_classname":"","footnotes":""},"categories":[8,17],"tags":[],"class_list":["post-2443","post","type-post","status-publish","format-standard","has-post-thumbnail","hentry","category-au_fil_de_l_eau","category-livre-de-b-vinceneux"],"_links":{"self":[{"href":"http:\/\/www.vinceneux.fr\/Photoblog\/index.php?rest_route=\/wp\/v2\/posts\/2443","targetHints":{"allow":["GET"]}}],"collection":[{"href":"http:\/\/www.vinceneux.fr\/Photoblog\/index.php?rest_route=\/wp\/v2\/posts"}],"about":[{"href":"http:\/\/www.vinceneux.fr\/Photoblog\/index.php?rest_route=\/wp\/v2\/types\/post"}],"author":[{"embeddable":true,"href":"http:\/\/www.vinceneux.fr\/Photoblog\/index.php?rest_route=\/wp\/v2\/users\/1"}],"replies":[{"embeddable":true,"href":"http:\/\/www.vinceneux.fr\/Photoblog\/index.php?rest_route=%2Fwp%2Fv2%2Fcomments&post=2443"}],"version-history":[{"count":4,"href":"http:\/\/www.vinceneux.fr\/Photoblog\/index.php?rest_route=\/wp\/v2\/posts\/2443\/revisions"}],"predecessor-version":[{"id":2475,"href":"http:\/\/www.vinceneux.fr\/Photoblog\/index.php?rest_route=\/wp\/v2\/posts\/2443\/revisions\/2475"}],"wp:featuredmedia":[{"embeddable":true,"href":"http:\/\/www.vinceneux.fr\/Photoblog\/index.php?rest_route=\/wp\/v2\/media\/2362"}],"wp:attachment":[{"href":"http:\/\/www.vinceneux.fr\/Photoblog\/index.php?rest_route=%2Fwp%2Fv2%2Fmedia&parent=2443"}],"wp:term":[{"taxonomy":"category","embeddable":true,"href":"http:\/\/www.vinceneux.fr\/Photoblog\/index.php?rest_route=%2Fwp%2Fv2%2Fcategories&post=2443"},{"taxonomy":"post_tag","embeddable":true,"href":"http:\/\/www.vinceneux.fr\/Photoblog\/index.php?rest_route=%2Fwp%2Fv2%2Ftags&post=2443"}],"curies":[{"name":"wp","href":"https:\/\/api.w.org\/{rel}","templated":true}]}}