{"id":2196,"date":"2024-06-29T10:53:30","date_gmt":"2024-06-29T08:53:30","guid":{"rendered":"http:\/\/vinceneux.fr\/Photoblog\/?p=2196"},"modified":"2025-02-02T23:31:53","modified_gmt":"2025-02-02T22:31:53","slug":"santiago-de-compostela-3","status":"publish","type":"post","link":"http:\/\/www.vinceneux.fr\/Photoblog\/?p=2196","title":{"rendered":"Santiago de Compostela (3)"},"content":{"rendered":"\n<p>Entre 2 averses, (on est bien en Galice&#8230;) visite guid\u00e9e extraordinaire des tours et toitures de la Cath\u00e9drale.<\/p>\n\n\n\n<figure class=\"wp-block-image size-large\"><a href=\"http:\/\/vinceneux.fr\/Photoblog\/wp-content\/uploads\/2024\/06\/w_100_2024_Compostelle_Tel_20240523_102643.jpg\"><img loading=\"lazy\" decoding=\"async\" width=\"1600\" height=\"900\" src=\"http:\/\/vinceneux.fr\/Photoblog\/wp-content\/uploads\/2024\/06\/w_100_2024_Compostelle_Tel_20240523_102643-1600x900.jpg\" alt=\"\" class=\"wp-image-2197\" srcset=\"http:\/\/www.vinceneux.fr\/Photoblog\/wp-content\/uploads\/2024\/06\/w_100_2024_Compostelle_Tel_20240523_102643-1600x900.jpg 1600w, http:\/\/www.vinceneux.fr\/Photoblog\/wp-content\/uploads\/2024\/06\/w_100_2024_Compostelle_Tel_20240523_102643-900x506.jpg 900w, http:\/\/www.vinceneux.fr\/Photoblog\/wp-content\/uploads\/2024\/06\/w_100_2024_Compostelle_Tel_20240523_102643-300x169.jpg 300w, http:\/\/www.vinceneux.fr\/Photoblog\/wp-content\/uploads\/2024\/06\/w_100_2024_Compostelle_Tel_20240523_102643-1536x864.jpg 1536w, http:\/\/www.vinceneux.fr\/Photoblog\/wp-content\/uploads\/2024\/06\/w_100_2024_Compostelle_Tel_20240523_102643.jpg 1920w\" sizes=\"auto, (max-width: 1600px) 100vw, 1600px\" \/><\/a><\/figure>\n\n\n\n<p><\/p>\n\n\n\n<figure class=\"wp-block-image size-large\"><a href=\"http:\/\/vinceneux.fr\/Photoblog\/wp-content\/uploads\/2024\/06\/w_100_2024_Compostelle-__5230877.jpg\"><img loading=\"lazy\" decoding=\"async\" width=\"1536\" height=\"1024\" src=\"http:\/\/vinceneux.fr\/Photoblog\/wp-content\/uploads\/2024\/06\/w_100_2024_Compostelle-__5230877-1536x1024.jpg\" alt=\"\" class=\"wp-image-2198\" srcset=\"http:\/\/www.vinceneux.fr\/Photoblog\/wp-content\/uploads\/2024\/06\/w_100_2024_Compostelle-__5230877-1536x1024.jpg 1536w, http:\/\/www.vinceneux.fr\/Photoblog\/wp-content\/uploads\/2024\/06\/w_100_2024_Compostelle-__5230877-900x600.jpg 900w, http:\/\/www.vinceneux.fr\/Photoblog\/wp-content\/uploads\/2024\/06\/w_100_2024_Compostelle-__5230877-300x200.jpg 300w, http:\/\/www.vinceneux.fr\/Photoblog\/wp-content\/uploads\/2024\/06\/w_100_2024_Compostelle-__5230877.jpg 1920w\" sizes=\"auto, (max-width: 1536px) 100vw, 1536px\" \/><\/a><\/figure>\n\n\n\n<p class=\"has-text-align-center\">La foule pour entrer \u00e0 l&rsquo;int\u00e9rieur de la cath\u00e9drale !<\/p>\n\n\n\n<figure class=\"wp-block-image size-large\"><a href=\"http:\/\/vinceneux.fr\/Photoblog\/wp-content\/uploads\/2024\/06\/w_100_2024_Compostelle-__5230927.jpg\"><img loading=\"lazy\" decoding=\"async\" width=\"768\" height=\"1024\" src=\"http:\/\/vinceneux.fr\/Photoblog\/wp-content\/uploads\/2024\/06\/w_100_2024_Compostelle-__5230927-768x1024.jpg\" alt=\"\" class=\"wp-image-2199\" srcset=\"http:\/\/www.vinceneux.fr\/Photoblog\/wp-content\/uploads\/2024\/06\/w_100_2024_Compostelle-__5230927-768x1024.jpg 768w, http:\/\/www.vinceneux.fr\/Photoblog\/wp-content\/uploads\/2024\/06\/w_100_2024_Compostelle-__5230927-450x600.jpg 450w, http:\/\/www.vinceneux.fr\/Photoblog\/wp-content\/uploads\/2024\/06\/w_100_2024_Compostelle-__5230927-150x200.jpg 150w, http:\/\/www.vinceneux.fr\/Photoblog\/wp-content\/uploads\/2024\/06\/w_100_2024_Compostelle-__5230927-1152x1536.jpg 1152w, http:\/\/www.vinceneux.fr\/Photoblog\/wp-content\/uploads\/2024\/06\/w_100_2024_Compostelle-__5230927.jpg 1440w\" sizes=\"auto, (max-width: 768px) 100vw, 768px\" \/><\/a><\/figure>\n\n\n\n<p class=\"has-text-align-center\">Les toitures sont recouvertes de dalles de granit <br>et on peut s&rsquo;y promener avec un guide &#8230;<\/p>\n\n\n\n<figure class=\"wp-block-image size-large\"><a href=\"http:\/\/vinceneux.fr\/Photoblog\/wp-content\/uploads\/2024\/06\/w_100_2024_Compostelle-__5230928.jpg\"><img loading=\"lazy\" decoding=\"async\" width=\"1536\" height=\"1024\" src=\"http:\/\/vinceneux.fr\/Photoblog\/wp-content\/uploads\/2024\/06\/w_100_2024_Compostelle-__5230928-1536x1024.jpg\" alt=\"\" class=\"wp-image-2200\" srcset=\"http:\/\/www.vinceneux.fr\/Photoblog\/wp-content\/uploads\/2024\/06\/w_100_2024_Compostelle-__5230928-1536x1024.jpg 1536w, http:\/\/www.vinceneux.fr\/Photoblog\/wp-content\/uploads\/2024\/06\/w_100_2024_Compostelle-__5230928-900x600.jpg 900w, http:\/\/www.vinceneux.fr\/Photoblog\/wp-content\/uploads\/2024\/06\/w_100_2024_Compostelle-__5230928-300x200.jpg 300w, http:\/\/www.vinceneux.fr\/Photoblog\/wp-content\/uploads\/2024\/06\/w_100_2024_Compostelle-__5230928.jpg 1920w\" sizes=\"auto, (max-width: 1536px) 100vw, 1536px\" \/><\/a><\/figure>\n\n\n\n<p class=\"has-text-align-center\">Saint Jacques vu de dos.<\/p>\n\n\n\n<figure class=\"wp-block-image size-large\"><a href=\"http:\/\/vinceneux.fr\/Photoblog\/wp-content\/uploads\/2024\/06\/w_100_2024_Compostelle-__5230964.jpg\"><img loading=\"lazy\" decoding=\"async\" width=\"768\" height=\"1024\" src=\"http:\/\/vinceneux.fr\/Photoblog\/wp-content\/uploads\/2024\/06\/w_100_2024_Compostelle-__5230964-768x1024.jpg\" alt=\"\" class=\"wp-image-2201\" srcset=\"http:\/\/www.vinceneux.fr\/Photoblog\/wp-content\/uploads\/2024\/06\/w_100_2024_Compostelle-__5230964-768x1024.jpg 768w, http:\/\/www.vinceneux.fr\/Photoblog\/wp-content\/uploads\/2024\/06\/w_100_2024_Compostelle-__5230964-450x600.jpg 450w, http:\/\/www.vinceneux.fr\/Photoblog\/wp-content\/uploads\/2024\/06\/w_100_2024_Compostelle-__5230964-150x200.jpg 150w, http:\/\/www.vinceneux.fr\/Photoblog\/wp-content\/uploads\/2024\/06\/w_100_2024_Compostelle-__5230964-1152x1536.jpg 1152w, http:\/\/www.vinceneux.fr\/Photoblog\/wp-content\/uploads\/2024\/06\/w_100_2024_Compostelle-__5230964.jpg 1440w\" sizes=\"auto, (max-width: 768px) 100vw, 768px\" \/><\/a><\/figure>\n\n\n\n<p><\/p>\n\n\n\n<figure class=\"wp-block-image size-large\"><a href=\"http:\/\/vinceneux.fr\/Photoblog\/wp-content\/uploads\/2024\/06\/w_100_2024_Compostelle-__5230945.jpg\"><img loading=\"lazy\" decoding=\"async\" width=\"1536\" height=\"1024\" src=\"http:\/\/vinceneux.fr\/Photoblog\/wp-content\/uploads\/2024\/06\/w_100_2024_Compostelle-__5230945-1536x1024.jpg\" alt=\"\" class=\"wp-image-2202\" srcset=\"http:\/\/www.vinceneux.fr\/Photoblog\/wp-content\/uploads\/2024\/06\/w_100_2024_Compostelle-__5230945-1536x1024.jpg 1536w, http:\/\/www.vinceneux.fr\/Photoblog\/wp-content\/uploads\/2024\/06\/w_100_2024_Compostelle-__5230945-900x600.jpg 900w, http:\/\/www.vinceneux.fr\/Photoblog\/wp-content\/uploads\/2024\/06\/w_100_2024_Compostelle-__5230945-300x200.jpg 300w, http:\/\/www.vinceneux.fr\/Photoblog\/wp-content\/uploads\/2024\/06\/w_100_2024_Compostelle-__5230945.jpg 1920w\" sizes=\"auto, (max-width: 1536px) 100vw, 1536px\" \/><\/a><\/figure>\n\n\n\n<p><\/p>\n\n\n\n<p><\/p>\n\n\n\n<figure class=\"wp-block-image size-large\"><a href=\"http:\/\/vinceneux.fr\/Photoblog\/wp-content\/uploads\/2024\/06\/w_100_2024_Compostelle-__5230950.jpg\"><img loading=\"lazy\" decoding=\"async\" width=\"1365\" height=\"1024\" src=\"http:\/\/vinceneux.fr\/Photoblog\/wp-content\/uploads\/2024\/06\/w_100_2024_Compostelle-__5230950-1365x1024.jpg\" alt=\"\" class=\"wp-image-2204\" srcset=\"http:\/\/www.vinceneux.fr\/Photoblog\/wp-content\/uploads\/2024\/06\/w_100_2024_Compostelle-__5230950-1365x1024.jpg 1365w, http:\/\/www.vinceneux.fr\/Photoblog\/wp-content\/uploads\/2024\/06\/w_100_2024_Compostelle-__5230950-800x600.jpg 800w, http:\/\/www.vinceneux.fr\/Photoblog\/wp-content\/uploads\/2024\/06\/w_100_2024_Compostelle-__5230950-267x200.jpg 267w, http:\/\/www.vinceneux.fr\/Photoblog\/wp-content\/uploads\/2024\/06\/w_100_2024_Compostelle-__5230950-1536x1152.jpg 1536w, http:\/\/www.vinceneux.fr\/Photoblog\/wp-content\/uploads\/2024\/06\/w_100_2024_Compostelle-__5230950.jpg 1920w\" sizes=\"auto, (max-width: 1365px) 100vw, 1365px\" \/><\/a><\/figure>\n\n\n\n<p><\/p>\n\n\n\n<figure class=\"wp-block-image size-large\"><a href=\"http:\/\/vinceneux.fr\/Photoblog\/wp-content\/uploads\/2024\/06\/w_100_2024_Compostelle-__5230921.jpg\"><img loading=\"lazy\" decoding=\"async\" width=\"1536\" height=\"1024\" src=\"http:\/\/vinceneux.fr\/Photoblog\/wp-content\/uploads\/2024\/06\/w_100_2024_Compostelle-__5230921-1536x1024.jpg\" alt=\"\" class=\"wp-image-2205\" srcset=\"http:\/\/www.vinceneux.fr\/Photoblog\/wp-content\/uploads\/2024\/06\/w_100_2024_Compostelle-__5230921-1536x1024.jpg 1536w, http:\/\/www.vinceneux.fr\/Photoblog\/wp-content\/uploads\/2024\/06\/w_100_2024_Compostelle-__5230921-900x600.jpg 900w, http:\/\/www.vinceneux.fr\/Photoblog\/wp-content\/uploads\/2024\/06\/w_100_2024_Compostelle-__5230921-300x200.jpg 300w, http:\/\/www.vinceneux.fr\/Photoblog\/wp-content\/uploads\/2024\/06\/w_100_2024_Compostelle-__5230921.jpg 1920w\" sizes=\"auto, (max-width: 1536px) 100vw, 1536px\" \/><\/a><\/figure>\n\n\n\n<p><\/p>\n\n\n\n<figure class=\"wp-block-image size-large\"><a href=\"http:\/\/vinceneux.fr\/Photoblog\/wp-content\/uploads\/2024\/06\/w_100_2024_Compostelle_Tel_20240523_135741.jpg\"><img loading=\"lazy\" decoding=\"async\" width=\"768\" height=\"1024\" src=\"http:\/\/vinceneux.fr\/Photoblog\/wp-content\/uploads\/2024\/06\/w_100_2024_Compostelle_Tel_20240523_135741-768x1024.jpg\" alt=\"\" class=\"wp-image-2206\" srcset=\"http:\/\/www.vinceneux.fr\/Photoblog\/wp-content\/uploads\/2024\/06\/w_100_2024_Compostelle_Tel_20240523_135741-768x1024.jpg 768w, http:\/\/www.vinceneux.fr\/Photoblog\/wp-content\/uploads\/2024\/06\/w_100_2024_Compostelle_Tel_20240523_135741-450x600.jpg 450w, http:\/\/www.vinceneux.fr\/Photoblog\/wp-content\/uploads\/2024\/06\/w_100_2024_Compostelle_Tel_20240523_135741-150x200.jpg 150w, http:\/\/www.vinceneux.fr\/Photoblog\/wp-content\/uploads\/2024\/06\/w_100_2024_Compostelle_Tel_20240523_135741-1152x1536.jpg 1152w, http:\/\/www.vinceneux.fr\/Photoblog\/wp-content\/uploads\/2024\/06\/w_100_2024_Compostelle_Tel_20240523_135741.jpg 1440w\" sizes=\"auto, (max-width: 768px) 100vw, 768px\" \/><\/a><\/figure>\n\n\n\n<p class=\"has-text-align-center\">\u00c0 suivre &#8230;<\/p>\n","protected":false},"excerpt":{"rendered":"<p>Entre 2 averses, (on est bien en Galice&#8230;) visite guid\u00e9e extraordinaire des tours et toitures de la Cath\u00e9drale. La foule pour entrer \u00e0 l&rsquo;int\u00e9rieur de la cath\u00e9drale ! Les toitures sont recouvertes de dalles de granit et on peut s&rsquo;y promener avec un guide &#8230; Saint Jacques vu de dos. \u00c0 suivre &#8230;<\/p>\n","protected":false},"author":1,"featured_media":2206,"comment_status":"open","ping_status":"open","sticky":false,"template":"","format":"standard","meta":{"_kad_post_transparent":"","_kad_post_title":"","_kad_post_layout":"","_kad_post_sidebar_id":"","_kad_post_content_style":"","_kad_post_vertical_padding":"","_kad_post_feature":"","_kad_post_feature_position":"","_kad_post_header":false,"_kad_post_footer":false,"_kad_post_classname":"","footnotes":""},"categories":[18],"tags":[],"class_list":["post-2196","post","type-post","status-publish","format-standard","has-post-thumbnail","hentry","category-compostelle"],"_links":{"self":[{"href":"http:\/\/www.vinceneux.fr\/Photoblog\/index.php?rest_route=\/wp\/v2\/posts\/2196","targetHints":{"allow":["GET"]}}],"collection":[{"href":"http:\/\/www.vinceneux.fr\/Photoblog\/index.php?rest_route=\/wp\/v2\/posts"}],"about":[{"href":"http:\/\/www.vinceneux.fr\/Photoblog\/index.php?rest_route=\/wp\/v2\/types\/post"}],"author":[{"embeddable":true,"href":"http:\/\/www.vinceneux.fr\/Photoblog\/index.php?rest_route=\/wp\/v2\/users\/1"}],"replies":[{"embeddable":true,"href":"http:\/\/www.vinceneux.fr\/Photoblog\/index.php?rest_route=%2Fwp%2Fv2%2Fcomments&post=2196"}],"version-history":[{"count":2,"href":"http:\/\/www.vinceneux.fr\/Photoblog\/index.php?rest_route=\/wp\/v2\/posts\/2196\/revisions"}],"predecessor-version":[{"id":2208,"href":"http:\/\/www.vinceneux.fr\/Photoblog\/index.php?rest_route=\/wp\/v2\/posts\/2196\/revisions\/2208"}],"wp:featuredmedia":[{"embeddable":true,"href":"http:\/\/www.vinceneux.fr\/Photoblog\/index.php?rest_route=\/wp\/v2\/media\/2206"}],"wp:attachment":[{"href":"http:\/\/www.vinceneux.fr\/Photoblog\/index.php?rest_route=%2Fwp%2Fv2%2Fmedia&parent=2196"}],"wp:term":[{"taxonomy":"category","embeddable":true,"href":"http:\/\/www.vinceneux.fr\/Photoblog\/index.php?rest_route=%2Fwp%2Fv2%2Fcategories&post=2196"},{"taxonomy":"post_tag","embeddable":true,"href":"http:\/\/www.vinceneux.fr\/Photoblog\/index.php?rest_route=%2Fwp%2Fv2%2Ftags&post=2196"}],"curies":[{"name":"wp","href":"https:\/\/api.w.org\/{rel}","templated":true}]}}