{"id":2178,"date":"2024-06-28T10:49:55","date_gmt":"2024-06-28T08:49:55","guid":{"rendered":"http:\/\/vinceneux.fr\/Photoblog\/?p=2178"},"modified":"2025-02-02T23:32:16","modified_gmt":"2025-02-02T22:32:16","slug":"santiago-de-compostela-2","status":"publish","type":"post","link":"http:\/\/www.vinceneux.fr\/Photoblog\/?p=2178","title":{"rendered":"Santiago de Compostela (2)"},"content":{"rendered":"\n<p>L&rsquo;int\u00e9rieur de la cath\u00e9drale, la statue de Saint Jacques que l&rsquo;on doit serrer dans ses bras et ses orgues \u00e0 tuyaux horizontaux si caract\u00e9ristiques de l&rsquo;Espagne et qui n&rsquo;existent pas en France, que je sache &#8230; Pourquoi ?<\/p>\n\n\n\n<figure class=\"wp-block-image size-large\"><a href=\"http:\/\/vinceneux.fr\/Photoblog\/wp-content\/uploads\/2024\/06\/w_100_2024_Compostelle-__5230914.jpg\"><img loading=\"lazy\" decoding=\"async\" width=\"768\" height=\"1024\" src=\"http:\/\/vinceneux.fr\/Photoblog\/wp-content\/uploads\/2024\/06\/w_100_2024_Compostelle-__5230914-768x1024.jpg\" alt=\"\" class=\"wp-image-2179\" srcset=\"http:\/\/www.vinceneux.fr\/Photoblog\/wp-content\/uploads\/2024\/06\/w_100_2024_Compostelle-__5230914-768x1024.jpg 768w, http:\/\/www.vinceneux.fr\/Photoblog\/wp-content\/uploads\/2024\/06\/w_100_2024_Compostelle-__5230914-450x600.jpg 450w, http:\/\/www.vinceneux.fr\/Photoblog\/wp-content\/uploads\/2024\/06\/w_100_2024_Compostelle-__5230914-150x200.jpg 150w, http:\/\/www.vinceneux.fr\/Photoblog\/wp-content\/uploads\/2024\/06\/w_100_2024_Compostelle-__5230914-1152x1536.jpg 1152w, http:\/\/www.vinceneux.fr\/Photoblog\/wp-content\/uploads\/2024\/06\/w_100_2024_Compostelle-__5230914.jpg 1440w\" sizes=\"auto, (max-width: 768px) 100vw, 768px\" \/><\/a><\/figure>\n\n\n\n<p><\/p>\n\n\n\n<figure class=\"wp-block-image size-large\"><a href=\"http:\/\/vinceneux.fr\/Photoblog\/wp-content\/uploads\/2024\/06\/w_100_2024_Compostelle-__5220773-1.jpg\"><img loading=\"lazy\" decoding=\"async\" width=\"1365\" height=\"1024\" src=\"http:\/\/vinceneux.fr\/Photoblog\/wp-content\/uploads\/2024\/06\/w_100_2024_Compostelle-__5220773-1-1365x1024.jpg\" alt=\"\" class=\"wp-image-2189\" srcset=\"http:\/\/www.vinceneux.fr\/Photoblog\/wp-content\/uploads\/2024\/06\/w_100_2024_Compostelle-__5220773-1-1365x1024.jpg 1365w, http:\/\/www.vinceneux.fr\/Photoblog\/wp-content\/uploads\/2024\/06\/w_100_2024_Compostelle-__5220773-1-800x600.jpg 800w, http:\/\/www.vinceneux.fr\/Photoblog\/wp-content\/uploads\/2024\/06\/w_100_2024_Compostelle-__5220773-1-267x200.jpg 267w, http:\/\/www.vinceneux.fr\/Photoblog\/wp-content\/uploads\/2024\/06\/w_100_2024_Compostelle-__5220773-1-1536x1152.jpg 1536w, http:\/\/www.vinceneux.fr\/Photoblog\/wp-content\/uploads\/2024\/06\/w_100_2024_Compostelle-__5220773-1.jpg 1920w\" sizes=\"auto, (max-width: 1365px) 100vw, 1365px\" \/><\/a><\/figure>\n\n\n\n<p class=\"has-text-align-center\">La crois\u00e9e d&rsquo;ogives et la structure m\u00e9tallique d&rsquo;o\u00f9 est suspendu<br> le <strong>botafumeiro<\/strong>, gigantesque encensoir <br>qui est sorti pour les grandes f\u00eates.<\/p>\n\n\n\n<figure class=\"wp-block-image size-large\"><a href=\"http:\/\/vinceneux.fr\/Photoblog\/wp-content\/uploads\/2024\/06\/w_100_2024_Compostelle-__5230863.jpg\"><img loading=\"lazy\" decoding=\"async\" width=\"768\" height=\"1024\" src=\"http:\/\/vinceneux.fr\/Photoblog\/wp-content\/uploads\/2024\/06\/w_100_2024_Compostelle-__5230863-768x1024.jpg\" alt=\"\" class=\"wp-image-2180\" srcset=\"http:\/\/www.vinceneux.fr\/Photoblog\/wp-content\/uploads\/2024\/06\/w_100_2024_Compostelle-__5230863-768x1024.jpg 768w, http:\/\/www.vinceneux.fr\/Photoblog\/wp-content\/uploads\/2024\/06\/w_100_2024_Compostelle-__5230863-450x600.jpg 450w, http:\/\/www.vinceneux.fr\/Photoblog\/wp-content\/uploads\/2024\/06\/w_100_2024_Compostelle-__5230863-150x200.jpg 150w, http:\/\/www.vinceneux.fr\/Photoblog\/wp-content\/uploads\/2024\/06\/w_100_2024_Compostelle-__5230863-1152x1536.jpg 1152w, http:\/\/www.vinceneux.fr\/Photoblog\/wp-content\/uploads\/2024\/06\/w_100_2024_Compostelle-__5230863.jpg 1440w\" sizes=\"auto, (max-width: 768px) 100vw, 768px\" \/><\/a><\/figure>\n\n\n\n<p><\/p>\n\n\n\n<figure class=\"wp-block-image size-large\"><a href=\"http:\/\/vinceneux.fr\/Photoblog\/wp-content\/uploads\/2024\/06\/w_100_2024_Compostelle-__5231012.jpg\"><img loading=\"lazy\" decoding=\"async\" width=\"768\" height=\"1024\" src=\"http:\/\/vinceneux.fr\/Photoblog\/wp-content\/uploads\/2024\/06\/w_100_2024_Compostelle-__5231012-768x1024.jpg\" alt=\"\" class=\"wp-image-2181\" srcset=\"http:\/\/www.vinceneux.fr\/Photoblog\/wp-content\/uploads\/2024\/06\/w_100_2024_Compostelle-__5231012-768x1024.jpg 768w, http:\/\/www.vinceneux.fr\/Photoblog\/wp-content\/uploads\/2024\/06\/w_100_2024_Compostelle-__5231012-450x600.jpg 450w, http:\/\/www.vinceneux.fr\/Photoblog\/wp-content\/uploads\/2024\/06\/w_100_2024_Compostelle-__5231012-150x200.jpg 150w, http:\/\/www.vinceneux.fr\/Photoblog\/wp-content\/uploads\/2024\/06\/w_100_2024_Compostelle-__5231012-1152x1536.jpg 1152w, http:\/\/www.vinceneux.fr\/Photoblog\/wp-content\/uploads\/2024\/06\/w_100_2024_Compostelle-__5231012.jpg 1440w\" sizes=\"auto, (max-width: 768px) 100vw, 768px\" \/><\/a><\/figure>\n\n\n\n<p class=\"has-text-align-center\">Le Ch\u0153ur et la statue de Saint Jacques&#8230;<\/p>\n\n\n\n<figure class=\"wp-block-image size-large\"><a href=\"http:\/\/vinceneux.fr\/Photoblog\/wp-content\/uploads\/2024\/06\/w_100_2024_Compostelle-__5231015.jpg\"><img loading=\"lazy\" decoding=\"async\" width=\"1365\" height=\"1024\" src=\"http:\/\/vinceneux.fr\/Photoblog\/wp-content\/uploads\/2024\/06\/w_100_2024_Compostelle-__5231015-1365x1024.jpg\" alt=\"\" class=\"wp-image-2182\" srcset=\"http:\/\/www.vinceneux.fr\/Photoblog\/wp-content\/uploads\/2024\/06\/w_100_2024_Compostelle-__5231015-1365x1024.jpg 1365w, http:\/\/www.vinceneux.fr\/Photoblog\/wp-content\/uploads\/2024\/06\/w_100_2024_Compostelle-__5231015-800x600.jpg 800w, http:\/\/www.vinceneux.fr\/Photoblog\/wp-content\/uploads\/2024\/06\/w_100_2024_Compostelle-__5231015-267x200.jpg 267w, http:\/\/www.vinceneux.fr\/Photoblog\/wp-content\/uploads\/2024\/06\/w_100_2024_Compostelle-__5231015-1536x1152.jpg 1536w, http:\/\/www.vinceneux.fr\/Photoblog\/wp-content\/uploads\/2024\/06\/w_100_2024_Compostelle-__5231015.jpg 1920w\" sizes=\"auto, (max-width: 1365px) 100vw, 1365px\" \/><\/a><\/figure>\n\n\n\n<p class=\"has-text-align-center\">&#8230; que l&rsquo;on doit serrer dans ses bras !<\/p>\n\n\n\n<figure class=\"wp-block-image size-large\"><a href=\"http:\/\/vinceneux.fr\/Photoblog\/wp-content\/uploads\/2024\/06\/w_100_2024_Compostelle-__5241081.jpg\"><img loading=\"lazy\" decoding=\"async\" width=\"683\" height=\"1024\" src=\"http:\/\/vinceneux.fr\/Photoblog\/wp-content\/uploads\/2024\/06\/w_100_2024_Compostelle-__5241081-683x1024.jpg\" alt=\"\" class=\"wp-image-2183\" srcset=\"http:\/\/www.vinceneux.fr\/Photoblog\/wp-content\/uploads\/2024\/06\/w_100_2024_Compostelle-__5241081-683x1024.jpg 683w, http:\/\/www.vinceneux.fr\/Photoblog\/wp-content\/uploads\/2024\/06\/w_100_2024_Compostelle-__5241081-400x600.jpg 400w, http:\/\/www.vinceneux.fr\/Photoblog\/wp-content\/uploads\/2024\/06\/w_100_2024_Compostelle-__5241081-133x200.jpg 133w, http:\/\/www.vinceneux.fr\/Photoblog\/wp-content\/uploads\/2024\/06\/w_100_2024_Compostelle-__5241081-1024x1536.jpg 1024w, http:\/\/www.vinceneux.fr\/Photoblog\/wp-content\/uploads\/2024\/06\/w_100_2024_Compostelle-__5241081.jpg 1280w\" sizes=\"auto, (max-width: 683px) 100vw, 683px\" \/><\/a><\/figure>\n\n\n\n<p class=\"has-text-align-center\">Style Baroque !!!<\/p>\n\n\n\n<figure class=\"wp-block-image size-large\"><a href=\"http:\/\/vinceneux.fr\/Photoblog\/wp-content\/uploads\/2024\/06\/w_100_2024_Compostelle-__5220771-1.jpg\"><img loading=\"lazy\" decoding=\"async\" width=\"1536\" height=\"1024\" src=\"http:\/\/vinceneux.fr\/Photoblog\/wp-content\/uploads\/2024\/06\/w_100_2024_Compostelle-__5220771-1-1536x1024.jpg\" alt=\"\" class=\"wp-image-2190\" srcset=\"http:\/\/www.vinceneux.fr\/Photoblog\/wp-content\/uploads\/2024\/06\/w_100_2024_Compostelle-__5220771-1-1536x1024.jpg 1536w, http:\/\/www.vinceneux.fr\/Photoblog\/wp-content\/uploads\/2024\/06\/w_100_2024_Compostelle-__5220771-1-900x600.jpg 900w, http:\/\/www.vinceneux.fr\/Photoblog\/wp-content\/uploads\/2024\/06\/w_100_2024_Compostelle-__5220771-1-300x200.jpg 300w, http:\/\/www.vinceneux.fr\/Photoblog\/wp-content\/uploads\/2024\/06\/w_100_2024_Compostelle-__5220771-1.jpg 1920w\" sizes=\"auto, (max-width: 1536px) 100vw, 1536px\" \/><\/a><\/figure>\n\n\n\n<p><\/p>\n\n\n\n<figure class=\"wp-block-image size-large is-resized\"><a href=\"http:\/\/vinceneux.fr\/Photoblog\/wp-content\/uploads\/2024\/06\/w_100_2024_Compostelle-__5220784.jpg\"><img loading=\"lazy\" decoding=\"async\" width=\"1024\" height=\"1024\" src=\"http:\/\/vinceneux.fr\/Photoblog\/wp-content\/uploads\/2024\/06\/w_100_2024_Compostelle-__5220784-1024x1024.jpg\" alt=\"\" class=\"wp-image-2184\" style=\"width:690px;height:auto\" srcset=\"http:\/\/www.vinceneux.fr\/Photoblog\/wp-content\/uploads\/2024\/06\/w_100_2024_Compostelle-__5220784-1024x1024.jpg 1024w, http:\/\/www.vinceneux.fr\/Photoblog\/wp-content\/uploads\/2024\/06\/w_100_2024_Compostelle-__5220784-600x600.jpg 600w, http:\/\/www.vinceneux.fr\/Photoblog\/wp-content\/uploads\/2024\/06\/w_100_2024_Compostelle-__5220784-200x200.jpg 200w, http:\/\/www.vinceneux.fr\/Photoblog\/wp-content\/uploads\/2024\/06\/w_100_2024_Compostelle-__5220784-1536x1536.jpg 1536w, http:\/\/www.vinceneux.fr\/Photoblog\/wp-content\/uploads\/2024\/06\/w_100_2024_Compostelle-__5220784.jpg 1920w\" sizes=\"auto, (max-width: 1024px) 100vw, 1024px\" \/><\/a><\/figure>\n\n\n\n<p><\/p>\n\n\n\n<figure class=\"wp-block-image size-large\"><a href=\"http:\/\/vinceneux.fr\/Photoblog\/wp-content\/uploads\/2024\/06\/w_100_2024_Compostelle-__5220777.jpg\"><img loading=\"lazy\" decoding=\"async\" width=\"1365\" height=\"1024\" src=\"http:\/\/vinceneux.fr\/Photoblog\/wp-content\/uploads\/2024\/06\/w_100_2024_Compostelle-__5220777-1365x1024.jpg\" alt=\"\" class=\"wp-image-2185\" srcset=\"http:\/\/www.vinceneux.fr\/Photoblog\/wp-content\/uploads\/2024\/06\/w_100_2024_Compostelle-__5220777-1365x1024.jpg 1365w, http:\/\/www.vinceneux.fr\/Photoblog\/wp-content\/uploads\/2024\/06\/w_100_2024_Compostelle-__5220777-800x600.jpg 800w, http:\/\/www.vinceneux.fr\/Photoblog\/wp-content\/uploads\/2024\/06\/w_100_2024_Compostelle-__5220777-267x200.jpg 267w, http:\/\/www.vinceneux.fr\/Photoblog\/wp-content\/uploads\/2024\/06\/w_100_2024_Compostelle-__5220777-1536x1152.jpg 1536w, http:\/\/www.vinceneux.fr\/Photoblog\/wp-content\/uploads\/2024\/06\/w_100_2024_Compostelle-__5220777.jpg 1920w\" sizes=\"auto, (max-width: 1365px) 100vw, 1365px\" \/><\/a><\/figure>\n\n\n\n<p class=\"has-text-align-center\">Les fameux tuyaux horizontaux !<\/p>\n\n\n\n<figure class=\"wp-block-image size-large\"><a href=\"http:\/\/vinceneux.fr\/Photoblog\/wp-content\/uploads\/2024\/06\/w_100_2024_Compostelle-__5231021.jpg\"><img loading=\"lazy\" decoding=\"async\" width=\"1536\" height=\"1024\" src=\"http:\/\/vinceneux.fr\/Photoblog\/wp-content\/uploads\/2024\/06\/w_100_2024_Compostelle-__5231021-1536x1024.jpg\" alt=\"\" class=\"wp-image-2186\" srcset=\"http:\/\/www.vinceneux.fr\/Photoblog\/wp-content\/uploads\/2024\/06\/w_100_2024_Compostelle-__5231021-1536x1024.jpg 1536w, http:\/\/www.vinceneux.fr\/Photoblog\/wp-content\/uploads\/2024\/06\/w_100_2024_Compostelle-__5231021-900x600.jpg 900w, http:\/\/www.vinceneux.fr\/Photoblog\/wp-content\/uploads\/2024\/06\/w_100_2024_Compostelle-__5231021-300x200.jpg 300w, http:\/\/www.vinceneux.fr\/Photoblog\/wp-content\/uploads\/2024\/06\/w_100_2024_Compostelle-__5231021.jpg 1920w\" sizes=\"auto, (max-width: 1536px) 100vw, 1536px\" \/><\/a><\/figure>\n\n\n\n<p><\/p>\n\n\n\n<figure class=\"wp-block-image size-large\"><a href=\"http:\/\/vinceneux.fr\/Photoblog\/wp-content\/uploads\/2024\/06\/w_100_2024_Compostelle-__5241069.jpg\"><img loading=\"lazy\" decoding=\"async\" width=\"683\" height=\"1024\" src=\"http:\/\/vinceneux.fr\/Photoblog\/wp-content\/uploads\/2024\/06\/w_100_2024_Compostelle-__5241069-683x1024.jpg\" alt=\"\" class=\"wp-image-2191\" srcset=\"http:\/\/www.vinceneux.fr\/Photoblog\/wp-content\/uploads\/2024\/06\/w_100_2024_Compostelle-__5241069-683x1024.jpg 683w, http:\/\/www.vinceneux.fr\/Photoblog\/wp-content\/uploads\/2024\/06\/w_100_2024_Compostelle-__5241069-400x600.jpg 400w, http:\/\/www.vinceneux.fr\/Photoblog\/wp-content\/uploads\/2024\/06\/w_100_2024_Compostelle-__5241069-133x200.jpg 133w, http:\/\/www.vinceneux.fr\/Photoblog\/wp-content\/uploads\/2024\/06\/w_100_2024_Compostelle-__5241069-1024x1536.jpg 1024w, http:\/\/www.vinceneux.fr\/Photoblog\/wp-content\/uploads\/2024\/06\/w_100_2024_Compostelle-__5241069.jpg 1280w\" sizes=\"auto, (max-width: 683px) 100vw, 683px\" \/><\/a><\/figure>\n\n\n\n<p class=\"has-text-align-center\">Vue \u00e0 l&rsquo;int\u00e9rieur, de la fameuse porte,<br> ouverte seulement pendant les ann\u00e9es Jacob\u00e9ennes !<br>(A suivre&#8230;)<\/p>\n","protected":false},"excerpt":{"rendered":"<p>L&rsquo;int\u00e9rieur de la cath\u00e9drale, la statue de Saint Jacques que l&rsquo;on doit serrer dans ses bras et ses orgues \u00e0 tuyaux horizontaux si caract\u00e9ristiques de l&rsquo;Espagne et qui n&rsquo;existent pas en France, que je sache &#8230; Pourquoi ? La crois\u00e9e d&rsquo;ogives et la structure m\u00e9tallique d&rsquo;o\u00f9 est suspendu le botafumeiro, gigantesque encensoir qui est sorti&#8230;<\/p>\n","protected":false},"author":1,"featured_media":2182,"comment_status":"open","ping_status":"open","sticky":false,"template":"","format":"standard","meta":{"_kad_post_transparent":"","_kad_post_title":"","_kad_post_layout":"","_kad_post_sidebar_id":"","_kad_post_content_style":"","_kad_post_vertical_padding":"","_kad_post_feature":"","_kad_post_feature_position":"","_kad_post_header":false,"_kad_post_footer":false,"_kad_post_classname":"","footnotes":""},"categories":[18],"tags":[],"class_list":["post-2178","post","type-post","status-publish","format-standard","has-post-thumbnail","hentry","category-compostelle"],"_links":{"self":[{"href":"http:\/\/www.vinceneux.fr\/Photoblog\/index.php?rest_route=\/wp\/v2\/posts\/2178","targetHints":{"allow":["GET"]}}],"collection":[{"href":"http:\/\/www.vinceneux.fr\/Photoblog\/index.php?rest_route=\/wp\/v2\/posts"}],"about":[{"href":"http:\/\/www.vinceneux.fr\/Photoblog\/index.php?rest_route=\/wp\/v2\/types\/post"}],"author":[{"embeddable":true,"href":"http:\/\/www.vinceneux.fr\/Photoblog\/index.php?rest_route=\/wp\/v2\/users\/1"}],"replies":[{"embeddable":true,"href":"http:\/\/www.vinceneux.fr\/Photoblog\/index.php?rest_route=%2Fwp%2Fv2%2Fcomments&post=2178"}],"version-history":[{"count":3,"href":"http:\/\/www.vinceneux.fr\/Photoblog\/index.php?rest_route=\/wp\/v2\/posts\/2178\/revisions"}],"predecessor-version":[{"id":2195,"href":"http:\/\/www.vinceneux.fr\/Photoblog\/index.php?rest_route=\/wp\/v2\/posts\/2178\/revisions\/2195"}],"wp:featuredmedia":[{"embeddable":true,"href":"http:\/\/www.vinceneux.fr\/Photoblog\/index.php?rest_route=\/wp\/v2\/media\/2182"}],"wp:attachment":[{"href":"http:\/\/www.vinceneux.fr\/Photoblog\/index.php?rest_route=%2Fwp%2Fv2%2Fmedia&parent=2178"}],"wp:term":[{"taxonomy":"category","embeddable":true,"href":"http:\/\/www.vinceneux.fr\/Photoblog\/index.php?rest_route=%2Fwp%2Fv2%2Fcategories&post=2178"},{"taxonomy":"post_tag","embeddable":true,"href":"http:\/\/www.vinceneux.fr\/Photoblog\/index.php?rest_route=%2Fwp%2Fv2%2Ftags&post=2178"}],"curies":[{"name":"wp","href":"https:\/\/api.w.org\/{rel}","templated":true}]}}