{"id":2163,"date":"2024-06-27T14:44:48","date_gmt":"2024-06-27T12:44:48","guid":{"rendered":"http:\/\/vinceneux.fr\/Photoblog\/?p=2163"},"modified":"2025-02-02T23:33:22","modified_gmt":"2025-02-02T22:33:22","slug":"santiago-de-compostela-1","status":"publish","type":"post","link":"http:\/\/www.vinceneux.fr\/Photoblog\/?p=2163","title":{"rendered":"Santiago de Compostela (1)"},"content":{"rendered":"\n<p>Apr\u00e8s l&rsquo;\u00e9motion de l&rsquo;arriv\u00e9e, on profite de la ville et de ses superbes monuments.<\/p>\n\n\n\n<figure class=\"wp-block-image size-large\"><a href=\"http:\/\/vinceneux.fr\/Photoblog\/wp-content\/uploads\/2024\/06\/w_100_2024_Compostelle-__5230847.jpg\"><img loading=\"lazy\" decoding=\"async\" width=\"1024\" height=\"1024\" src=\"http:\/\/vinceneux.fr\/Photoblog\/wp-content\/uploads\/2024\/06\/w_100_2024_Compostelle-__5230847-1024x1024.jpg\" alt=\"\" class=\"wp-image-2164\" srcset=\"http:\/\/www.vinceneux.fr\/Photoblog\/wp-content\/uploads\/2024\/06\/w_100_2024_Compostelle-__5230847-1024x1024.jpg 1024w, http:\/\/www.vinceneux.fr\/Photoblog\/wp-content\/uploads\/2024\/06\/w_100_2024_Compostelle-__5230847-600x600.jpg 600w, http:\/\/www.vinceneux.fr\/Photoblog\/wp-content\/uploads\/2024\/06\/w_100_2024_Compostelle-__5230847-200x200.jpg 200w, http:\/\/www.vinceneux.fr\/Photoblog\/wp-content\/uploads\/2024\/06\/w_100_2024_Compostelle-__5230847-1536x1536.jpg 1536w, http:\/\/www.vinceneux.fr\/Photoblog\/wp-content\/uploads\/2024\/06\/w_100_2024_Compostelle-__5230847.jpg 1920w\" sizes=\"auto, (max-width: 1024px) 100vw, 1024px\" \/><\/a><\/figure>\n\n\n\n<p class=\"has-text-align-center\">Le passage vers la place de l&rsquo;Obradoiro&#8230;<\/p>\n\n\n\n<figure class=\"wp-block-image size-large\"><a href=\"http:\/\/vinceneux.fr\/Photoblog\/wp-content\/uploads\/2024\/06\/w_100_2024_Compostelle-__5220740.jpg\"><img loading=\"lazy\" decoding=\"async\" width=\"683\" height=\"1024\" src=\"http:\/\/vinceneux.fr\/Photoblog\/wp-content\/uploads\/2024\/06\/w_100_2024_Compostelle-__5220740-683x1024.jpg\" alt=\"\" class=\"wp-image-2165\" srcset=\"http:\/\/www.vinceneux.fr\/Photoblog\/wp-content\/uploads\/2024\/06\/w_100_2024_Compostelle-__5220740-683x1024.jpg 683w, http:\/\/www.vinceneux.fr\/Photoblog\/wp-content\/uploads\/2024\/06\/w_100_2024_Compostelle-__5220740-400x600.jpg 400w, http:\/\/www.vinceneux.fr\/Photoblog\/wp-content\/uploads\/2024\/06\/w_100_2024_Compostelle-__5220740-133x200.jpg 133w, http:\/\/www.vinceneux.fr\/Photoblog\/wp-content\/uploads\/2024\/06\/w_100_2024_Compostelle-__5220740-1024x1536.jpg 1024w, http:\/\/www.vinceneux.fr\/Photoblog\/wp-content\/uploads\/2024\/06\/w_100_2024_Compostelle-__5220740.jpg 1280w\" sizes=\"auto, (max-width: 683px) 100vw, 683px\" \/><\/a><\/figure>\n\n\n\n<p class=\"has-text-align-center\">&#8230; et ses joueurs de cornemuse, qui se relayent pour accueillir les p\u00e8lerins.<\/p>\n\n\n\n<figure class=\"wp-block-image size-large is-resized\"><img loading=\"lazy\" decoding=\"async\" width=\"1024\" height=\"1024\" src=\"http:\/\/vinceneux.fr\/Photoblog\/wp-content\/uploads\/2024\/06\/w_100_2024_Compostelle_Tel_20240522_130703-1024x1024.jpg\" alt=\"\" class=\"wp-image-2172\" style=\"width:690px;height:auto\" srcset=\"http:\/\/www.vinceneux.fr\/Photoblog\/wp-content\/uploads\/2024\/06\/w_100_2024_Compostelle_Tel_20240522_130703-1024x1024.jpg 1024w, http:\/\/www.vinceneux.fr\/Photoblog\/wp-content\/uploads\/2024\/06\/w_100_2024_Compostelle_Tel_20240522_130703-600x600.jpg 600w, http:\/\/www.vinceneux.fr\/Photoblog\/wp-content\/uploads\/2024\/06\/w_100_2024_Compostelle_Tel_20240522_130703-200x200.jpg 200w, http:\/\/www.vinceneux.fr\/Photoblog\/wp-content\/uploads\/2024\/06\/w_100_2024_Compostelle_Tel_20240522_130703-1536x1536.jpg 1536w, http:\/\/www.vinceneux.fr\/Photoblog\/wp-content\/uploads\/2024\/06\/w_100_2024_Compostelle_Tel_20240522_130703.jpg 1920w\" sizes=\"auto, (max-width: 1024px) 100vw, 1024px\" \/><\/figure>\n\n\n\n<p><\/p>\n\n\n\n<figure class=\"wp-block-image size-large\"><a href=\"http:\/\/vinceneux.fr\/Photoblog\/wp-content\/uploads\/2024\/06\/w_100_2024_Compostelle-__5231045-Panorama.jpg\"><img loading=\"lazy\" decoding=\"async\" width=\"1468\" height=\"1024\" src=\"http:\/\/vinceneux.fr\/Photoblog\/wp-content\/uploads\/2024\/06\/w_100_2024_Compostelle-__5231045-Panorama-1468x1024.jpg\" alt=\"\" class=\"wp-image-2166\" srcset=\"http:\/\/www.vinceneux.fr\/Photoblog\/wp-content\/uploads\/2024\/06\/w_100_2024_Compostelle-__5231045-Panorama-1468x1024.jpg 1468w, http:\/\/www.vinceneux.fr\/Photoblog\/wp-content\/uploads\/2024\/06\/w_100_2024_Compostelle-__5231045-Panorama-860x600.jpg 860w, http:\/\/www.vinceneux.fr\/Photoblog\/wp-content\/uploads\/2024\/06\/w_100_2024_Compostelle-__5231045-Panorama-287x200.jpg 287w, http:\/\/www.vinceneux.fr\/Photoblog\/wp-content\/uploads\/2024\/06\/w_100_2024_Compostelle-__5231045-Panorama-1536x1071.jpg 1536w, http:\/\/www.vinceneux.fr\/Photoblog\/wp-content\/uploads\/2024\/06\/w_100_2024_Compostelle-__5231045-Panorama.jpg 1920w\" sizes=\"auto, (max-width: 1468px) 100vw, 1468px\" \/><\/a><\/figure>\n\n\n\n<p><\/p>\n\n\n\n<figure class=\"wp-block-image size-large\"><a href=\"http:\/\/vinceneux.fr\/Photoblog\/wp-content\/uploads\/2024\/06\/w_100_2024_Compostelle-__5220756.jpg\"><img loading=\"lazy\" decoding=\"async\" width=\"768\" height=\"1024\" src=\"http:\/\/vinceneux.fr\/Photoblog\/wp-content\/uploads\/2024\/06\/w_100_2024_Compostelle-__5220756-768x1024.jpg\" alt=\"\" class=\"wp-image-2167\" srcset=\"http:\/\/www.vinceneux.fr\/Photoblog\/wp-content\/uploads\/2024\/06\/w_100_2024_Compostelle-__5220756-768x1024.jpg 768w, http:\/\/www.vinceneux.fr\/Photoblog\/wp-content\/uploads\/2024\/06\/w_100_2024_Compostelle-__5220756-450x600.jpg 450w, http:\/\/www.vinceneux.fr\/Photoblog\/wp-content\/uploads\/2024\/06\/w_100_2024_Compostelle-__5220756-150x200.jpg 150w, http:\/\/www.vinceneux.fr\/Photoblog\/wp-content\/uploads\/2024\/06\/w_100_2024_Compostelle-__5220756-1152x1536.jpg 1152w, http:\/\/www.vinceneux.fr\/Photoblog\/wp-content\/uploads\/2024\/06\/w_100_2024_Compostelle-__5220756.jpg 1440w\" sizes=\"auto, (max-width: 768px) 100vw, 768px\" \/><\/a><\/figure>\n\n\n\n<p class=\"has-text-align-center\">Saint Jacques qui domine la place entre les 2 tours de la Cath\u00e9drale.<\/p>\n\n\n\n<figure class=\"wp-block-image size-large\"><a href=\"http:\/\/vinceneux.fr\/Photoblog\/wp-content\/uploads\/2024\/06\/w_100_2024_Compostelle-__5241052-Panorama.jpg\"><img loading=\"lazy\" decoding=\"async\" width=\"1250\" height=\"1024\" src=\"http:\/\/vinceneux.fr\/Photoblog\/wp-content\/uploads\/2024\/06\/w_100_2024_Compostelle-__5241052-Panorama-1250x1024.jpg\" alt=\"\" class=\"wp-image-2168\" srcset=\"http:\/\/www.vinceneux.fr\/Photoblog\/wp-content\/uploads\/2024\/06\/w_100_2024_Compostelle-__5241052-Panorama-1250x1024.jpg 1250w, http:\/\/www.vinceneux.fr\/Photoblog\/wp-content\/uploads\/2024\/06\/w_100_2024_Compostelle-__5241052-Panorama-732x600.jpg 732w, http:\/\/www.vinceneux.fr\/Photoblog\/wp-content\/uploads\/2024\/06\/w_100_2024_Compostelle-__5241052-Panorama-244x200.jpg 244w, http:\/\/www.vinceneux.fr\/Photoblog\/wp-content\/uploads\/2024\/06\/w_100_2024_Compostelle-__5241052-Panorama-1536x1258.jpg 1536w, http:\/\/www.vinceneux.fr\/Photoblog\/wp-content\/uploads\/2024\/06\/w_100_2024_Compostelle-__5241052-Panorama.jpg 1920w\" sizes=\"auto, (max-width: 1250px) 100vw, 1250px\" \/><\/a><\/figure>\n\n\n\n<p class=\"has-text-align-center\">L&rsquo;autre place au Sud, et la fameuse porte qui ne s&rsquo;ouvre <br><strong>que<\/strong> les ann\u00e9es<strong> Jacob\u00e9ennes<\/strong>, c&rsquo;est \u00e0 dire <br>celles o\u00f9 la Saint Jacques (le 25 Juillet) tombe un Dimanche.<br><\/p>\n\n\n\n<figure class=\"wp-block-image size-large\"><a href=\"http:\/\/vinceneux.fr\/Photoblog\/wp-content\/uploads\/2024\/06\/w_100_2024_Compostelle-__5230808.jpg\"><img loading=\"lazy\" decoding=\"async\" width=\"1024\" height=\"1024\" src=\"http:\/\/vinceneux.fr\/Photoblog\/wp-content\/uploads\/2024\/06\/w_100_2024_Compostelle-__5230808-1024x1024.jpg\" alt=\"\" class=\"wp-image-2169\" srcset=\"http:\/\/www.vinceneux.fr\/Photoblog\/wp-content\/uploads\/2024\/06\/w_100_2024_Compostelle-__5230808-1024x1024.jpg 1024w, http:\/\/www.vinceneux.fr\/Photoblog\/wp-content\/uploads\/2024\/06\/w_100_2024_Compostelle-__5230808-600x600.jpg 600w, http:\/\/www.vinceneux.fr\/Photoblog\/wp-content\/uploads\/2024\/06\/w_100_2024_Compostelle-__5230808-200x200.jpg 200w, http:\/\/www.vinceneux.fr\/Photoblog\/wp-content\/uploads\/2024\/06\/w_100_2024_Compostelle-__5230808-1536x1536.jpg 1536w, http:\/\/www.vinceneux.fr\/Photoblog\/wp-content\/uploads\/2024\/06\/w_100_2024_Compostelle-__5230808.jpg 1920w\" sizes=\"auto, (max-width: 1024px) 100vw, 1024px\" \/><\/a><\/figure>\n\n\n\n<p class=\"has-text-align-center\">La fameuse porte !<\/p>\n\n\n\n<figure class=\"wp-block-image size-large\"><a href=\"http:\/\/vinceneux.fr\/Photoblog\/wp-content\/uploads\/2024\/06\/w_100_2024_Compostelle-__5241089.jpg\"><img loading=\"lazy\" decoding=\"async\" width=\"1536\" height=\"1024\" src=\"http:\/\/vinceneux.fr\/Photoblog\/wp-content\/uploads\/2024\/06\/w_100_2024_Compostelle-__5241089-1536x1024.jpg\" alt=\"\" class=\"wp-image-2170\" srcset=\"http:\/\/www.vinceneux.fr\/Photoblog\/wp-content\/uploads\/2024\/06\/w_100_2024_Compostelle-__5241089-1536x1024.jpg 1536w, http:\/\/www.vinceneux.fr\/Photoblog\/wp-content\/uploads\/2024\/06\/w_100_2024_Compostelle-__5241089-900x600.jpg 900w, http:\/\/www.vinceneux.fr\/Photoblog\/wp-content\/uploads\/2024\/06\/w_100_2024_Compostelle-__5241089-300x200.jpg 300w, http:\/\/www.vinceneux.fr\/Photoblog\/wp-content\/uploads\/2024\/06\/w_100_2024_Compostelle-__5241089.jpg 1920w\" sizes=\"auto, (max-width: 1536px) 100vw, 1536px\" \/><\/a><\/figure>\n\n\n\n<p class=\"has-text-align-center\">La place de l&rsquo;Obradoiro, l&rsquo;hotel de ville face \u00e0 la Cath\u00e9drale, <br>et les p\u00e8lerins !<br>(A suivre&#8230;)<\/p>\n","protected":false},"excerpt":{"rendered":"<p>Apr\u00e8s l&rsquo;\u00e9motion de l&rsquo;arriv\u00e9e, on profite de la ville et de ses superbes monuments. Le passage vers la place de l&rsquo;Obradoiro&#8230; &#8230; et ses joueurs de cornemuse, qui se relayent pour accueillir les p\u00e8lerins. Saint Jacques qui domine la place entre les 2 tours de la Cath\u00e9drale. L&rsquo;autre place au Sud, et la fameuse porte&#8230;<\/p>\n","protected":false},"author":1,"featured_media":2170,"comment_status":"open","ping_status":"open","sticky":false,"template":"","format":"standard","meta":{"_kad_post_transparent":"","_kad_post_title":"","_kad_post_layout":"","_kad_post_sidebar_id":"","_kad_post_content_style":"","_kad_post_vertical_padding":"","_kad_post_feature":"","_kad_post_feature_position":"","_kad_post_header":false,"_kad_post_footer":false,"_kad_post_classname":"","footnotes":""},"categories":[18],"tags":[],"class_list":["post-2163","post","type-post","status-publish","format-standard","has-post-thumbnail","hentry","category-compostelle"],"_links":{"self":[{"href":"http:\/\/www.vinceneux.fr\/Photoblog\/index.php?rest_route=\/wp\/v2\/posts\/2163","targetHints":{"allow":["GET"]}}],"collection":[{"href":"http:\/\/www.vinceneux.fr\/Photoblog\/index.php?rest_route=\/wp\/v2\/posts"}],"about":[{"href":"http:\/\/www.vinceneux.fr\/Photoblog\/index.php?rest_route=\/wp\/v2\/types\/post"}],"author":[{"embeddable":true,"href":"http:\/\/www.vinceneux.fr\/Photoblog\/index.php?rest_route=\/wp\/v2\/users\/1"}],"replies":[{"embeddable":true,"href":"http:\/\/www.vinceneux.fr\/Photoblog\/index.php?rest_route=%2Fwp%2Fv2%2Fcomments&post=2163"}],"version-history":[{"count":5,"href":"http:\/\/www.vinceneux.fr\/Photoblog\/index.php?rest_route=\/wp\/v2\/posts\/2163\/revisions"}],"predecessor-version":[{"id":2177,"href":"http:\/\/www.vinceneux.fr\/Photoblog\/index.php?rest_route=\/wp\/v2\/posts\/2163\/revisions\/2177"}],"wp:featuredmedia":[{"embeddable":true,"href":"http:\/\/www.vinceneux.fr\/Photoblog\/index.php?rest_route=\/wp\/v2\/media\/2170"}],"wp:attachment":[{"href":"http:\/\/www.vinceneux.fr\/Photoblog\/index.php?rest_route=%2Fwp%2Fv2%2Fmedia&parent=2163"}],"wp:term":[{"taxonomy":"category","embeddable":true,"href":"http:\/\/www.vinceneux.fr\/Photoblog\/index.php?rest_route=%2Fwp%2Fv2%2Fcategories&post=2163"},{"taxonomy":"post_tag","embeddable":true,"href":"http:\/\/www.vinceneux.fr\/Photoblog\/index.php?rest_route=%2Fwp%2Fv2%2Ftags&post=2163"}],"curies":[{"name":"wp","href":"https:\/\/api.w.org\/{rel}","templated":true}]}}