{"id":2036,"date":"2024-06-08T13:00:59","date_gmt":"2024-06-08T11:00:59","guid":{"rendered":"http:\/\/vinceneux.fr\/Photoblog\/?p=2036"},"modified":"2024-06-08T13:05:47","modified_gmt":"2024-06-08T11:05:47","slug":"j10-18-vega-del-valgarce-o-cebreiro","status":"publish","type":"post","link":"http:\/\/www.vinceneux.fr\/Photoblog\/?p=2036","title":{"rendered":"J10\/18 : Vega del Valgarce &#8211; O Cebreiro"},"content":{"rendered":"\n<p>Derni\u00e8re barri\u00e8re montagneuse \u00e0 franchir, pour entrer en Galice : O Cebreiro \u00e0 1300m d&rsquo;altitude : \u00e7a monte et il pleut !<\/p>\n\n\n\n<figure class=\"wp-block-image size-large\"><a href=\"http:\/\/vinceneux.fr\/Photoblog\/wp-content\/uploads\/2024\/06\/w_100_2024_Compostelle_Tel_20240514111618.jpg\"><img loading=\"lazy\" decoding=\"async\" width=\"1536\" height=\"1024\" src=\"http:\/\/vinceneux.fr\/Photoblog\/wp-content\/uploads\/2024\/06\/w_100_2024_Compostelle_Tel_20240514111618-1536x1024.jpg\" alt=\"\" class=\"wp-image-2037\" srcset=\"http:\/\/www.vinceneux.fr\/Photoblog\/wp-content\/uploads\/2024\/06\/w_100_2024_Compostelle_Tel_20240514111618-1536x1024.jpg 1536w, http:\/\/www.vinceneux.fr\/Photoblog\/wp-content\/uploads\/2024\/06\/w_100_2024_Compostelle_Tel_20240514111618-900x600.jpg 900w, http:\/\/www.vinceneux.fr\/Photoblog\/wp-content\/uploads\/2024\/06\/w_100_2024_Compostelle_Tel_20240514111618-300x200.jpg 300w, http:\/\/www.vinceneux.fr\/Photoblog\/wp-content\/uploads\/2024\/06\/w_100_2024_Compostelle_Tel_20240514111618.jpg 1920w\" sizes=\"auto, (max-width: 1536px) 100vw, 1536px\" \/><\/a><\/figure>\n\n\n\n<p><\/p>\n\n\n\n<figure class=\"wp-block-image size-large\"><a href=\"http:\/\/vinceneux.fr\/Photoblog\/wp-content\/uploads\/2024\/06\/w_100_2024_Compostelle-__5140381-1.jpg\"><img loading=\"lazy\" decoding=\"async\" width=\"1365\" height=\"1024\" src=\"http:\/\/vinceneux.fr\/Photoblog\/wp-content\/uploads\/2024\/06\/w_100_2024_Compostelle-__5140381-1-1365x1024.jpg\" alt=\"\" class=\"wp-image-2039\" srcset=\"http:\/\/www.vinceneux.fr\/Photoblog\/wp-content\/uploads\/2024\/06\/w_100_2024_Compostelle-__5140381-1-1365x1024.jpg 1365w, http:\/\/www.vinceneux.fr\/Photoblog\/wp-content\/uploads\/2024\/06\/w_100_2024_Compostelle-__5140381-1-800x600.jpg 800w, http:\/\/www.vinceneux.fr\/Photoblog\/wp-content\/uploads\/2024\/06\/w_100_2024_Compostelle-__5140381-1-267x200.jpg 267w, http:\/\/www.vinceneux.fr\/Photoblog\/wp-content\/uploads\/2024\/06\/w_100_2024_Compostelle-__5140381-1-1536x1152.jpg 1536w, http:\/\/www.vinceneux.fr\/Photoblog\/wp-content\/uploads\/2024\/06\/w_100_2024_Compostelle-__5140381-1.jpg 1920w\" sizes=\"auto, (max-width: 1365px) 100vw, 1365px\" \/><\/a><\/figure>\n\n\n\n<p class=\"has-text-align-center\">La borne d&rsquo;entr\u00e9e en Galice, bien humide comme il se doit !<\/p>\n\n\n\n<figure class=\"wp-block-image size-large\"><a href=\"http:\/\/vinceneux.fr\/Photoblog\/wp-content\/uploads\/2024\/06\/w_100_2024_Compostelle_Tel_20240514_113139.jpg\"><img loading=\"lazy\" decoding=\"async\" width=\"1394\" height=\"1024\" src=\"http:\/\/vinceneux.fr\/Photoblog\/wp-content\/uploads\/2024\/06\/w_100_2024_Compostelle_Tel_20240514_113139-1394x1024.jpg\" alt=\"\" class=\"wp-image-2040\" srcset=\"http:\/\/www.vinceneux.fr\/Photoblog\/wp-content\/uploads\/2024\/06\/w_100_2024_Compostelle_Tel_20240514_113139-1394x1024.jpg 1394w, http:\/\/www.vinceneux.fr\/Photoblog\/wp-content\/uploads\/2024\/06\/w_100_2024_Compostelle_Tel_20240514_113139-817x600.jpg 817w, http:\/\/www.vinceneux.fr\/Photoblog\/wp-content\/uploads\/2024\/06\/w_100_2024_Compostelle_Tel_20240514_113139-272x200.jpg 272w, http:\/\/www.vinceneux.fr\/Photoblog\/wp-content\/uploads\/2024\/06\/w_100_2024_Compostelle_Tel_20240514_113139-1536x1128.jpg 1536w, http:\/\/www.vinceneux.fr\/Photoblog\/wp-content\/uploads\/2024\/06\/w_100_2024_Compostelle_Tel_20240514_113139.jpg 1920w\" sizes=\"auto, (max-width: 1394px) 100vw, 1394px\" \/><\/a><\/figure>\n\n\n\n<p><\/p>\n\n\n\n<figure class=\"wp-block-image size-large\"><a href=\"http:\/\/vinceneux.fr\/Photoblog\/wp-content\/uploads\/2024\/06\/w_100_2024_Compostelle-__5140378.jpg\"><img loading=\"lazy\" decoding=\"async\" width=\"1536\" height=\"1024\" src=\"http:\/\/vinceneux.fr\/Photoblog\/wp-content\/uploads\/2024\/06\/w_100_2024_Compostelle-__5140378-1536x1024.jpg\" alt=\"\" class=\"wp-image-2041\" srcset=\"http:\/\/www.vinceneux.fr\/Photoblog\/wp-content\/uploads\/2024\/06\/w_100_2024_Compostelle-__5140378-1536x1024.jpg 1536w, http:\/\/www.vinceneux.fr\/Photoblog\/wp-content\/uploads\/2024\/06\/w_100_2024_Compostelle-__5140378-900x600.jpg 900w, http:\/\/www.vinceneux.fr\/Photoblog\/wp-content\/uploads\/2024\/06\/w_100_2024_Compostelle-__5140378-300x200.jpg 300w, http:\/\/www.vinceneux.fr\/Photoblog\/wp-content\/uploads\/2024\/06\/w_100_2024_Compostelle-__5140378.jpg 1920w\" sizes=\"auto, (max-width: 1536px) 100vw, 1536px\" \/><\/a><\/figure>\n\n\n\n<p class=\"has-text-align-center\">la boue &#8230;<\/p>\n\n\n\n<figure class=\"wp-block-image size-large\"><a href=\"http:\/\/vinceneux.fr\/Photoblog\/wp-content\/uploads\/2024\/06\/w_100_2024_Compostelle-__5140384.jpg\"><img loading=\"lazy\" decoding=\"async\" width=\"768\" height=\"1024\" src=\"http:\/\/vinceneux.fr\/Photoblog\/wp-content\/uploads\/2024\/06\/w_100_2024_Compostelle-__5140384-768x1024.jpg\" alt=\"\" class=\"wp-image-2042\" srcset=\"http:\/\/www.vinceneux.fr\/Photoblog\/wp-content\/uploads\/2024\/06\/w_100_2024_Compostelle-__5140384-768x1024.jpg 768w, http:\/\/www.vinceneux.fr\/Photoblog\/wp-content\/uploads\/2024\/06\/w_100_2024_Compostelle-__5140384-450x600.jpg 450w, http:\/\/www.vinceneux.fr\/Photoblog\/wp-content\/uploads\/2024\/06\/w_100_2024_Compostelle-__5140384-150x200.jpg 150w, http:\/\/www.vinceneux.fr\/Photoblog\/wp-content\/uploads\/2024\/06\/w_100_2024_Compostelle-__5140384-1152x1536.jpg 1152w, http:\/\/www.vinceneux.fr\/Photoblog\/wp-content\/uploads\/2024\/06\/w_100_2024_Compostelle-__5140384.jpg 1440w\" sizes=\"auto, (max-width: 768px) 100vw, 768px\" \/><\/a><\/figure>\n\n\n\n<p class=\"has-text-align-center\">Musicien \u00e0 la cornemuse (el Gaitero y su gaita) pour nous accueillir en pays celte.<\/p>\n\n\n\n<figure class=\"wp-block-image size-large is-resized\"><a href=\"http:\/\/vinceneux.fr\/Photoblog\/wp-content\/uploads\/2024\/06\/w_100_2024_Compostelle_Tel_20240514_120204.jpg\"><img loading=\"lazy\" decoding=\"async\" width=\"1536\" height=\"1024\" src=\"http:\/\/vinceneux.fr\/Photoblog\/wp-content\/uploads\/2024\/06\/w_100_2024_Compostelle_Tel_20240514_120204-1536x1024.jpg\" alt=\"\" class=\"wp-image-2050\" style=\"width:690px;height:auto\" srcset=\"http:\/\/www.vinceneux.fr\/Photoblog\/wp-content\/uploads\/2024\/06\/w_100_2024_Compostelle_Tel_20240514_120204-1536x1024.jpg 1536w, http:\/\/www.vinceneux.fr\/Photoblog\/wp-content\/uploads\/2024\/06\/w_100_2024_Compostelle_Tel_20240514_120204-900x600.jpg 900w, http:\/\/www.vinceneux.fr\/Photoblog\/wp-content\/uploads\/2024\/06\/w_100_2024_Compostelle_Tel_20240514_120204-300x200.jpg 300w, http:\/\/www.vinceneux.fr\/Photoblog\/wp-content\/uploads\/2024\/06\/w_100_2024_Compostelle_Tel_20240514_120204.jpg 1920w\" sizes=\"auto, (max-width: 1536px) 100vw, 1536px\" \/><\/a><\/figure>\n\n\n\n<p class=\"has-text-align-center\">Statue \u00e0 l&rsquo;entr\u00e9e de O Cebreiro<\/p>\n\n\n\n<figure class=\"wp-block-image size-large\"><a href=\"http:\/\/vinceneux.fr\/Photoblog\/wp-content\/uploads\/2024\/06\/w_100_2024_Compostelle_Tel_20240514120545.jpg\"><img loading=\"lazy\" decoding=\"async\" width=\"1536\" height=\"1024\" src=\"http:\/\/vinceneux.fr\/Photoblog\/wp-content\/uploads\/2024\/06\/w_100_2024_Compostelle_Tel_20240514120545-1536x1024.jpg\" alt=\"\" class=\"wp-image-2043\" srcset=\"http:\/\/www.vinceneux.fr\/Photoblog\/wp-content\/uploads\/2024\/06\/w_100_2024_Compostelle_Tel_20240514120545-1536x1024.jpg 1536w, http:\/\/www.vinceneux.fr\/Photoblog\/wp-content\/uploads\/2024\/06\/w_100_2024_Compostelle_Tel_20240514120545-900x600.jpg 900w, http:\/\/www.vinceneux.fr\/Photoblog\/wp-content\/uploads\/2024\/06\/w_100_2024_Compostelle_Tel_20240514120545-300x200.jpg 300w, http:\/\/www.vinceneux.fr\/Photoblog\/wp-content\/uploads\/2024\/06\/w_100_2024_Compostelle_Tel_20240514120545.jpg 1920w\" sizes=\"auto, (max-width: 1536px) 100vw, 1536px\" \/><\/a><\/figure>\n\n\n\n<p class=\"has-text-align-center\">\u00c9glise pleine d&rsquo;\u00e9motions, dans ce lieu symbolique et avec son cur\u00e9, parait-il ancien footballeur de ligue 1, qui sait mettre de l&rsquo;humanit\u00e9 dans l&rsquo;office religieux.<\/p>\n\n\n\n<figure class=\"wp-block-image size-large\"><a href=\"http:\/\/vinceneux.fr\/Photoblog\/wp-content\/uploads\/2024\/06\/w_100_2024_Compostelle-__5140395.jpg\"><img loading=\"lazy\" decoding=\"async\" width=\"1365\" height=\"1024\" src=\"http:\/\/vinceneux.fr\/Photoblog\/wp-content\/uploads\/2024\/06\/w_100_2024_Compostelle-__5140395-1365x1024.jpg\" alt=\"\" class=\"wp-image-2044\" srcset=\"http:\/\/www.vinceneux.fr\/Photoblog\/wp-content\/uploads\/2024\/06\/w_100_2024_Compostelle-__5140395-1365x1024.jpg 1365w, http:\/\/www.vinceneux.fr\/Photoblog\/wp-content\/uploads\/2024\/06\/w_100_2024_Compostelle-__5140395-800x600.jpg 800w, http:\/\/www.vinceneux.fr\/Photoblog\/wp-content\/uploads\/2024\/06\/w_100_2024_Compostelle-__5140395-267x200.jpg 267w, http:\/\/www.vinceneux.fr\/Photoblog\/wp-content\/uploads\/2024\/06\/w_100_2024_Compostelle-__5140395-1536x1152.jpg 1536w, http:\/\/www.vinceneux.fr\/Photoblog\/wp-content\/uploads\/2024\/06\/w_100_2024_Compostelle-__5140395.jpg 1920w\" sizes=\"auto, (max-width: 1365px) 100vw, 1365px\" \/><\/a><\/figure>\n\n\n\n<p><\/p>\n\n\n\n<figure class=\"wp-block-image size-large\"><a href=\"http:\/\/vinceneux.fr\/Photoblog\/wp-content\/uploads\/2024\/06\/w_100_2024_Compostelle-__5140392.jpg\"><img loading=\"lazy\" decoding=\"async\" width=\"1536\" height=\"1024\" src=\"http:\/\/vinceneux.fr\/Photoblog\/wp-content\/uploads\/2024\/06\/w_100_2024_Compostelle-__5140392-1536x1024.jpg\" alt=\"\" class=\"wp-image-2045\" srcset=\"http:\/\/www.vinceneux.fr\/Photoblog\/wp-content\/uploads\/2024\/06\/w_100_2024_Compostelle-__5140392-1536x1024.jpg 1536w, http:\/\/www.vinceneux.fr\/Photoblog\/wp-content\/uploads\/2024\/06\/w_100_2024_Compostelle-__5140392-900x600.jpg 900w, http:\/\/www.vinceneux.fr\/Photoblog\/wp-content\/uploads\/2024\/06\/w_100_2024_Compostelle-__5140392-300x200.jpg 300w, http:\/\/www.vinceneux.fr\/Photoblog\/wp-content\/uploads\/2024\/06\/w_100_2024_Compostelle-__5140392.jpg 1920w\" sizes=\"auto, (max-width: 1536px) 100vw, 1536px\" \/><\/a><\/figure>\n\n\n\n<p class=\"has-text-align-center\">O Cebreiro, avec un petit court rayon de soleil dans cette journ\u00e9e de pluie &#8230;<\/p>\n\n\n\n<figure class=\"wp-block-image size-large\"><a href=\"http:\/\/vinceneux.fr\/Photoblog\/wp-content\/uploads\/2024\/06\/w_100_2024_Compostelle-__5140387.jpg\"><img loading=\"lazy\" decoding=\"async\" width=\"1365\" height=\"1024\" src=\"http:\/\/vinceneux.fr\/Photoblog\/wp-content\/uploads\/2024\/06\/w_100_2024_Compostelle-__5140387-1365x1024.jpg\" alt=\"\" class=\"wp-image-2046\" srcset=\"http:\/\/www.vinceneux.fr\/Photoblog\/wp-content\/uploads\/2024\/06\/w_100_2024_Compostelle-__5140387-1365x1024.jpg 1365w, http:\/\/www.vinceneux.fr\/Photoblog\/wp-content\/uploads\/2024\/06\/w_100_2024_Compostelle-__5140387-800x600.jpg 800w, http:\/\/www.vinceneux.fr\/Photoblog\/wp-content\/uploads\/2024\/06\/w_100_2024_Compostelle-__5140387-267x200.jpg 267w, http:\/\/www.vinceneux.fr\/Photoblog\/wp-content\/uploads\/2024\/06\/w_100_2024_Compostelle-__5140387-1536x1152.jpg 1536w, http:\/\/www.vinceneux.fr\/Photoblog\/wp-content\/uploads\/2024\/06\/w_100_2024_Compostelle-__5140387.jpg 1920w\" sizes=\"auto, (max-width: 1365px) 100vw, 1365px\" \/><\/a><\/figure>\n\n\n\n<p class=\"has-text-align-center\">Escalier a\u00e9rien &#8230;<\/p>\n","protected":false},"excerpt":{"rendered":"<p>Derni\u00e8re barri\u00e8re montagneuse \u00e0 franchir, pour entrer en Galice : O Cebreiro \u00e0 1300m d&rsquo;altitude : \u00e7a monte et il pleut ! La borne d&rsquo;entr\u00e9e en Galice, bien humide comme il se doit ! la boue &#8230; Musicien \u00e0 la cornemuse (el Gaitero y su gaita) pour nous accueillir en pays celte. Statue \u00e0 l&rsquo;entr\u00e9e&#8230;<\/p>\n","protected":false},"author":1,"featured_media":0,"comment_status":"open","ping_status":"open","sticky":false,"template":"","format":"standard","meta":{"_kad_post_transparent":"","_kad_post_title":"","_kad_post_layout":"","_kad_post_sidebar_id":"","_kad_post_content_style":"","_kad_post_vertical_padding":"","_kad_post_feature":"","_kad_post_feature_position":"","_kad_post_header":false,"_kad_post_footer":false,"_kad_post_classname":"","footnotes":""},"categories":[18],"tags":[],"class_list":["post-2036","post","type-post","status-publish","format-standard","hentry","category-compostelle"],"_links":{"self":[{"href":"http:\/\/www.vinceneux.fr\/Photoblog\/index.php?rest_route=\/wp\/v2\/posts\/2036","targetHints":{"allow":["GET"]}}],"collection":[{"href":"http:\/\/www.vinceneux.fr\/Photoblog\/index.php?rest_route=\/wp\/v2\/posts"}],"about":[{"href":"http:\/\/www.vinceneux.fr\/Photoblog\/index.php?rest_route=\/wp\/v2\/types\/post"}],"author":[{"embeddable":true,"href":"http:\/\/www.vinceneux.fr\/Photoblog\/index.php?rest_route=\/wp\/v2\/users\/1"}],"replies":[{"embeddable":true,"href":"http:\/\/www.vinceneux.fr\/Photoblog\/index.php?rest_route=%2Fwp%2Fv2%2Fcomments&post=2036"}],"version-history":[{"count":3,"href":"http:\/\/www.vinceneux.fr\/Photoblog\/index.php?rest_route=\/wp\/v2\/posts\/2036\/revisions"}],"predecessor-version":[{"id":2051,"href":"http:\/\/www.vinceneux.fr\/Photoblog\/index.php?rest_route=\/wp\/v2\/posts\/2036\/revisions\/2051"}],"wp:attachment":[{"href":"http:\/\/www.vinceneux.fr\/Photoblog\/index.php?rest_route=%2Fwp%2Fv2%2Fmedia&parent=2036"}],"wp:term":[{"taxonomy":"category","embeddable":true,"href":"http:\/\/www.vinceneux.fr\/Photoblog\/index.php?rest_route=%2Fwp%2Fv2%2Fcategories&post=2036"},{"taxonomy":"post_tag","embeddable":true,"href":"http:\/\/www.vinceneux.fr\/Photoblog\/index.php?rest_route=%2Fwp%2Fv2%2Ftags&post=2036"}],"curies":[{"name":"wp","href":"https:\/\/api.w.org\/{rel}","templated":true}]}}