{"id":1994,"date":"2024-06-04T14:32:16","date_gmt":"2024-06-04T12:32:16","guid":{"rendered":"http:\/\/vinceneux.fr\/Photoblog\/?p=1994"},"modified":"2024-06-04T14:32:16","modified_gmt":"2024-06-04T12:32:16","slug":"j6-18-rabannal-del-camino-cruz-de-hierro-el-acebo","status":"publish","type":"post","link":"http:\/\/www.vinceneux.fr\/Photoblog\/?p=1994","title":{"rendered":"J6\/18 : Rabannal del Camino &#8211; Cruz de Hierro &#8211; El Acebo"},"content":{"rendered":"\n<p>\u00c9tape importante avec la <strong>Cruz de Hierro<\/strong> (Croix de Fer), lieu mythique o\u00f9 le p\u00e8lerin doit d\u00e9poser, au pied de la croix, une pierre, apport\u00e9e de chez lui, et ainsi se d\u00e9barrasser de tout ce qui lui p\u00e8se &#8230; Moment fort du Camino ! C&rsquo;est aussi un Col, \u00e0 presque 1500m d&rsquo;altitude, qui est la fin de la Meseta et l&rsquo;entr\u00e9e dans la province de Bierzo.<\/p>\n\n\n\n<figure class=\"wp-block-image size-large\"><a href=\"http:\/\/vinceneux.fr\/Photoblog\/wp-content\/uploads\/2024\/06\/w_100_2024_Compostelle_Tel_20240510082805.jpg\"><img loading=\"lazy\" decoding=\"async\" width=\"1024\" height=\"1024\" src=\"http:\/\/vinceneux.fr\/Photoblog\/wp-content\/uploads\/2024\/06\/w_100_2024_Compostelle_Tel_20240510082805-1024x1024.jpg\" alt=\"\" class=\"wp-image-1995\" srcset=\"http:\/\/www.vinceneux.fr\/Photoblog\/wp-content\/uploads\/2024\/06\/w_100_2024_Compostelle_Tel_20240510082805-1024x1024.jpg 1024w, http:\/\/www.vinceneux.fr\/Photoblog\/wp-content\/uploads\/2024\/06\/w_100_2024_Compostelle_Tel_20240510082805-600x600.jpg 600w, http:\/\/www.vinceneux.fr\/Photoblog\/wp-content\/uploads\/2024\/06\/w_100_2024_Compostelle_Tel_20240510082805-200x200.jpg 200w, http:\/\/www.vinceneux.fr\/Photoblog\/wp-content\/uploads\/2024\/06\/w_100_2024_Compostelle_Tel_20240510082805-1536x1536.jpg 1536w, http:\/\/www.vinceneux.fr\/Photoblog\/wp-content\/uploads\/2024\/06\/w_100_2024_Compostelle_Tel_20240510082805.jpg 1920w\" sizes=\"auto, (max-width: 1024px) 100vw, 1024px\" \/><\/a><\/figure>\n\n\n\n<p class=\"has-text-align-center\">El Camino monte vers la Croix de Fer &#8230;<\/p>\n\n\n\n<figure class=\"wp-block-image size-large\"><a href=\"http:\/\/vinceneux.fr\/Photoblog\/wp-content\/uploads\/2024\/06\/w_100_2024_Compostelle_Tel_20240510094148.jpg\"><img loading=\"lazy\" decoding=\"async\" width=\"1536\" height=\"1024\" src=\"http:\/\/vinceneux.fr\/Photoblog\/wp-content\/uploads\/2024\/06\/w_100_2024_Compostelle_Tel_20240510094148-1536x1024.jpg\" alt=\"\" class=\"wp-image-1997\" srcset=\"http:\/\/www.vinceneux.fr\/Photoblog\/wp-content\/uploads\/2024\/06\/w_100_2024_Compostelle_Tel_20240510094148-1536x1024.jpg 1536w, http:\/\/www.vinceneux.fr\/Photoblog\/wp-content\/uploads\/2024\/06\/w_100_2024_Compostelle_Tel_20240510094148-900x600.jpg 900w, http:\/\/www.vinceneux.fr\/Photoblog\/wp-content\/uploads\/2024\/06\/w_100_2024_Compostelle_Tel_20240510094148-300x200.jpg 300w, http:\/\/www.vinceneux.fr\/Photoblog\/wp-content\/uploads\/2024\/06\/w_100_2024_Compostelle_Tel_20240510094148.jpg 1920w\" sizes=\"auto, (max-width: 1536px) 100vw, 1536px\" \/><\/a><\/figure>\n\n\n\n<p class=\"has-text-align-center\">Arriv\u00e9e \u00e0 la fameuse Cruz de Hierro ! (Col \u00e0 1 500m d&rsquo;altitude)<\/p>\n\n\n\n<figure class=\"wp-block-image size-large\"><a href=\"http:\/\/vinceneux.fr\/Photoblog\/wp-content\/uploads\/2024\/06\/w_100_2024_Compostelle-__5100204.jpg\"><img loading=\"lazy\" decoding=\"async\" width=\"1536\" height=\"1024\" src=\"http:\/\/vinceneux.fr\/Photoblog\/wp-content\/uploads\/2024\/06\/w_100_2024_Compostelle-__5100204-1536x1024.jpg\" alt=\"\" class=\"wp-image-1998\" srcset=\"http:\/\/www.vinceneux.fr\/Photoblog\/wp-content\/uploads\/2024\/06\/w_100_2024_Compostelle-__5100204-1536x1024.jpg 1536w, http:\/\/www.vinceneux.fr\/Photoblog\/wp-content\/uploads\/2024\/06\/w_100_2024_Compostelle-__5100204-900x600.jpg 900w, http:\/\/www.vinceneux.fr\/Photoblog\/wp-content\/uploads\/2024\/06\/w_100_2024_Compostelle-__5100204-300x200.jpg 300w, http:\/\/www.vinceneux.fr\/Photoblog\/wp-content\/uploads\/2024\/06\/w_100_2024_Compostelle-__5100204.jpg 1920w\" sizes=\"auto, (max-width: 1536px) 100vw, 1536px\" \/><\/a><\/figure>\n\n\n\n<p class=\"has-text-align-center\">Les pierres et objets d\u00e9pos\u00e9s au pied de la Croix.<\/p>\n\n\n\n<figure class=\"wp-block-image size-large\"><img loading=\"lazy\" decoding=\"async\" width=\"1024\" height=\"1024\" src=\"http:\/\/vinceneux.fr\/Photoblog\/wp-content\/uploads\/2024\/06\/w_100_2024_Compostelle_Tel_20240510_094825-1024x1024.jpg\" alt=\"\" class=\"wp-image-1999\" srcset=\"http:\/\/www.vinceneux.fr\/Photoblog\/wp-content\/uploads\/2024\/06\/w_100_2024_Compostelle_Tel_20240510_094825-1024x1024.jpg 1024w, http:\/\/www.vinceneux.fr\/Photoblog\/wp-content\/uploads\/2024\/06\/w_100_2024_Compostelle_Tel_20240510_094825-600x600.jpg 600w, http:\/\/www.vinceneux.fr\/Photoblog\/wp-content\/uploads\/2024\/06\/w_100_2024_Compostelle_Tel_20240510_094825-200x200.jpg 200w, http:\/\/www.vinceneux.fr\/Photoblog\/wp-content\/uploads\/2024\/06\/w_100_2024_Compostelle_Tel_20240510_094825-1536x1536.jpg 1536w, http:\/\/www.vinceneux.fr\/Photoblog\/wp-content\/uploads\/2024\/06\/w_100_2024_Compostelle_Tel_20240510_094825.jpg 1920w\" sizes=\"auto, (max-width: 1024px) 100vw, 1024px\" \/><\/figure>\n\n\n\n<p class=\"has-text-align-center\">Le p\u00e8lerin et son charriot Carrix.<\/p>\n\n\n\n<figure class=\"wp-block-image size-large\"><a href=\"http:\/\/vinceneux.fr\/Photoblog\/wp-content\/uploads\/2024\/06\/w_100_2024_Compostelle-__5100207.jpg\"><img loading=\"lazy\" decoding=\"async\" width=\"683\" height=\"1024\" src=\"http:\/\/vinceneux.fr\/Photoblog\/wp-content\/uploads\/2024\/06\/w_100_2024_Compostelle-__5100207-683x1024.jpg\" alt=\"\" class=\"wp-image-2000\" srcset=\"http:\/\/www.vinceneux.fr\/Photoblog\/wp-content\/uploads\/2024\/06\/w_100_2024_Compostelle-__5100207-683x1024.jpg 683w, http:\/\/www.vinceneux.fr\/Photoblog\/wp-content\/uploads\/2024\/06\/w_100_2024_Compostelle-__5100207-400x600.jpg 400w, http:\/\/www.vinceneux.fr\/Photoblog\/wp-content\/uploads\/2024\/06\/w_100_2024_Compostelle-__5100207-133x200.jpg 133w, http:\/\/www.vinceneux.fr\/Photoblog\/wp-content\/uploads\/2024\/06\/w_100_2024_Compostelle-__5100207-1024x1536.jpg 1024w, http:\/\/www.vinceneux.fr\/Photoblog\/wp-content\/uploads\/2024\/06\/w_100_2024_Compostelle-__5100207.jpg 1280w\" sizes=\"auto, (max-width: 683px) 100vw, 683px\" \/><\/a><\/figure>\n\n\n\n<p class=\"has-text-align-center\">La photo !!!<\/p>\n\n\n\n<figure class=\"wp-block-image size-large\"><a href=\"http:\/\/vinceneux.fr\/Photoblog\/wp-content\/uploads\/2024\/06\/w_100_2024_Compostelle-__5100226.jpg\"><img loading=\"lazy\" decoding=\"async\" width=\"768\" height=\"1024\" src=\"http:\/\/vinceneux.fr\/Photoblog\/wp-content\/uploads\/2024\/06\/w_100_2024_Compostelle-__5100226-768x1024.jpg\" alt=\"\" class=\"wp-image-2001\" srcset=\"http:\/\/www.vinceneux.fr\/Photoblog\/wp-content\/uploads\/2024\/06\/w_100_2024_Compostelle-__5100226-768x1024.jpg 768w, http:\/\/www.vinceneux.fr\/Photoblog\/wp-content\/uploads\/2024\/06\/w_100_2024_Compostelle-__5100226-450x600.jpg 450w, http:\/\/www.vinceneux.fr\/Photoblog\/wp-content\/uploads\/2024\/06\/w_100_2024_Compostelle-__5100226-150x200.jpg 150w, http:\/\/www.vinceneux.fr\/Photoblog\/wp-content\/uploads\/2024\/06\/w_100_2024_Compostelle-__5100226-1152x1536.jpg 1152w, http:\/\/www.vinceneux.fr\/Photoblog\/wp-content\/uploads\/2024\/06\/w_100_2024_Compostelle-__5100226.jpg 1440w\" sizes=\"auto, (max-width: 768px) 100vw, 768px\" \/><\/a><\/figure>\n\n\n\n<p class=\"has-text-align-center\">Marianne &#8230; rencontr\u00e9e plusieurs fois aux \u00e9tapes.<\/p>\n\n\n\n<figure class=\"wp-block-image size-large\"><a href=\"http:\/\/vinceneux.fr\/Photoblog\/wp-content\/uploads\/2024\/06\/w_100_2024_Compostelle_Tel_20240510_100546.jpg\"><img loading=\"lazy\" decoding=\"async\" width=\"768\" height=\"1024\" src=\"http:\/\/vinceneux.fr\/Photoblog\/wp-content\/uploads\/2024\/06\/w_100_2024_Compostelle_Tel_20240510_100546-768x1024.jpg\" alt=\"\" class=\"wp-image-2002\" srcset=\"http:\/\/www.vinceneux.fr\/Photoblog\/wp-content\/uploads\/2024\/06\/w_100_2024_Compostelle_Tel_20240510_100546-768x1024.jpg 768w, http:\/\/www.vinceneux.fr\/Photoblog\/wp-content\/uploads\/2024\/06\/w_100_2024_Compostelle_Tel_20240510_100546-450x600.jpg 450w, http:\/\/www.vinceneux.fr\/Photoblog\/wp-content\/uploads\/2024\/06\/w_100_2024_Compostelle_Tel_20240510_100546-150x200.jpg 150w, http:\/\/www.vinceneux.fr\/Photoblog\/wp-content\/uploads\/2024\/06\/w_100_2024_Compostelle_Tel_20240510_100546-1152x1536.jpg 1152w, http:\/\/www.vinceneux.fr\/Photoblog\/wp-content\/uploads\/2024\/06\/w_100_2024_Compostelle_Tel_20240510_100546.jpg 1440w\" sizes=\"auto, (max-width: 768px) 100vw, 768px\" \/><\/a><\/figure>\n\n\n\n<p class=\"has-text-align-center\">Tout le monde ne sait pas faire des photos droites !!! &#8230;<\/p>\n\n\n\n<figure class=\"wp-block-image size-large\"><a href=\"http:\/\/vinceneux.fr\/Photoblog\/wp-content\/uploads\/2024\/06\/w_100_2024_Compostelle-__5100229.jpg\"><img loading=\"lazy\" decoding=\"async\" width=\"1024\" height=\"1024\" src=\"http:\/\/vinceneux.fr\/Photoblog\/wp-content\/uploads\/2024\/06\/w_100_2024_Compostelle-__5100229-1024x1024.jpg\" alt=\"\" class=\"wp-image-2003\" srcset=\"http:\/\/www.vinceneux.fr\/Photoblog\/wp-content\/uploads\/2024\/06\/w_100_2024_Compostelle-__5100229-1024x1024.jpg 1024w, http:\/\/www.vinceneux.fr\/Photoblog\/wp-content\/uploads\/2024\/06\/w_100_2024_Compostelle-__5100229-600x600.jpg 600w, http:\/\/www.vinceneux.fr\/Photoblog\/wp-content\/uploads\/2024\/06\/w_100_2024_Compostelle-__5100229-200x200.jpg 200w, http:\/\/www.vinceneux.fr\/Photoblog\/wp-content\/uploads\/2024\/06\/w_100_2024_Compostelle-__5100229-1536x1536.jpg 1536w, http:\/\/www.vinceneux.fr\/Photoblog\/wp-content\/uploads\/2024\/06\/w_100_2024_Compostelle-__5100229.jpg 1920w\" sizes=\"auto, (max-width: 1024px) 100vw, 1024px\" \/><\/a><\/figure>\n\n\n\n<p>le Charriot attend sagement de reprendre le labeur : \u00ab\u00a0El burrito del carrito, soy Yo !\u00a0\u00bb<\/p>\n\n\n\n<figure class=\"wp-block-image size-large\"><a href=\"http:\/\/vinceneux.fr\/Photoblog\/wp-content\/uploads\/2024\/06\/w_100_2024_Compostelle-__5100252.jpg\"><img loading=\"lazy\" decoding=\"async\" width=\"1536\" height=\"1024\" src=\"http:\/\/vinceneux.fr\/Photoblog\/wp-content\/uploads\/2024\/06\/w_100_2024_Compostelle-__5100252-1536x1024.jpg\" alt=\"\" class=\"wp-image-2004\" srcset=\"http:\/\/www.vinceneux.fr\/Photoblog\/wp-content\/uploads\/2024\/06\/w_100_2024_Compostelle-__5100252-1536x1024.jpg 1536w, http:\/\/www.vinceneux.fr\/Photoblog\/wp-content\/uploads\/2024\/06\/w_100_2024_Compostelle-__5100252-900x600.jpg 900w, http:\/\/www.vinceneux.fr\/Photoblog\/wp-content\/uploads\/2024\/06\/w_100_2024_Compostelle-__5100252-300x200.jpg 300w, http:\/\/www.vinceneux.fr\/Photoblog\/wp-content\/uploads\/2024\/06\/w_100_2024_Compostelle-__5100252.jpg 1920w\" sizes=\"auto, (max-width: 1536px) 100vw, 1536px\" \/><\/a><\/figure>\n\n\n\n<p class=\"has-text-align-center\">Les sommets enneig\u00e9s ne sont pas tr\u00e8s loin &#8230;<\/p>\n\n\n\n<figure class=\"wp-block-image size-large\"><a href=\"http:\/\/vinceneux.fr\/Photoblog\/wp-content\/uploads\/2024\/06\/w_100_2024_Compostelle_Tel_20240510110953.jpg\"><img loading=\"lazy\" decoding=\"async\" width=\"1536\" height=\"1024\" src=\"http:\/\/vinceneux.fr\/Photoblog\/wp-content\/uploads\/2024\/06\/w_100_2024_Compostelle_Tel_20240510110953-1536x1024.jpg\" alt=\"\" class=\"wp-image-2005\" srcset=\"http:\/\/www.vinceneux.fr\/Photoblog\/wp-content\/uploads\/2024\/06\/w_100_2024_Compostelle_Tel_20240510110953-1536x1024.jpg 1536w, http:\/\/www.vinceneux.fr\/Photoblog\/wp-content\/uploads\/2024\/06\/w_100_2024_Compostelle_Tel_20240510110953-900x600.jpg 900w, http:\/\/www.vinceneux.fr\/Photoblog\/wp-content\/uploads\/2024\/06\/w_100_2024_Compostelle_Tel_20240510110953-300x200.jpg 300w, http:\/\/www.vinceneux.fr\/Photoblog\/wp-content\/uploads\/2024\/06\/w_100_2024_Compostelle_Tel_20240510110953.jpg 1920w\" sizes=\"auto, (max-width: 1536px) 100vw, 1536px\" \/><\/a><\/figure>\n\n\n\n<p class=\"has-text-align-center\">Petite pause du charriot &#8230;<\/p>\n\n\n\n<figure class=\"wp-block-image size-large\"><a href=\"http:\/\/vinceneux.fr\/Photoblog\/wp-content\/uploads\/2024\/06\/w_100_2024_Compostelle_Tel_20240510124558.jpg\"><img loading=\"lazy\" decoding=\"async\" width=\"1536\" height=\"1024\" src=\"http:\/\/vinceneux.fr\/Photoblog\/wp-content\/uploads\/2024\/06\/w_100_2024_Compostelle_Tel_20240510124558-1536x1024.jpg\" alt=\"\" class=\"wp-image-2007\" srcset=\"http:\/\/www.vinceneux.fr\/Photoblog\/wp-content\/uploads\/2024\/06\/w_100_2024_Compostelle_Tel_20240510124558-1536x1024.jpg 1536w, http:\/\/www.vinceneux.fr\/Photoblog\/wp-content\/uploads\/2024\/06\/w_100_2024_Compostelle_Tel_20240510124558-900x600.jpg 900w, http:\/\/www.vinceneux.fr\/Photoblog\/wp-content\/uploads\/2024\/06\/w_100_2024_Compostelle_Tel_20240510124558-300x200.jpg 300w, http:\/\/www.vinceneux.fr\/Photoblog\/wp-content\/uploads\/2024\/06\/w_100_2024_Compostelle_Tel_20240510124558.jpg 1920w\" sizes=\"auto, (max-width: 1536px) 100vw, 1536px\" \/><\/a><\/figure>\n\n\n\n<p class=\"has-text-align-center\">La grande descente, depuis le col vers El Acebo &#8230;<\/p>\n","protected":false},"excerpt":{"rendered":"<p>\u00c9tape importante avec la Cruz de Hierro (Croix de Fer), lieu mythique o\u00f9 le p\u00e8lerin doit d\u00e9poser, au pied de la croix, une pierre, apport\u00e9e de chez lui, et ainsi se d\u00e9barrasser de tout ce qui lui p\u00e8se &#8230; Moment fort du Camino ! C&rsquo;est aussi un Col, \u00e0 presque 1500m d&rsquo;altitude, qui est la&#8230;<\/p>\n","protected":false},"author":1,"featured_media":0,"comment_status":"open","ping_status":"open","sticky":false,"template":"","format":"standard","meta":{"_kad_post_transparent":"","_kad_post_title":"","_kad_post_layout":"","_kad_post_sidebar_id":"","_kad_post_content_style":"","_kad_post_vertical_padding":"","_kad_post_feature":"","_kad_post_feature_position":"","_kad_post_header":false,"_kad_post_footer":false,"_kad_post_classname":"","footnotes":""},"categories":[18],"tags":[],"class_list":["post-1994","post","type-post","status-publish","format-standard","hentry","category-compostelle"],"_links":{"self":[{"href":"http:\/\/www.vinceneux.fr\/Photoblog\/index.php?rest_route=\/wp\/v2\/posts\/1994","targetHints":{"allow":["GET"]}}],"collection":[{"href":"http:\/\/www.vinceneux.fr\/Photoblog\/index.php?rest_route=\/wp\/v2\/posts"}],"about":[{"href":"http:\/\/www.vinceneux.fr\/Photoblog\/index.php?rest_route=\/wp\/v2\/types\/post"}],"author":[{"embeddable":true,"href":"http:\/\/www.vinceneux.fr\/Photoblog\/index.php?rest_route=\/wp\/v2\/users\/1"}],"replies":[{"embeddable":true,"href":"http:\/\/www.vinceneux.fr\/Photoblog\/index.php?rest_route=%2Fwp%2Fv2%2Fcomments&post=1994"}],"version-history":[{"count":3,"href":"http:\/\/www.vinceneux.fr\/Photoblog\/index.php?rest_route=\/wp\/v2\/posts\/1994\/revisions"}],"predecessor-version":[{"id":2008,"href":"http:\/\/www.vinceneux.fr\/Photoblog\/index.php?rest_route=\/wp\/v2\/posts\/1994\/revisions\/2008"}],"wp:attachment":[{"href":"http:\/\/www.vinceneux.fr\/Photoblog\/index.php?rest_route=%2Fwp%2Fv2%2Fmedia&parent=1994"}],"wp:term":[{"taxonomy":"category","embeddable":true,"href":"http:\/\/www.vinceneux.fr\/Photoblog\/index.php?rest_route=%2Fwp%2Fv2%2Fcategories&post=1994"},{"taxonomy":"post_tag","embeddable":true,"href":"http:\/\/www.vinceneux.fr\/Photoblog\/index.php?rest_route=%2Fwp%2Fv2%2Ftags&post=1994"}],"curies":[{"name":"wp","href":"https:\/\/api.w.org\/{rel}","templated":true}]}}