{"id":1903,"date":"2024-05-28T18:31:35","date_gmt":"2024-05-28T16:31:35","guid":{"rendered":"http:\/\/vinceneux.fr\/Photoblog\/?p=1903"},"modified":"2024-05-28T18:32:32","modified_gmt":"2024-05-28T16:32:32","slug":"compostelle-2024-retour-a-leon","status":"publish","type":"post","link":"http:\/\/www.vinceneux.fr\/Photoblog\/?p=1903","title":{"rendered":"Compostelle 2024 : Retour \u00e0 Le\u00f3n"},"content":{"rendered":"\n<p>Pour achever mon Chemin jusqu&rsquo;\u00e0 Santiago de Compostela, je retourne \u00e0 Le\u00f3n, l\u00e0 o\u00f9 je avais arr\u00eat\u00e9 mon Camino en 2023 &#8230; Par <strong>Avil\u00e8s<\/strong> (ville jumel\u00e9e avec Saint Nazaire o\u00f9 je vis en France) et <strong>Oviedo<\/strong>.<\/p>\n\n\n\n<figure class=\"wp-block-image size-large\"><img loading=\"lazy\" decoding=\"async\" width=\"1536\" height=\"1024\" src=\"http:\/\/vinceneux.fr\/Photoblog\/wp-content\/uploads\/2024\/05\/w_100_2024_Compostelle_Tel_20240504_073940-1-1536x1024.jpg\" alt=\"\" class=\"wp-image-1907\" srcset=\"http:\/\/www.vinceneux.fr\/Photoblog\/wp-content\/uploads\/2024\/05\/w_100_2024_Compostelle_Tel_20240504_073940-1-1536x1024.jpg 1536w, http:\/\/www.vinceneux.fr\/Photoblog\/wp-content\/uploads\/2024\/05\/w_100_2024_Compostelle_Tel_20240504_073940-1-900x600.jpg 900w, http:\/\/www.vinceneux.fr\/Photoblog\/wp-content\/uploads\/2024\/05\/w_100_2024_Compostelle_Tel_20240504_073940-1-300x200.jpg 300w, http:\/\/www.vinceneux.fr\/Photoblog\/wp-content\/uploads\/2024\/05\/w_100_2024_Compostelle_Tel_20240504_073940-1.jpg 1920w\" sizes=\"auto, (max-width: 1536px) 100vw, 1536px\" \/><\/figure>\n\n\n\n<p class=\"has-text-align-center\">Avil\u00e8s sous la pluie et au fond le centre culturel Oscar Niemeyer.<\/p>\n\n\n\n<figure class=\"wp-block-image size-large\"><a href=\"http:\/\/vinceneux.fr\/Photoblog\/wp-content\/uploads\/2024\/05\/w_100_2024_Compostelle-__5040003.jpg\"><img loading=\"lazy\" decoding=\"async\" width=\"683\" height=\"1024\" src=\"http:\/\/vinceneux.fr\/Photoblog\/wp-content\/uploads\/2024\/05\/w_100_2024_Compostelle-__5040003-683x1024.jpg\" alt=\"\" class=\"wp-image-1908\" srcset=\"http:\/\/www.vinceneux.fr\/Photoblog\/wp-content\/uploads\/2024\/05\/w_100_2024_Compostelle-__5040003-683x1024.jpg 683w, http:\/\/www.vinceneux.fr\/Photoblog\/wp-content\/uploads\/2024\/05\/w_100_2024_Compostelle-__5040003-400x600.jpg 400w, http:\/\/www.vinceneux.fr\/Photoblog\/wp-content\/uploads\/2024\/05\/w_100_2024_Compostelle-__5040003-133x200.jpg 133w, http:\/\/www.vinceneux.fr\/Photoblog\/wp-content\/uploads\/2024\/05\/w_100_2024_Compostelle-__5040003-1024x1536.jpg 1024w, http:\/\/www.vinceneux.fr\/Photoblog\/wp-content\/uploads\/2024\/05\/w_100_2024_Compostelle-__5040003.jpg 1280w\" sizes=\"auto, (max-width: 683px) 100vw, 683px\" \/><\/a><\/figure>\n\n\n\n<p class=\"has-text-align-center\">Cath\u00e9drale de San Salvador \u00e0 Oviedo<\/p>\n\n\n\n<figure class=\"wp-block-image size-large\"><a href=\"http:\/\/vinceneux.fr\/Photoblog\/wp-content\/uploads\/2024\/05\/w_100_2024_Compostelle-__5040009.jpg\"><img loading=\"lazy\" decoding=\"async\" width=\"1024\" height=\"1024\" src=\"http:\/\/vinceneux.fr\/Photoblog\/wp-content\/uploads\/2024\/05\/w_100_2024_Compostelle-__5040009-1024x1024.jpg\" alt=\"\" class=\"wp-image-1909\" srcset=\"http:\/\/www.vinceneux.fr\/Photoblog\/wp-content\/uploads\/2024\/05\/w_100_2024_Compostelle-__5040009-1024x1024.jpg 1024w, http:\/\/www.vinceneux.fr\/Photoblog\/wp-content\/uploads\/2024\/05\/w_100_2024_Compostelle-__5040009-600x600.jpg 600w, http:\/\/www.vinceneux.fr\/Photoblog\/wp-content\/uploads\/2024\/05\/w_100_2024_Compostelle-__5040009-200x200.jpg 200w, http:\/\/www.vinceneux.fr\/Photoblog\/wp-content\/uploads\/2024\/05\/w_100_2024_Compostelle-__5040009-1536x1536.jpg 1536w, http:\/\/www.vinceneux.fr\/Photoblog\/wp-content\/uploads\/2024\/05\/w_100_2024_Compostelle-__5040009.jpg 1920w\" sizes=\"auto, (max-width: 1024px) 100vw, 1024px\" \/><\/a><\/figure>\n\n\n\n<figure class=\"wp-block-image size-large\"><img loading=\"lazy\" decoding=\"async\" width=\"1600\" height=\"398\" src=\"http:\/\/vinceneux.fr\/Photoblog\/wp-content\/uploads\/2024\/05\/w_100_2024_Compostelle_Tel_20240504_101453-1600x398.jpg\" alt=\"\" class=\"wp-image-1910\" srcset=\"http:\/\/www.vinceneux.fr\/Photoblog\/wp-content\/uploads\/2024\/05\/w_100_2024_Compostelle_Tel_20240504_101453-1600x398.jpg 1600w, http:\/\/www.vinceneux.fr\/Photoblog\/wp-content\/uploads\/2024\/05\/w_100_2024_Compostelle_Tel_20240504_101453-900x224.jpg 900w, http:\/\/www.vinceneux.fr\/Photoblog\/wp-content\/uploads\/2024\/05\/w_100_2024_Compostelle_Tel_20240504_101453-300x75.jpg 300w, http:\/\/www.vinceneux.fr\/Photoblog\/wp-content\/uploads\/2024\/05\/w_100_2024_Compostelle_Tel_20240504_101453-1536x382.jpg 1536w, http:\/\/www.vinceneux.fr\/Photoblog\/wp-content\/uploads\/2024\/05\/w_100_2024_Compostelle_Tel_20240504_101453.jpg 1920w\" sizes=\"auto, (max-width: 1600px) 100vw, 1600px\" \/><\/figure>\n\n\n\n<p>A v\u00e9rifier \u00e0 Santiago de Compostelle &#8230; si : \u00ab\u00a0Qui va \u00e0 Santiago et pas au Salvador (d&rsquo;Oviedo), visite l&rsquo;\u00e9l\u00e8ve et non le Ma\u00eetre\u00a0\u00bb ???<\/p>\n\n\n\n<figure class=\"wp-block-image size-large\"><a href=\"http:\/\/vinceneux.fr\/Photoblog\/wp-content\/uploads\/2024\/05\/w_100_2024_Compostelle-__5040011.jpg\"><img loading=\"lazy\" decoding=\"async\" width=\"683\" height=\"1024\" src=\"http:\/\/vinceneux.fr\/Photoblog\/wp-content\/uploads\/2024\/05\/w_100_2024_Compostelle-__5040011-683x1024.jpg\" alt=\"\" class=\"wp-image-1911\" srcset=\"http:\/\/www.vinceneux.fr\/Photoblog\/wp-content\/uploads\/2024\/05\/w_100_2024_Compostelle-__5040011-683x1024.jpg 683w, http:\/\/www.vinceneux.fr\/Photoblog\/wp-content\/uploads\/2024\/05\/w_100_2024_Compostelle-__5040011-400x600.jpg 400w, http:\/\/www.vinceneux.fr\/Photoblog\/wp-content\/uploads\/2024\/05\/w_100_2024_Compostelle-__5040011-133x200.jpg 133w, http:\/\/www.vinceneux.fr\/Photoblog\/wp-content\/uploads\/2024\/05\/w_100_2024_Compostelle-__5040011-1024x1536.jpg 1024w, http:\/\/www.vinceneux.fr\/Photoblog\/wp-content\/uploads\/2024\/05\/w_100_2024_Compostelle-__5040011.jpg 1280w\" sizes=\"auto, (max-width: 683px) 100vw, 683px\" \/><\/a><\/figure>\n\n\n\n<p><\/p>\n\n\n\n<figure class=\"wp-block-image size-large\"><a href=\"http:\/\/vinceneux.fr\/Photoblog\/wp-content\/uploads\/2024\/05\/w_100_2024_Compostelle_Tel_20240504_210705.jpg\"><img loading=\"lazy\" decoding=\"async\" width=\"768\" height=\"1024\" src=\"http:\/\/vinceneux.fr\/Photoblog\/wp-content\/uploads\/2024\/05\/w_100_2024_Compostelle_Tel_20240504_210705-768x1024.jpg\" alt=\"\" class=\"wp-image-1912\" srcset=\"http:\/\/www.vinceneux.fr\/Photoblog\/wp-content\/uploads\/2024\/05\/w_100_2024_Compostelle_Tel_20240504_210705-768x1024.jpg 768w, http:\/\/www.vinceneux.fr\/Photoblog\/wp-content\/uploads\/2024\/05\/w_100_2024_Compostelle_Tel_20240504_210705-450x600.jpg 450w, http:\/\/www.vinceneux.fr\/Photoblog\/wp-content\/uploads\/2024\/05\/w_100_2024_Compostelle_Tel_20240504_210705-150x200.jpg 150w, http:\/\/www.vinceneux.fr\/Photoblog\/wp-content\/uploads\/2024\/05\/w_100_2024_Compostelle_Tel_20240504_210705-1152x1536.jpg 1152w, http:\/\/www.vinceneux.fr\/Photoblog\/wp-content\/uploads\/2024\/05\/w_100_2024_Compostelle_Tel_20240504_210705.jpg 1440w\" sizes=\"auto, (max-width: 768px) 100vw, 768px\" \/><\/a><\/figure>\n\n\n\n<p class=\"has-text-align-center\">Retour \u00e0 Le\u00f3n pour le nouveau d\u00e9part sur le Camino&#8230;<\/p>\n\n\n\n<figure class=\"wp-block-image aligncenter size-large\"><a href=\"http:\/\/vinceneux.fr\/Photoblog\/wp-content\/uploads\/2024\/05\/w_100_2024_Compostelle_Tel_20240504_213943.jpg\"><img loading=\"lazy\" decoding=\"async\" width=\"576\" height=\"1024\" src=\"http:\/\/vinceneux.fr\/Photoblog\/wp-content\/uploads\/2024\/05\/w_100_2024_Compostelle_Tel_20240504_213943-576x1024.jpg\" alt=\"\" class=\"wp-image-1913\" srcset=\"http:\/\/www.vinceneux.fr\/Photoblog\/wp-content\/uploads\/2024\/05\/w_100_2024_Compostelle_Tel_20240504_213943-576x1024.jpg 576w, http:\/\/www.vinceneux.fr\/Photoblog\/wp-content\/uploads\/2024\/05\/w_100_2024_Compostelle_Tel_20240504_213943-338x600.jpg 338w, http:\/\/www.vinceneux.fr\/Photoblog\/wp-content\/uploads\/2024\/05\/w_100_2024_Compostelle_Tel_20240504_213943-113x200.jpg 113w, http:\/\/www.vinceneux.fr\/Photoblog\/wp-content\/uploads\/2024\/05\/w_100_2024_Compostelle_Tel_20240504_213943-864x1536.jpg 864w, http:\/\/www.vinceneux.fr\/Photoblog\/wp-content\/uploads\/2024\/05\/w_100_2024_Compostelle_Tel_20240504_213943.jpg 1080w\" sizes=\"auto, (max-width: 576px) 100vw, 576px\" \/><\/a><\/figure>\n","protected":false},"excerpt":{"rendered":"<p>Pour achever mon Chemin jusqu&rsquo;\u00e0 Santiago de Compostela, je retourne \u00e0 Le\u00f3n, l\u00e0 o\u00f9 je avais arr\u00eat\u00e9 mon Camino en 2023 &#8230; Par Avil\u00e8s (ville jumel\u00e9e avec Saint Nazaire o\u00f9 je vis en France) et Oviedo. Avil\u00e8s sous la pluie et au fond le centre culturel Oscar Niemeyer. Cath\u00e9drale de San Salvador \u00e0 Oviedo A&#8230;<\/p>\n","protected":false},"author":1,"featured_media":0,"comment_status":"open","ping_status":"open","sticky":false,"template":"","format":"standard","meta":{"_kad_post_transparent":"","_kad_post_title":"","_kad_post_layout":"","_kad_post_sidebar_id":"","_kad_post_content_style":"","_kad_post_vertical_padding":"","_kad_post_feature":"","_kad_post_feature_position":"","_kad_post_header":false,"_kad_post_footer":false,"_kad_post_classname":"","footnotes":""},"categories":[10,18,1],"tags":[],"class_list":["post-1903","post","type-post","status-publish","format-standard","hentry","category-architecture","category-compostelle","category-uncategorized"],"_links":{"self":[{"href":"http:\/\/www.vinceneux.fr\/Photoblog\/index.php?rest_route=\/wp\/v2\/posts\/1903","targetHints":{"allow":["GET"]}}],"collection":[{"href":"http:\/\/www.vinceneux.fr\/Photoblog\/index.php?rest_route=\/wp\/v2\/posts"}],"about":[{"href":"http:\/\/www.vinceneux.fr\/Photoblog\/index.php?rest_route=\/wp\/v2\/types\/post"}],"author":[{"embeddable":true,"href":"http:\/\/www.vinceneux.fr\/Photoblog\/index.php?rest_route=\/wp\/v2\/users\/1"}],"replies":[{"embeddable":true,"href":"http:\/\/www.vinceneux.fr\/Photoblog\/index.php?rest_route=%2Fwp%2Fv2%2Fcomments&post=1903"}],"version-history":[{"count":3,"href":"http:\/\/www.vinceneux.fr\/Photoblog\/index.php?rest_route=\/wp\/v2\/posts\/1903\/revisions"}],"predecessor-version":[{"id":1915,"href":"http:\/\/www.vinceneux.fr\/Photoblog\/index.php?rest_route=\/wp\/v2\/posts\/1903\/revisions\/1915"}],"wp:attachment":[{"href":"http:\/\/www.vinceneux.fr\/Photoblog\/index.php?rest_route=%2Fwp%2Fv2%2Fmedia&parent=1903"}],"wp:term":[{"taxonomy":"category","embeddable":true,"href":"http:\/\/www.vinceneux.fr\/Photoblog\/index.php?rest_route=%2Fwp%2Fv2%2Fcategories&post=1903"},{"taxonomy":"post_tag","embeddable":true,"href":"http:\/\/www.vinceneux.fr\/Photoblog\/index.php?rest_route=%2Fwp%2Fv2%2Ftags&post=1903"}],"curies":[{"name":"wp","href":"https:\/\/api.w.org\/{rel}","templated":true}]}}