{"id":1885,"date":"2023-11-15T13:27:00","date_gmt":"2023-11-15T12:27:00","guid":{"rendered":"http:\/\/vinceneux.fr\/Photoblog\/?p=1885"},"modified":"2023-11-15T13:28:15","modified_gmt":"2023-11-15T12:28:15","slug":"aviles","status":"publish","type":"post","link":"http:\/\/www.vinceneux.fr\/Photoblog\/?p=1885","title":{"rendered":"AVILES"},"content":{"rendered":"\n<p>Avil\u00e8s est la ville espagnole jumel\u00e9e avec St Nazaire et abrite un centre culturel extraordinaire con\u00e7u par Oscar Nemeyer (1907, 2012) en 2008 (\u00e0 101 ans !) et ouvert en 2011 : Un ensemble de sculptures architecturales, il aurait fallu y passer des heures pour en  faire d&rsquo;autres photos &#8230;<\/p>\n\n\n\n<figure class=\"wp-block-image size-large\"><a href=\"http:\/\/vinceneux.fr\/Photoblog\/wp-content\/uploads\/2023\/11\/w_100_2023_Compostelle__9191192-Panorama-2.jpg\"><img loading=\"lazy\" decoding=\"async\" width=\"1600\" height=\"729\" src=\"http:\/\/vinceneux.fr\/Photoblog\/wp-content\/uploads\/2023\/11\/w_100_2023_Compostelle__9191192-Panorama-2-1600x729.jpg\" alt=\"\" class=\"wp-image-1886\" srcset=\"http:\/\/www.vinceneux.fr\/Photoblog\/wp-content\/uploads\/2023\/11\/w_100_2023_Compostelle__9191192-Panorama-2-1600x729.jpg 1600w, http:\/\/www.vinceneux.fr\/Photoblog\/wp-content\/uploads\/2023\/11\/w_100_2023_Compostelle__9191192-Panorama-2-900x410.jpg 900w, http:\/\/www.vinceneux.fr\/Photoblog\/wp-content\/uploads\/2023\/11\/w_100_2023_Compostelle__9191192-Panorama-2-300x137.jpg 300w, http:\/\/www.vinceneux.fr\/Photoblog\/wp-content\/uploads\/2023\/11\/w_100_2023_Compostelle__9191192-Panorama-2-1536x700.jpg 1536w, http:\/\/www.vinceneux.fr\/Photoblog\/wp-content\/uploads\/2023\/11\/w_100_2023_Compostelle__9191192-Panorama-2.jpg 1920w\" sizes=\"auto, (max-width: 1600px) 100vw, 1600px\" \/><\/a><\/figure>\n\n\n\n<p class=\"has-text-align-center\">Le centre culturel est reli\u00e9 \u00e0 la ville par une passerelle en porte \u00e0 faux que les habitants appelle l&rsquo;agrafe !<\/p>\n\n\n\n<figure class=\"wp-block-image size-large\"><a href=\"http:\/\/vinceneux.fr\/Photoblog\/wp-content\/uploads\/2023\/11\/w_100_2023_Compostelle__9191270.jpg\"><img loading=\"lazy\" decoding=\"async\" width=\"1536\" height=\"1024\" src=\"http:\/\/vinceneux.fr\/Photoblog\/wp-content\/uploads\/2023\/11\/w_100_2023_Compostelle__9191270-1536x1024.jpg\" alt=\"\" class=\"wp-image-1887\" srcset=\"http:\/\/www.vinceneux.fr\/Photoblog\/wp-content\/uploads\/2023\/11\/w_100_2023_Compostelle__9191270-1536x1024.jpg 1536w, http:\/\/www.vinceneux.fr\/Photoblog\/wp-content\/uploads\/2023\/11\/w_100_2023_Compostelle__9191270-900x600.jpg 900w, http:\/\/www.vinceneux.fr\/Photoblog\/wp-content\/uploads\/2023\/11\/w_100_2023_Compostelle__9191270-300x200.jpg 300w, http:\/\/www.vinceneux.fr\/Photoblog\/wp-content\/uploads\/2023\/11\/w_100_2023_Compostelle__9191270.jpg 1920w\" sizes=\"auto, (max-width: 1536px) 100vw, 1536px\" \/><\/a><\/figure>\n\n\n\n<p class=\"has-text-align-center\">Divers b\u00e2timents r\u00e9unis par une immense esplanade : ici le restaurant suspendu en l&rsquo;air et la salle d&rsquo;exposition qui fait penser \u00e0 la m\u00e9diath\u00e8que du Havre du m\u00eame architecte.<\/p>\n\n\n\n<figure class=\"wp-block-image size-large\"><a href=\"http:\/\/vinceneux.fr\/Photoblog\/wp-content\/uploads\/2023\/11\/w_100_2023_Compostelle__9191252-Avec-accentuation-Bruit.jpg\"><img loading=\"lazy\" decoding=\"async\" width=\"1349\" height=\"1024\" src=\"http:\/\/vinceneux.fr\/Photoblog\/wp-content\/uploads\/2023\/11\/w_100_2023_Compostelle__9191252-Avec-accentuation-Bruit-1349x1024.jpg\" alt=\"\" class=\"wp-image-1890\" srcset=\"http:\/\/www.vinceneux.fr\/Photoblog\/wp-content\/uploads\/2023\/11\/w_100_2023_Compostelle__9191252-Avec-accentuation-Bruit-1349x1024.jpg 1349w, http:\/\/www.vinceneux.fr\/Photoblog\/wp-content\/uploads\/2023\/11\/w_100_2023_Compostelle__9191252-Avec-accentuation-Bruit-791x600.jpg 791w, http:\/\/www.vinceneux.fr\/Photoblog\/wp-content\/uploads\/2023\/11\/w_100_2023_Compostelle__9191252-Avec-accentuation-Bruit-264x200.jpg 264w, http:\/\/www.vinceneux.fr\/Photoblog\/wp-content\/uploads\/2023\/11\/w_100_2023_Compostelle__9191252-Avec-accentuation-Bruit-1536x1166.jpg 1536w, http:\/\/www.vinceneux.fr\/Photoblog\/wp-content\/uploads\/2023\/11\/w_100_2023_Compostelle__9191252-Avec-accentuation-Bruit.jpg 1920w\" sizes=\"auto, (max-width: 1349px) 100vw, 1349px\" \/><\/a><\/figure>\n\n\n\n<p class=\"has-text-align-center\">L&rsquo;escalier de la salle d\u2019exposition <\/p>\n\n\n\n<figure class=\"wp-block-image size-large\"><a href=\"http:\/\/vinceneux.fr\/Photoblog\/wp-content\/uploads\/2023\/11\/w_100_2023_Compostelle__9191250.jpg\"><img loading=\"lazy\" decoding=\"async\" width=\"1536\" height=\"1024\" src=\"http:\/\/vinceneux.fr\/Photoblog\/wp-content\/uploads\/2023\/11\/w_100_2023_Compostelle__9191250-1536x1024.jpg\" alt=\"\" class=\"wp-image-1888\" srcset=\"http:\/\/www.vinceneux.fr\/Photoblog\/wp-content\/uploads\/2023\/11\/w_100_2023_Compostelle__9191250-1536x1024.jpg 1536w, http:\/\/www.vinceneux.fr\/Photoblog\/wp-content\/uploads\/2023\/11\/w_100_2023_Compostelle__9191250-900x600.jpg 900w, http:\/\/www.vinceneux.fr\/Photoblog\/wp-content\/uploads\/2023\/11\/w_100_2023_Compostelle__9191250-300x200.jpg 300w, http:\/\/www.vinceneux.fr\/Photoblog\/wp-content\/uploads\/2023\/11\/w_100_2023_Compostelle__9191250.jpg 1920w\" sizes=\"auto, (max-width: 1536px) 100vw, 1536px\" \/><\/a><\/figure>\n\n\n\n<p class=\"has-text-align-center\">La salle de spectacle et le dessin \u00e9pur\u00e9 sur la fa\u00e7ade.<\/p>\n\n\n\n<figure class=\"wp-block-image size-large\"><a href=\"http:\/\/vinceneux.fr\/Photoblog\/wp-content\/uploads\/2023\/11\/w_100_2023_Compostelle__9191251.jpg\"><img loading=\"lazy\" decoding=\"async\" width=\"1024\" height=\"1024\" src=\"http:\/\/vinceneux.fr\/Photoblog\/wp-content\/uploads\/2023\/11\/w_100_2023_Compostelle__9191251-1024x1024.jpg\" alt=\"\" class=\"wp-image-1889\" srcset=\"http:\/\/www.vinceneux.fr\/Photoblog\/wp-content\/uploads\/2023\/11\/w_100_2023_Compostelle__9191251-1024x1024.jpg 1024w, http:\/\/www.vinceneux.fr\/Photoblog\/wp-content\/uploads\/2023\/11\/w_100_2023_Compostelle__9191251-600x600.jpg 600w, http:\/\/www.vinceneux.fr\/Photoblog\/wp-content\/uploads\/2023\/11\/w_100_2023_Compostelle__9191251-200x200.jpg 200w, http:\/\/www.vinceneux.fr\/Photoblog\/wp-content\/uploads\/2023\/11\/w_100_2023_Compostelle__9191251-1536x1536.jpg 1536w, http:\/\/www.vinceneux.fr\/Photoblog\/wp-content\/uploads\/2023\/11\/w_100_2023_Compostelle__9191251.jpg 1920w\" sizes=\"auto, (max-width: 1024px) 100vw, 1024px\" \/><\/a><\/figure>\n\n\n\n<p><\/p>\n\n\n\n<figure class=\"wp-block-image size-large\"><a href=\"http:\/\/vinceneux.fr\/Photoblog\/wp-content\/uploads\/2023\/11\/w_100_2023_Compostelle__9191268-Panorama.jpg\"><img loading=\"lazy\" decoding=\"async\" width=\"1600\" height=\"833\" src=\"http:\/\/vinceneux.fr\/Photoblog\/wp-content\/uploads\/2023\/11\/w_100_2023_Compostelle__9191268-Panorama-1600x833.jpg\" alt=\"\" class=\"wp-image-1891\" srcset=\"http:\/\/www.vinceneux.fr\/Photoblog\/wp-content\/uploads\/2023\/11\/w_100_2023_Compostelle__9191268-Panorama-1600x833.jpg 1600w, http:\/\/www.vinceneux.fr\/Photoblog\/wp-content\/uploads\/2023\/11\/w_100_2023_Compostelle__9191268-Panorama-900x468.jpg 900w, http:\/\/www.vinceneux.fr\/Photoblog\/wp-content\/uploads\/2023\/11\/w_100_2023_Compostelle__9191268-Panorama-300x156.jpg 300w, http:\/\/www.vinceneux.fr\/Photoblog\/wp-content\/uploads\/2023\/11\/w_100_2023_Compostelle__9191268-Panorama-1536x799.jpg 1536w, http:\/\/www.vinceneux.fr\/Photoblog\/wp-content\/uploads\/2023\/11\/w_100_2023_Compostelle__9191268-Panorama.jpg 1920w\" sizes=\"auto, (max-width: 1600px) 100vw, 1600px\" \/><\/a><\/figure>\n\n\n\n<p><\/p>\n\n\n\n<figure class=\"wp-block-image size-large\"><a href=\"http:\/\/vinceneux.fr\/Photoblog\/wp-content\/uploads\/2023\/11\/w_100_2023_Compostelle__9191256.jpg\"><img loading=\"lazy\" decoding=\"async\" width=\"1600\" height=\"926\" src=\"http:\/\/vinceneux.fr\/Photoblog\/wp-content\/uploads\/2023\/11\/w_100_2023_Compostelle__9191256-1600x926.jpg\" alt=\"\" class=\"wp-image-1892\" srcset=\"http:\/\/www.vinceneux.fr\/Photoblog\/wp-content\/uploads\/2023\/11\/w_100_2023_Compostelle__9191256-1600x926.jpg 1600w, http:\/\/www.vinceneux.fr\/Photoblog\/wp-content\/uploads\/2023\/11\/w_100_2023_Compostelle__9191256-900x521.jpg 900w, http:\/\/www.vinceneux.fr\/Photoblog\/wp-content\/uploads\/2023\/11\/w_100_2023_Compostelle__9191256-300x174.jpg 300w, http:\/\/www.vinceneux.fr\/Photoblog\/wp-content\/uploads\/2023\/11\/w_100_2023_Compostelle__9191256-1536x889.jpg 1536w, http:\/\/www.vinceneux.fr\/Photoblog\/wp-content\/uploads\/2023\/11\/w_100_2023_Compostelle__9191256.jpg 1920w\" sizes=\"auto, (max-width: 1600px) 100vw, 1600px\" \/><\/a><\/figure>\n\n\n\n<p class=\"has-text-align-center\">Tout en courbes<\/p>\n\n\n\n<figure class=\"wp-block-image size-large\"><a href=\"http:\/\/vinceneux.fr\/Photoblog\/wp-content\/uploads\/2023\/11\/w_100_2023_Compostelle__9191224-Panorama.jpg\"><img loading=\"lazy\" decoding=\"async\" width=\"1600\" height=\"799\" src=\"http:\/\/vinceneux.fr\/Photoblog\/wp-content\/uploads\/2023\/11\/w_100_2023_Compostelle__9191224-Panorama-1600x799.jpg\" alt=\"\" class=\"wp-image-1893\" srcset=\"http:\/\/www.vinceneux.fr\/Photoblog\/wp-content\/uploads\/2023\/11\/w_100_2023_Compostelle__9191224-Panorama-1600x799.jpg 1600w, http:\/\/www.vinceneux.fr\/Photoblog\/wp-content\/uploads\/2023\/11\/w_100_2023_Compostelle__9191224-Panorama-900x450.jpg 900w, http:\/\/www.vinceneux.fr\/Photoblog\/wp-content\/uploads\/2023\/11\/w_100_2023_Compostelle__9191224-Panorama-300x150.jpg 300w, http:\/\/www.vinceneux.fr\/Photoblog\/wp-content\/uploads\/2023\/11\/w_100_2023_Compostelle__9191224-Panorama-1536x767.jpg 1536w, http:\/\/www.vinceneux.fr\/Photoblog\/wp-content\/uploads\/2023\/11\/w_100_2023_Compostelle__9191224-Panorama.jpg 1920w\" sizes=\"auto, (max-width: 1600px) 100vw, 1600px\" \/><\/a><\/figure>\n\n\n\n<p><\/p>\n\n\n\n<figure class=\"wp-block-image size-large\"><a href=\"http:\/\/vinceneux.fr\/Photoblog\/wp-content\/uploads\/2023\/11\/w_100_2023_Compostelle__9191257.jpg\"><img loading=\"lazy\" decoding=\"async\" width=\"1536\" height=\"1024\" src=\"http:\/\/vinceneux.fr\/Photoblog\/wp-content\/uploads\/2023\/11\/w_100_2023_Compostelle__9191257-1536x1024.jpg\" alt=\"\" class=\"wp-image-1894\" srcset=\"http:\/\/www.vinceneux.fr\/Photoblog\/wp-content\/uploads\/2023\/11\/w_100_2023_Compostelle__9191257-1536x1024.jpg 1536w, http:\/\/www.vinceneux.fr\/Photoblog\/wp-content\/uploads\/2023\/11\/w_100_2023_Compostelle__9191257-900x600.jpg 900w, http:\/\/www.vinceneux.fr\/Photoblog\/wp-content\/uploads\/2023\/11\/w_100_2023_Compostelle__9191257-300x200.jpg 300w, http:\/\/www.vinceneux.fr\/Photoblog\/wp-content\/uploads\/2023\/11\/w_100_2023_Compostelle__9191257.jpg 1920w\" sizes=\"auto, (max-width: 1536px) 100vw, 1536px\" \/><\/a><\/figure>\n\n\n\n<p><\/p>\n","protected":false},"excerpt":{"rendered":"<p>Avil\u00e8s est la ville espagnole jumel\u00e9e avec St Nazaire et abrite un centre culturel extraordinaire con\u00e7u par Oscar Nemeyer (1907, 2012) en 2008 (\u00e0 101 ans !) et ouvert en 2011 : Un ensemble de sculptures architecturales, il aurait fallu y passer des heures pour en faire d&rsquo;autres photos &#8230; Le centre culturel est reli\u00e9&#8230;<\/p>\n","protected":false},"author":1,"featured_media":0,"comment_status":"open","ping_status":"open","sticky":false,"template":"","format":"standard","meta":{"_kad_post_transparent":"","_kad_post_title":"","_kad_post_layout":"","_kad_post_sidebar_id":"","_kad_post_content_style":"","_kad_post_vertical_padding":"","_kad_post_feature":"","_kad_post_feature_position":"","_kad_post_header":false,"_kad_post_footer":false,"_kad_post_classname":"","footnotes":""},"categories":[10],"tags":[],"class_list":["post-1885","post","type-post","status-publish","format-standard","hentry","category-architecture"],"_links":{"self":[{"href":"http:\/\/www.vinceneux.fr\/Photoblog\/index.php?rest_route=\/wp\/v2\/posts\/1885","targetHints":{"allow":["GET"]}}],"collection":[{"href":"http:\/\/www.vinceneux.fr\/Photoblog\/index.php?rest_route=\/wp\/v2\/posts"}],"about":[{"href":"http:\/\/www.vinceneux.fr\/Photoblog\/index.php?rest_route=\/wp\/v2\/types\/post"}],"author":[{"embeddable":true,"href":"http:\/\/www.vinceneux.fr\/Photoblog\/index.php?rest_route=\/wp\/v2\/users\/1"}],"replies":[{"embeddable":true,"href":"http:\/\/www.vinceneux.fr\/Photoblog\/index.php?rest_route=%2Fwp%2Fv2%2Fcomments&post=1885"}],"version-history":[{"count":2,"href":"http:\/\/www.vinceneux.fr\/Photoblog\/index.php?rest_route=\/wp\/v2\/posts\/1885\/revisions"}],"predecessor-version":[{"id":1896,"href":"http:\/\/www.vinceneux.fr\/Photoblog\/index.php?rest_route=\/wp\/v2\/posts\/1885\/revisions\/1896"}],"wp:attachment":[{"href":"http:\/\/www.vinceneux.fr\/Photoblog\/index.php?rest_route=%2Fwp%2Fv2%2Fmedia&parent=1885"}],"wp:term":[{"taxonomy":"category","embeddable":true,"href":"http:\/\/www.vinceneux.fr\/Photoblog\/index.php?rest_route=%2Fwp%2Fv2%2Fcategories&post=1885"},{"taxonomy":"post_tag","embeddable":true,"href":"http:\/\/www.vinceneux.fr\/Photoblog\/index.php?rest_route=%2Fwp%2Fv2%2Ftags&post=1885"}],"curies":[{"name":"wp","href":"https:\/\/api.w.org\/{rel}","templated":true}]}}