{"id":1877,"date":"2023-11-14T17:26:48","date_gmt":"2023-11-14T16:26:48","guid":{"rendered":"http:\/\/vinceneux.fr\/Photoblog\/?p=1877"},"modified":"2024-05-28T17:58:02","modified_gmt":"2024-05-28T15:58:02","slug":"j29-29-leon-le-retour","status":"publish","type":"post","link":"http:\/\/www.vinceneux.fr\/Photoblog\/?p=1877","title":{"rendered":"J29\/29 Le\u00f3n : et le retour chez soi !"},"content":{"rendered":"\n<p>Apr\u00e8s avoir parcouru 460 km sur le Camino Franc\u00e9s, de St Jean Pied de Port \u00e0 la ville de Le\u00f3n, il a fallu penser au retour : finalement la solution a \u00e9t\u00e9 de prendre un bus jusqu&rsquo;\u00e0 Avil\u00e8s (ville jumel\u00e9e avec St Nazaire o\u00f9 j\u2019habite ! &#8230; et sur l&rsquo;autre Camino de Compostelle : le Camino del Norte). L\u00e0, avant de prendre l&rsquo;avion, j&rsquo;ai d\u00e9couvert l\u2019architecture extraordinaire du Centre Oscar Nemeyer !<\/p>\n\n\n\n<figure class=\"wp-block-image size-large\"><a href=\"http:\/\/vinceneux.fr\/Photoblog\/wp-content\/uploads\/2023\/11\/w_100_2023_Compostelle__9181028.jpg\"><img loading=\"lazy\" decoding=\"async\" width=\"1536\" height=\"1024\" src=\"http:\/\/vinceneux.fr\/Photoblog\/wp-content\/uploads\/2023\/11\/w_100_2023_Compostelle__9181028-1536x1024.jpg\" alt=\"\" class=\"wp-image-1878\" srcset=\"http:\/\/www.vinceneux.fr\/Photoblog\/wp-content\/uploads\/2023\/11\/w_100_2023_Compostelle__9181028-1536x1024.jpg 1536w, http:\/\/www.vinceneux.fr\/Photoblog\/wp-content\/uploads\/2023\/11\/w_100_2023_Compostelle__9181028-900x600.jpg 900w, http:\/\/www.vinceneux.fr\/Photoblog\/wp-content\/uploads\/2023\/11\/w_100_2023_Compostelle__9181028-300x200.jpg 300w, http:\/\/www.vinceneux.fr\/Photoblog\/wp-content\/uploads\/2023\/11\/w_100_2023_Compostelle__9181028.jpg 1920w\" sizes=\"auto, (max-width: 1536px) 100vw, 1536px\" \/><\/a><\/figure>\n\n\n\n<p class=\"has-text-align-center\">Direction Avil\u00e8s en bus de puis Le\u00f3n<\/p>\n\n\n\n<figure class=\"wp-block-image size-large\"><a href=\"http:\/\/vinceneux.fr\/Photoblog\/wp-content\/uploads\/2023\/11\/w_100_2023_Compostelle__9191210-Panorama-2.jpg\"><img loading=\"lazy\" decoding=\"async\" width=\"1600\" height=\"648\" src=\"http:\/\/vinceneux.fr\/Photoblog\/wp-content\/uploads\/2023\/11\/w_100_2023_Compostelle__9191210-Panorama-2-1600x648.jpg\" alt=\"\" class=\"wp-image-1879\" srcset=\"http:\/\/www.vinceneux.fr\/Photoblog\/wp-content\/uploads\/2023\/11\/w_100_2023_Compostelle__9191210-Panorama-2-1600x648.jpg 1600w, http:\/\/www.vinceneux.fr\/Photoblog\/wp-content\/uploads\/2023\/11\/w_100_2023_Compostelle__9191210-Panorama-2-900x365.jpg 900w, http:\/\/www.vinceneux.fr\/Photoblog\/wp-content\/uploads\/2023\/11\/w_100_2023_Compostelle__9191210-Panorama-2-300x122.jpg 300w, http:\/\/www.vinceneux.fr\/Photoblog\/wp-content\/uploads\/2023\/11\/w_100_2023_Compostelle__9191210-Panorama-2-1536x622.jpg 1536w, http:\/\/www.vinceneux.fr\/Photoblog\/wp-content\/uploads\/2023\/11\/w_100_2023_Compostelle__9191210-Panorama-2.jpg 1920w\" sizes=\"auto, (max-width: 1600px) 100vw, 1600px\" \/><\/a><\/figure>\n\n\n\n<p class=\"has-text-align-center\">L&rsquo;architecture d&rsquo; Oscar Nemeyer \u00e0 Avil\u00e8s : un clic pour le voir en grand !<\/p>\n\n\n\n<figure class=\"wp-block-image size-large\"><img loading=\"lazy\" decoding=\"async\" width=\"683\" height=\"1024\" src=\"http:\/\/vinceneux.fr\/Photoblog\/wp-content\/uploads\/2023\/11\/w_100_2023_Compostelle__9201313-683x1024.jpg\" alt=\"\" class=\"wp-image-1880\" srcset=\"http:\/\/www.vinceneux.fr\/Photoblog\/wp-content\/uploads\/2023\/11\/w_100_2023_Compostelle__9201313-683x1024.jpg 683w, http:\/\/www.vinceneux.fr\/Photoblog\/wp-content\/uploads\/2023\/11\/w_100_2023_Compostelle__9201313-400x600.jpg 400w, http:\/\/www.vinceneux.fr\/Photoblog\/wp-content\/uploads\/2023\/11\/w_100_2023_Compostelle__9201313-133x200.jpg 133w, http:\/\/www.vinceneux.fr\/Photoblog\/wp-content\/uploads\/2023\/11\/w_100_2023_Compostelle__9201313-1024x1536.jpg 1024w, http:\/\/www.vinceneux.fr\/Photoblog\/wp-content\/uploads\/2023\/11\/w_100_2023_Compostelle__9201313.jpg 1280w\" sizes=\"auto, (max-width: 683px) 100vw, 683px\" \/><\/figure>\n\n\n\n<p class=\"has-text-align-center\">Le p\u00e8lerin et son Carrix en configuration soute d&rsquo;avion !<\/p>\n","protected":false},"excerpt":{"rendered":"<p>Apr\u00e8s avoir parcouru 460 km sur le Camino Franc\u00e9s, de St Jean Pied de Port \u00e0 la ville de Le\u00f3n, il a fallu penser au retour : finalement la solution a \u00e9t\u00e9 de prendre un bus jusqu&rsquo;\u00e0 Avil\u00e8s (ville jumel\u00e9e avec St Nazaire o\u00f9 j\u2019habite ! &#8230; et sur l&rsquo;autre Camino de Compostelle : le&#8230;<\/p>\n","protected":false},"author":1,"featured_media":0,"comment_status":"open","ping_status":"open","sticky":false,"template":"","format":"standard","meta":{"_kad_post_transparent":"","_kad_post_title":"","_kad_post_layout":"","_kad_post_sidebar_id":"","_kad_post_content_style":"","_kad_post_vertical_padding":"","_kad_post_feature":"","_kad_post_feature_position":"","_kad_post_header":false,"_kad_post_footer":false,"_kad_post_classname":"","footnotes":""},"categories":[18],"tags":[],"class_list":["post-1877","post","type-post","status-publish","format-standard","hentry","category-compostelle"],"_links":{"self":[{"href":"http:\/\/www.vinceneux.fr\/Photoblog\/index.php?rest_route=\/wp\/v2\/posts\/1877","targetHints":{"allow":["GET"]}}],"collection":[{"href":"http:\/\/www.vinceneux.fr\/Photoblog\/index.php?rest_route=\/wp\/v2\/posts"}],"about":[{"href":"http:\/\/www.vinceneux.fr\/Photoblog\/index.php?rest_route=\/wp\/v2\/types\/post"}],"author":[{"embeddable":true,"href":"http:\/\/www.vinceneux.fr\/Photoblog\/index.php?rest_route=\/wp\/v2\/users\/1"}],"replies":[{"embeddable":true,"href":"http:\/\/www.vinceneux.fr\/Photoblog\/index.php?rest_route=%2Fwp%2Fv2%2Fcomments&post=1877"}],"version-history":[{"count":4,"href":"http:\/\/www.vinceneux.fr\/Photoblog\/index.php?rest_route=\/wp\/v2\/posts\/1877\/revisions"}],"predecessor-version":[{"id":1905,"href":"http:\/\/www.vinceneux.fr\/Photoblog\/index.php?rest_route=\/wp\/v2\/posts\/1877\/revisions\/1905"}],"wp:attachment":[{"href":"http:\/\/www.vinceneux.fr\/Photoblog\/index.php?rest_route=%2Fwp%2Fv2%2Fmedia&parent=1877"}],"wp:term":[{"taxonomy":"category","embeddable":true,"href":"http:\/\/www.vinceneux.fr\/Photoblog\/index.php?rest_route=%2Fwp%2Fv2%2Fcategories&post=1877"},{"taxonomy":"post_tag","embeddable":true,"href":"http:\/\/www.vinceneux.fr\/Photoblog\/index.php?rest_route=%2Fwp%2Fv2%2Ftags&post=1877"}],"curies":[{"name":"wp","href":"https:\/\/api.w.org\/{rel}","templated":true}]}}