{"id":1852,"date":"2023-11-07T08:39:47","date_gmt":"2023-11-07T07:39:47","guid":{"rendered":"http:\/\/vinceneux.fr\/Photoblog\/?p=1852"},"modified":"2023-11-07T08:39:47","modified_gmt":"2023-11-07T07:39:47","slug":"j28-29-leon-but-de-cette-annee-sur-le-camino-frances","status":"publish","type":"post","link":"http:\/\/www.vinceneux.fr\/Photoblog\/?p=1852","title":{"rendered":"J28\/29 Le\u00f3n : But de cette ann\u00e9e sur le Camino Franc\u00e9s"},"content":{"rendered":"\n<p>Arriv\u00e9 \u00e0 Le\u00f3n : contrat rempli pour cette ann\u00e9e ! Le\u00f3n tr\u00e8s belle ville sa cath\u00e9drale, inscrite au patrimoine de l&rsquo;Unesco, un b\u00e2timent de Gaudi, un beau centre ancien, etc &#8230;<\/p>\n\n\n\n<figure class=\"wp-block-image size-large\"><a href=\"http:\/\/vinceneux.fr\/Photoblog\/wp-content\/uploads\/2023\/11\/w_100_2023_Compostelle__9170998.jpg\"><img loading=\"lazy\" decoding=\"async\" width=\"1536\" height=\"1024\" src=\"http:\/\/vinceneux.fr\/Photoblog\/wp-content\/uploads\/2023\/11\/w_100_2023_Compostelle__9170998-1536x1024.jpg\" alt=\"\" class=\"wp-image-1853\" srcset=\"http:\/\/www.vinceneux.fr\/Photoblog\/wp-content\/uploads\/2023\/11\/w_100_2023_Compostelle__9170998-1536x1024.jpg 1536w, http:\/\/www.vinceneux.fr\/Photoblog\/wp-content\/uploads\/2023\/11\/w_100_2023_Compostelle__9170998-900x600.jpg 900w, http:\/\/www.vinceneux.fr\/Photoblog\/wp-content\/uploads\/2023\/11\/w_100_2023_Compostelle__9170998-300x200.jpg 300w, http:\/\/www.vinceneux.fr\/Photoblog\/wp-content\/uploads\/2023\/11\/w_100_2023_Compostelle__9170998.jpg 1920w\" sizes=\"auto, (max-width: 1536px) 100vw, 1536px\" \/><\/a><\/figure>\n\n\n\n<p class=\"has-text-align-center\">Devant la Cath\u00e9drale <\/p>\n\n\n\n<figure class=\"wp-block-image size-large\"><a href=\"http:\/\/vinceneux.fr\/Photoblog\/wp-content\/uploads\/2023\/11\/w_100_2023_Compostelle__9171021.jpg\"><img loading=\"lazy\" decoding=\"async\" width=\"1365\" height=\"1024\" src=\"http:\/\/vinceneux.fr\/Photoblog\/wp-content\/uploads\/2023\/11\/w_100_2023_Compostelle__9171021-1365x1024.jpg\" alt=\"\" class=\"wp-image-1854\" srcset=\"http:\/\/www.vinceneux.fr\/Photoblog\/wp-content\/uploads\/2023\/11\/w_100_2023_Compostelle__9171021-1365x1024.jpg 1365w, http:\/\/www.vinceneux.fr\/Photoblog\/wp-content\/uploads\/2023\/11\/w_100_2023_Compostelle__9171021-800x600.jpg 800w, http:\/\/www.vinceneux.fr\/Photoblog\/wp-content\/uploads\/2023\/11\/w_100_2023_Compostelle__9171021-267x200.jpg 267w, http:\/\/www.vinceneux.fr\/Photoblog\/wp-content\/uploads\/2023\/11\/w_100_2023_Compostelle__9171021-1536x1152.jpg 1536w, http:\/\/www.vinceneux.fr\/Photoblog\/wp-content\/uploads\/2023\/11\/w_100_2023_Compostelle__9171021.jpg 1920w\" sizes=\"auto, (max-width: 1365px) 100vw, 1365px\" \/><\/a><\/figure>\n\n\n\n<p><\/p>\n\n\n\n<figure class=\"wp-block-image size-large\"><a href=\"http:\/\/vinceneux.fr\/Photoblog\/wp-content\/uploads\/2023\/11\/w_100_2023_Compostelle__9171023.jpg\"><img loading=\"lazy\" decoding=\"async\" width=\"1536\" height=\"1024\" src=\"http:\/\/vinceneux.fr\/Photoblog\/wp-content\/uploads\/2023\/11\/w_100_2023_Compostelle__9171023-1536x1024.jpg\" alt=\"\" class=\"wp-image-1855\" srcset=\"http:\/\/www.vinceneux.fr\/Photoblog\/wp-content\/uploads\/2023\/11\/w_100_2023_Compostelle__9171023-1536x1024.jpg 1536w, http:\/\/www.vinceneux.fr\/Photoblog\/wp-content\/uploads\/2023\/11\/w_100_2023_Compostelle__9171023-900x600.jpg 900w, http:\/\/www.vinceneux.fr\/Photoblog\/wp-content\/uploads\/2023\/11\/w_100_2023_Compostelle__9171023-300x200.jpg 300w, http:\/\/www.vinceneux.fr\/Photoblog\/wp-content\/uploads\/2023\/11\/w_100_2023_Compostelle__9171023.jpg 1920w\" sizes=\"auto, (max-width: 1536px) 100vw, 1536px\" \/><\/a><\/figure>\n\n\n\n<p class=\"has-text-align-center\">L&rsquo;enfer et ses diables<\/p>\n\n\n\n<figure class=\"wp-block-image size-large\"><a href=\"http:\/\/vinceneux.fr\/Photoblog\/wp-content\/uploads\/2023\/11\/w_100_2023_Compostelle__9171010.jpg\"><img loading=\"lazy\" decoding=\"async\" width=\"1365\" height=\"1024\" src=\"http:\/\/vinceneux.fr\/Photoblog\/wp-content\/uploads\/2023\/11\/w_100_2023_Compostelle__9171010-1365x1024.jpg\" alt=\"\" class=\"wp-image-1856\" srcset=\"http:\/\/www.vinceneux.fr\/Photoblog\/wp-content\/uploads\/2023\/11\/w_100_2023_Compostelle__9171010-1365x1024.jpg 1365w, http:\/\/www.vinceneux.fr\/Photoblog\/wp-content\/uploads\/2023\/11\/w_100_2023_Compostelle__9171010-800x600.jpg 800w, http:\/\/www.vinceneux.fr\/Photoblog\/wp-content\/uploads\/2023\/11\/w_100_2023_Compostelle__9171010-267x200.jpg 267w, http:\/\/www.vinceneux.fr\/Photoblog\/wp-content\/uploads\/2023\/11\/w_100_2023_Compostelle__9171010-1536x1152.jpg 1536w, http:\/\/www.vinceneux.fr\/Photoblog\/wp-content\/uploads\/2023\/11\/w_100_2023_Compostelle__9171010.jpg 1920w\" sizes=\"auto, (max-width: 1365px) 100vw, 1365px\" \/><\/a><\/figure>\n\n\n\n<p><\/p>\n\n\n\n<figure class=\"wp-block-image size-large\"><a href=\"http:\/\/vinceneux.fr\/Photoblog\/wp-content\/uploads\/2023\/11\/w_100_2023_Compostelle__9171001.jpg\"><img loading=\"lazy\" decoding=\"async\" width=\"1299\" height=\"1024\" src=\"http:\/\/vinceneux.fr\/Photoblog\/wp-content\/uploads\/2023\/11\/w_100_2023_Compostelle__9171001-1299x1024.jpg\" alt=\"\" class=\"wp-image-1857\" srcset=\"http:\/\/www.vinceneux.fr\/Photoblog\/wp-content\/uploads\/2023\/11\/w_100_2023_Compostelle__9171001-1299x1024.jpg 1299w, http:\/\/www.vinceneux.fr\/Photoblog\/wp-content\/uploads\/2023\/11\/w_100_2023_Compostelle__9171001-761x600.jpg 761w, http:\/\/www.vinceneux.fr\/Photoblog\/wp-content\/uploads\/2023\/11\/w_100_2023_Compostelle__9171001-254x200.jpg 254w, http:\/\/www.vinceneux.fr\/Photoblog\/wp-content\/uploads\/2023\/11\/w_100_2023_Compostelle__9171001-1536x1211.jpg 1536w, http:\/\/www.vinceneux.fr\/Photoblog\/wp-content\/uploads\/2023\/11\/w_100_2023_Compostelle__9171001.jpg 1920w\" sizes=\"auto, (max-width: 1299px) 100vw, 1299px\" \/><\/a><\/figure>\n\n\n\n<p><\/p>\n\n\n\n<figure class=\"wp-block-image size-large\"><a href=\"http:\/\/vinceneux.fr\/Photoblog\/wp-content\/uploads\/2023\/11\/w_100_2023_Compostelle__9171009.jpg\"><img loading=\"lazy\" decoding=\"async\" width=\"726\" height=\"1024\" src=\"http:\/\/vinceneux.fr\/Photoblog\/wp-content\/uploads\/2023\/11\/w_100_2023_Compostelle__9171009-726x1024.jpg\" alt=\"\" class=\"wp-image-1858\" srcset=\"http:\/\/www.vinceneux.fr\/Photoblog\/wp-content\/uploads\/2023\/11\/w_100_2023_Compostelle__9171009-726x1024.jpg 726w, http:\/\/www.vinceneux.fr\/Photoblog\/wp-content\/uploads\/2023\/11\/w_100_2023_Compostelle__9171009-426x600.jpg 426w, http:\/\/www.vinceneux.fr\/Photoblog\/wp-content\/uploads\/2023\/11\/w_100_2023_Compostelle__9171009-142x200.jpg 142w, http:\/\/www.vinceneux.fr\/Photoblog\/wp-content\/uploads\/2023\/11\/w_100_2023_Compostelle__9171009-1090x1536.jpg 1090w, http:\/\/www.vinceneux.fr\/Photoblog\/wp-content\/uploads\/2023\/11\/w_100_2023_Compostelle__9171009.jpg 1362w\" sizes=\"auto, (max-width: 726px) 100vw, 726px\" \/><\/a><\/figure>\n\n\n\n<p><\/p>\n\n\n\n<figure class=\"wp-block-image size-large\"><a href=\"http:\/\/vinceneux.fr\/Photoblog\/wp-content\/uploads\/2023\/11\/w_100_2023_Compostelle__9171014.jpg\"><img loading=\"lazy\" decoding=\"async\" width=\"576\" height=\"1024\" src=\"http:\/\/vinceneux.fr\/Photoblog\/wp-content\/uploads\/2023\/11\/w_100_2023_Compostelle__9171014-576x1024.jpg\" alt=\"\" class=\"wp-image-1859\" srcset=\"http:\/\/www.vinceneux.fr\/Photoblog\/wp-content\/uploads\/2023\/11\/w_100_2023_Compostelle__9171014-576x1024.jpg 576w, http:\/\/www.vinceneux.fr\/Photoblog\/wp-content\/uploads\/2023\/11\/w_100_2023_Compostelle__9171014-338x600.jpg 338w, http:\/\/www.vinceneux.fr\/Photoblog\/wp-content\/uploads\/2023\/11\/w_100_2023_Compostelle__9171014-113x200.jpg 113w, http:\/\/www.vinceneux.fr\/Photoblog\/wp-content\/uploads\/2023\/11\/w_100_2023_Compostelle__9171014-864x1536.jpg 864w, http:\/\/www.vinceneux.fr\/Photoblog\/wp-content\/uploads\/2023\/11\/w_100_2023_Compostelle__9171014.jpg 1080w\" sizes=\"auto, (max-width: 576px) 100vw, 576px\" \/><\/a><\/figure>\n\n\n\n<p class=\"has-text-align-center\">Les statues avec leur grosse t\u00eate pour compenser l&rsquo;effet de perspective quand elles sont vues depuis le bas par les pi\u00e9tons.<\/p>\n","protected":false},"excerpt":{"rendered":"<p>Arriv\u00e9 \u00e0 Le\u00f3n : contrat rempli pour cette ann\u00e9e ! Le\u00f3n tr\u00e8s belle ville sa cath\u00e9drale, inscrite au patrimoine de l&rsquo;Unesco, un b\u00e2timent de Gaudi, un beau centre ancien, etc &#8230; Devant la Cath\u00e9drale L&rsquo;enfer et ses diables Les statues avec leur grosse t\u00eate pour compenser l&rsquo;effet de perspective quand elles sont vues depuis le&#8230;<\/p>\n","protected":false},"author":1,"featured_media":0,"comment_status":"open","ping_status":"open","sticky":false,"template":"","format":"standard","meta":{"_kad_post_transparent":"","_kad_post_title":"","_kad_post_layout":"","_kad_post_sidebar_id":"","_kad_post_content_style":"","_kad_post_vertical_padding":"","_kad_post_feature":"","_kad_post_feature_position":"","_kad_post_header":false,"_kad_post_footer":false,"_kad_post_classname":"","footnotes":""},"categories":[18],"tags":[],"class_list":["post-1852","post","type-post","status-publish","format-standard","hentry","category-compostelle"],"_links":{"self":[{"href":"http:\/\/www.vinceneux.fr\/Photoblog\/index.php?rest_route=\/wp\/v2\/posts\/1852","targetHints":{"allow":["GET"]}}],"collection":[{"href":"http:\/\/www.vinceneux.fr\/Photoblog\/index.php?rest_route=\/wp\/v2\/posts"}],"about":[{"href":"http:\/\/www.vinceneux.fr\/Photoblog\/index.php?rest_route=\/wp\/v2\/types\/post"}],"author":[{"embeddable":true,"href":"http:\/\/www.vinceneux.fr\/Photoblog\/index.php?rest_route=\/wp\/v2\/users\/1"}],"replies":[{"embeddable":true,"href":"http:\/\/www.vinceneux.fr\/Photoblog\/index.php?rest_route=%2Fwp%2Fv2%2Fcomments&post=1852"}],"version-history":[{"count":1,"href":"http:\/\/www.vinceneux.fr\/Photoblog\/index.php?rest_route=\/wp\/v2\/posts\/1852\/revisions"}],"predecessor-version":[{"id":1860,"href":"http:\/\/www.vinceneux.fr\/Photoblog\/index.php?rest_route=\/wp\/v2\/posts\/1852\/revisions\/1860"}],"wp:attachment":[{"href":"http:\/\/www.vinceneux.fr\/Photoblog\/index.php?rest_route=%2Fwp%2Fv2%2Fmedia&parent=1852"}],"wp:term":[{"taxonomy":"category","embeddable":true,"href":"http:\/\/www.vinceneux.fr\/Photoblog\/index.php?rest_route=%2Fwp%2Fv2%2Fcategories&post=1852"},{"taxonomy":"post_tag","embeddable":true,"href":"http:\/\/www.vinceneux.fr\/Photoblog\/index.php?rest_route=%2Fwp%2Fv2%2Ftags&post=1852"}],"curies":[{"name":"wp","href":"https:\/\/api.w.org\/{rel}","templated":true}]}}