{"id":1838,"date":"2023-11-06T08:43:59","date_gmt":"2023-11-06T07:43:59","guid":{"rendered":"http:\/\/vinceneux.fr\/Photoblog\/?p=1838"},"modified":"2023-11-06T08:48:17","modified_gmt":"2023-11-06T07:48:17","slug":"j2-29-reliegos-a-leon-la-derniere-etape","status":"publish","type":"post","link":"http:\/\/www.vinceneux.fr\/Photoblog\/?p=1838","title":{"rendered":"J27\/29 Reliegos \u00e0 Le\u00f3n : la derni\u00e8re \u00e9tape !"},"content":{"rendered":"\n<p>Apr\u00e8s avoir quitt\u00e9 l&rsquo;auberge de Las Hayas, et sa charmante f\u00e9e, en avant pour la derni\u00e8re \u00e9tape de cette ann\u00e9e ! Loin d&rsquo;\u00eatre la plus belle \u00e9tape !<\/p>\n\n\n\n<figure class=\"wp-block-image size-large\"><a href=\"http:\/\/vinceneux.fr\/Photoblog\/wp-content\/uploads\/2023\/11\/w_100_2023_Compostelle__9170974.jpg\"><img loading=\"lazy\" decoding=\"async\" width=\"1024\" height=\"1024\" src=\"http:\/\/vinceneux.fr\/Photoblog\/wp-content\/uploads\/2023\/11\/w_100_2023_Compostelle__9170974-1024x1024.jpg\" alt=\"\" class=\"wp-image-1839\" srcset=\"http:\/\/www.vinceneux.fr\/Photoblog\/wp-content\/uploads\/2023\/11\/w_100_2023_Compostelle__9170974-1024x1024.jpg 1024w, http:\/\/www.vinceneux.fr\/Photoblog\/wp-content\/uploads\/2023\/11\/w_100_2023_Compostelle__9170974-600x600.jpg 600w, http:\/\/www.vinceneux.fr\/Photoblog\/wp-content\/uploads\/2023\/11\/w_100_2023_Compostelle__9170974-200x200.jpg 200w, http:\/\/www.vinceneux.fr\/Photoblog\/wp-content\/uploads\/2023\/11\/w_100_2023_Compostelle__9170974-1536x1536.jpg 1536w, http:\/\/www.vinceneux.fr\/Photoblog\/wp-content\/uploads\/2023\/11\/w_100_2023_Compostelle__9170974.jpg 1920w\" sizes=\"auto, (max-width: 1024px) 100vw, 1024px\" \/><\/a><\/figure>\n\n\n\n<p><\/p>\n\n\n\n<figure class=\"wp-block-image size-large\"><a href=\"http:\/\/vinceneux.fr\/Photoblog\/wp-content\/uploads\/2023\/11\/w_100_2023_Compostelle__9170980.jpg\"><img loading=\"lazy\" decoding=\"async\" width=\"1454\" height=\"1024\" src=\"http:\/\/vinceneux.fr\/Photoblog\/wp-content\/uploads\/2023\/11\/w_100_2023_Compostelle__9170980-1454x1024.jpg\" alt=\"\" class=\"wp-image-1840\" srcset=\"http:\/\/www.vinceneux.fr\/Photoblog\/wp-content\/uploads\/2023\/11\/w_100_2023_Compostelle__9170980-1454x1024.jpg 1454w, http:\/\/www.vinceneux.fr\/Photoblog\/wp-content\/uploads\/2023\/11\/w_100_2023_Compostelle__9170980-852x600.jpg 852w, http:\/\/www.vinceneux.fr\/Photoblog\/wp-content\/uploads\/2023\/11\/w_100_2023_Compostelle__9170980-284x200.jpg 284w, http:\/\/www.vinceneux.fr\/Photoblog\/wp-content\/uploads\/2023\/11\/w_100_2023_Compostelle__9170980-1536x1082.jpg 1536w, http:\/\/www.vinceneux.fr\/Photoblog\/wp-content\/uploads\/2023\/11\/w_100_2023_Compostelle__9170980.jpg 1920w\" sizes=\"auto, (max-width: 1454px) 100vw, 1454px\" \/><\/a><\/figure>\n\n\n\n<p class=\"has-text-align-center\">\u00ab\u00a0Le\u00f3n sans Castille\u00a0\u00bb ou \u00ab\u00a0Castille sans Le\u00f3n\u00a0\u00bb 2 r\u00e9gions autonomes, ou une seule comme actuellement la r\u00e9gion de \u00ab\u00a0Castilla y Le\u00f3n\u00a0\u00bb ?<\/p>\n\n\n\n<figure class=\"wp-block-image size-large\"><a href=\"http:\/\/vinceneux.fr\/Photoblog\/wp-content\/uploads\/2023\/11\/w_100_2023_Compostelle__9170981.jpg\"><img loading=\"lazy\" decoding=\"async\" width=\"1536\" height=\"1024\" src=\"http:\/\/vinceneux.fr\/Photoblog\/wp-content\/uploads\/2023\/11\/w_100_2023_Compostelle__9170981-1536x1024.jpg\" alt=\"\" class=\"wp-image-1841\" srcset=\"http:\/\/www.vinceneux.fr\/Photoblog\/wp-content\/uploads\/2023\/11\/w_100_2023_Compostelle__9170981-1536x1024.jpg 1536w, http:\/\/www.vinceneux.fr\/Photoblog\/wp-content\/uploads\/2023\/11\/w_100_2023_Compostelle__9170981-900x600.jpg 900w, http:\/\/www.vinceneux.fr\/Photoblog\/wp-content\/uploads\/2023\/11\/w_100_2023_Compostelle__9170981-300x200.jpg 300w, http:\/\/www.vinceneux.fr\/Photoblog\/wp-content\/uploads\/2023\/11\/w_100_2023_Compostelle__9170981.jpg 1920w\" sizes=\"auto, (max-width: 1536px) 100vw, 1536px\" \/><\/a><\/figure>\n\n\n\n<p class=\"has-text-align-center\"><\/p>\n\n\n\n<figure class=\"wp-block-image size-large\"><a href=\"http:\/\/vinceneux.fr\/Photoblog\/wp-content\/uploads\/2023\/11\/w_100_20230917123702-2.jpg\"><img loading=\"lazy\" decoding=\"async\" width=\"1600\" height=\"900\" src=\"http:\/\/vinceneux.fr\/Photoblog\/wp-content\/uploads\/2023\/11\/w_100_20230917123702-2-1600x900.jpg\" alt=\"\" class=\"wp-image-1847\" srcset=\"http:\/\/www.vinceneux.fr\/Photoblog\/wp-content\/uploads\/2023\/11\/w_100_20230917123702-2-1600x900.jpg 1600w, http:\/\/www.vinceneux.fr\/Photoblog\/wp-content\/uploads\/2023\/11\/w_100_20230917123702-2-900x506.jpg 900w, http:\/\/www.vinceneux.fr\/Photoblog\/wp-content\/uploads\/2023\/11\/w_100_20230917123702-2-300x169.jpg 300w, http:\/\/www.vinceneux.fr\/Photoblog\/wp-content\/uploads\/2023\/11\/w_100_20230917123702-2-1536x864.jpg 1536w, http:\/\/www.vinceneux.fr\/Photoblog\/wp-content\/uploads\/2023\/11\/w_100_20230917123702-2.jpg 1920w\" sizes=\"auto, (max-width: 1600px) 100vw, 1600px\" \/><\/a><\/figure>\n\n\n\n<p class=\"has-text-align-center\">Le\u00f3n approche &#8230;<\/p>\n","protected":false},"excerpt":{"rendered":"<p>Apr\u00e8s avoir quitt\u00e9 l&rsquo;auberge de Las Hayas, et sa charmante f\u00e9e, en avant pour la derni\u00e8re \u00e9tape de cette ann\u00e9e ! Loin d&rsquo;\u00eatre la plus belle \u00e9tape ! \u00ab\u00a0Le\u00f3n sans Castille\u00a0\u00bb ou \u00ab\u00a0Castille sans Le\u00f3n\u00a0\u00bb 2 r\u00e9gions autonomes, ou une seule comme actuellement la r\u00e9gion de \u00ab\u00a0Castilla y Le\u00f3n\u00a0\u00bb ? Le\u00f3n approche &#8230;<\/p>\n","protected":false},"author":1,"featured_media":0,"comment_status":"open","ping_status":"open","sticky":false,"template":"","format":"standard","meta":{"_kad_post_transparent":"","_kad_post_title":"","_kad_post_layout":"","_kad_post_sidebar_id":"","_kad_post_content_style":"","_kad_post_vertical_padding":"","_kad_post_feature":"","_kad_post_feature_position":"","_kad_post_header":false,"_kad_post_footer":false,"_kad_post_classname":"","footnotes":""},"categories":[18],"tags":[],"class_list":["post-1838","post","type-post","status-publish","format-standard","hentry","category-compostelle"],"_links":{"self":[{"href":"http:\/\/www.vinceneux.fr\/Photoblog\/index.php?rest_route=\/wp\/v2\/posts\/1838","targetHints":{"allow":["GET"]}}],"collection":[{"href":"http:\/\/www.vinceneux.fr\/Photoblog\/index.php?rest_route=\/wp\/v2\/posts"}],"about":[{"href":"http:\/\/www.vinceneux.fr\/Photoblog\/index.php?rest_route=\/wp\/v2\/types\/post"}],"author":[{"embeddable":true,"href":"http:\/\/www.vinceneux.fr\/Photoblog\/index.php?rest_route=\/wp\/v2\/users\/1"}],"replies":[{"embeddable":true,"href":"http:\/\/www.vinceneux.fr\/Photoblog\/index.php?rest_route=%2Fwp%2Fv2%2Fcomments&post=1838"}],"version-history":[{"count":3,"href":"http:\/\/www.vinceneux.fr\/Photoblog\/index.php?rest_route=\/wp\/v2\/posts\/1838\/revisions"}],"predecessor-version":[{"id":1849,"href":"http:\/\/www.vinceneux.fr\/Photoblog\/index.php?rest_route=\/wp\/v2\/posts\/1838\/revisions\/1849"}],"wp:attachment":[{"href":"http:\/\/www.vinceneux.fr\/Photoblog\/index.php?rest_route=%2Fwp%2Fv2%2Fmedia&parent=1838"}],"wp:term":[{"taxonomy":"category","embeddable":true,"href":"http:\/\/www.vinceneux.fr\/Photoblog\/index.php?rest_route=%2Fwp%2Fv2%2Fcategories&post=1838"},{"taxonomy":"post_tag","embeddable":true,"href":"http:\/\/www.vinceneux.fr\/Photoblog\/index.php?rest_route=%2Fwp%2Fv2%2Ftags&post=1838"}],"curies":[{"name":"wp","href":"https:\/\/api.w.org\/{rel}","templated":true}]}}