{"id":1810,"date":"2023-11-04T09:14:51","date_gmt":"2023-11-04T08:14:51","guid":{"rendered":"http:\/\/vinceneux.fr\/Photoblog\/?p=1810"},"modified":"2023-11-04T09:19:53","modified_gmt":"2023-11-04T08:19:53","slug":"j25-29-san-nicolas-del-real-camino-a-calzadilla-de-los-hermanillos","status":"publish","type":"post","link":"http:\/\/www.vinceneux.fr\/Photoblog\/?p=1810","title":{"rendered":"J25\/29 San Nicolas del Real Camino \u00e0 Calzadilla de los Hermanillos"},"content":{"rendered":"\n<p>\u00c9tape qui passe par Sahagun qui est \u00e0 \u00e9gale distance de Roncesvalles et de Santiago de Compostela : la mi Camino Franc\u00e9s ! Sahagun avec de tr\u00e8s belles \u00e9glises malheureusement ferm\u00e9es le matin, quand j&rsquo;y suis pass\u00e9, tr\u00e8s dommage !<\/p>\n\n\n\n<p>Puis bifurcation par la variante de la Chauss\u00e9e Romaine en passant par Calzadilla de los Hermanillos  &#8230; et les nuages mena\u00e7ants se transforment en pluie !!!<\/p>\n\n\n\n<figure class=\"wp-block-image size-large\"><a href=\"http:\/\/vinceneux.fr\/Photoblog\/wp-content\/uploads\/2023\/11\/w_100_20230915084358.jpg\"><img loading=\"lazy\" decoding=\"async\" width=\"1024\" height=\"1024\" src=\"http:\/\/vinceneux.fr\/Photoblog\/wp-content\/uploads\/2023\/11\/w_100_20230915084358-1024x1024.jpg\" alt=\"\" class=\"wp-image-1811\" srcset=\"http:\/\/www.vinceneux.fr\/Photoblog\/wp-content\/uploads\/2023\/11\/w_100_20230915084358-1024x1024.jpg 1024w, http:\/\/www.vinceneux.fr\/Photoblog\/wp-content\/uploads\/2023\/11\/w_100_20230915084358-600x600.jpg 600w, http:\/\/www.vinceneux.fr\/Photoblog\/wp-content\/uploads\/2023\/11\/w_100_20230915084358-200x200.jpg 200w, http:\/\/www.vinceneux.fr\/Photoblog\/wp-content\/uploads\/2023\/11\/w_100_20230915084358-1536x1536.jpg 1536w, http:\/\/www.vinceneux.fr\/Photoblog\/wp-content\/uploads\/2023\/11\/w_100_20230915084358.jpg 1920w\" sizes=\"auto, (max-width: 1024px) 100vw, 1024px\" \/><\/a><\/figure>\n\n\n\n<p><\/p>\n\n\n\n<figure class=\"wp-block-image size-large\"><a href=\"http:\/\/vinceneux.fr\/Photoblog\/wp-content\/uploads\/2023\/11\/w_100_2023_Compostelle__9150905.jpg\"><img loading=\"lazy\" decoding=\"async\" width=\"1536\" height=\"1024\" src=\"http:\/\/vinceneux.fr\/Photoblog\/wp-content\/uploads\/2023\/11\/w_100_2023_Compostelle__9150905-1536x1024.jpg\" alt=\"\" class=\"wp-image-1812\" srcset=\"http:\/\/www.vinceneux.fr\/Photoblog\/wp-content\/uploads\/2023\/11\/w_100_2023_Compostelle__9150905-1536x1024.jpg 1536w, http:\/\/www.vinceneux.fr\/Photoblog\/wp-content\/uploads\/2023\/11\/w_100_2023_Compostelle__9150905-900x600.jpg 900w, http:\/\/www.vinceneux.fr\/Photoblog\/wp-content\/uploads\/2023\/11\/w_100_2023_Compostelle__9150905-300x200.jpg 300w, http:\/\/www.vinceneux.fr\/Photoblog\/wp-content\/uploads\/2023\/11\/w_100_2023_Compostelle__9150905.jpg 1920w\" sizes=\"auto, (max-width: 1536px) 100vw, 1536px\" \/><\/a><\/figure>\n\n\n\n<p class=\"has-text-align-center\">Sahagun : la mi-chemin du Camino Franc\u00e9s<\/p>\n\n\n\n<figure class=\"wp-block-image size-large\"><a href=\"http:\/\/vinceneux.fr\/Photoblog\/wp-content\/uploads\/2023\/11\/w_100_2023_Compostelle__9150891.jpg\"><img loading=\"lazy\" decoding=\"async\" width=\"1365\" height=\"1024\" src=\"http:\/\/vinceneux.fr\/Photoblog\/wp-content\/uploads\/2023\/11\/w_100_2023_Compostelle__9150891-1365x1024.jpg\" alt=\"\" class=\"wp-image-1813\" srcset=\"http:\/\/www.vinceneux.fr\/Photoblog\/wp-content\/uploads\/2023\/11\/w_100_2023_Compostelle__9150891-1365x1024.jpg 1365w, http:\/\/www.vinceneux.fr\/Photoblog\/wp-content\/uploads\/2023\/11\/w_100_2023_Compostelle__9150891-800x600.jpg 800w, http:\/\/www.vinceneux.fr\/Photoblog\/wp-content\/uploads\/2023\/11\/w_100_2023_Compostelle__9150891-267x200.jpg 267w, http:\/\/www.vinceneux.fr\/Photoblog\/wp-content\/uploads\/2023\/11\/w_100_2023_Compostelle__9150891-1536x1152.jpg 1536w, http:\/\/www.vinceneux.fr\/Photoblog\/wp-content\/uploads\/2023\/11\/w_100_2023_Compostelle__9150891.jpg 1920w\" sizes=\"auto, (max-width: 1365px) 100vw, 1365px\" \/><\/a><\/figure>\n\n\n\n<p class=\"has-text-align-center\">\u00c9glise de Sahagun<\/p>\n\n\n\n<figure class=\"wp-block-image size-large\"><a href=\"http:\/\/vinceneux.fr\/Photoblog\/wp-content\/uploads\/2023\/11\/w_100_2023_Compostelle__9150900-Panorama.jpg\"><img loading=\"lazy\" decoding=\"async\" width=\"768\" height=\"1024\" src=\"http:\/\/vinceneux.fr\/Photoblog\/wp-content\/uploads\/2023\/11\/w_100_2023_Compostelle__9150900-Panorama-768x1024.jpg\" alt=\"\" class=\"wp-image-1814\" srcset=\"http:\/\/www.vinceneux.fr\/Photoblog\/wp-content\/uploads\/2023\/11\/w_100_2023_Compostelle__9150900-Panorama-768x1024.jpg 768w, http:\/\/www.vinceneux.fr\/Photoblog\/wp-content\/uploads\/2023\/11\/w_100_2023_Compostelle__9150900-Panorama-450x600.jpg 450w, http:\/\/www.vinceneux.fr\/Photoblog\/wp-content\/uploads\/2023\/11\/w_100_2023_Compostelle__9150900-Panorama-150x200.jpg 150w, http:\/\/www.vinceneux.fr\/Photoblog\/wp-content\/uploads\/2023\/11\/w_100_2023_Compostelle__9150900-Panorama-1152x1536.jpg 1152w, http:\/\/www.vinceneux.fr\/Photoblog\/wp-content\/uploads\/2023\/11\/w_100_2023_Compostelle__9150900-Panorama.jpg 1440w\" sizes=\"auto, (max-width: 768px) 100vw, 768px\" \/><\/a><\/figure>\n\n\n\n<p class=\"has-text-align-center\">\u00c9glise Romane<\/p>\n\n\n\n<figure class=\"wp-block-image size-large\"><a href=\"http:\/\/vinceneux.fr\/Photoblog\/wp-content\/uploads\/2023\/11\/w_100_2023_Compostelle__9150898.jpg\"><img loading=\"lazy\" decoding=\"async\" width=\"1024\" height=\"1024\" src=\"http:\/\/vinceneux.fr\/Photoblog\/wp-content\/uploads\/2023\/11\/w_100_2023_Compostelle__9150898-1024x1024.jpg\" alt=\"\" class=\"wp-image-1815\" srcset=\"http:\/\/www.vinceneux.fr\/Photoblog\/wp-content\/uploads\/2023\/11\/w_100_2023_Compostelle__9150898-1024x1024.jpg 1024w, http:\/\/www.vinceneux.fr\/Photoblog\/wp-content\/uploads\/2023\/11\/w_100_2023_Compostelle__9150898-600x600.jpg 600w, http:\/\/www.vinceneux.fr\/Photoblog\/wp-content\/uploads\/2023\/11\/w_100_2023_Compostelle__9150898-200x200.jpg 200w, http:\/\/www.vinceneux.fr\/Photoblog\/wp-content\/uploads\/2023\/11\/w_100_2023_Compostelle__9150898-1536x1536.jpg 1536w, http:\/\/www.vinceneux.fr\/Photoblog\/wp-content\/uploads\/2023\/11\/w_100_2023_Compostelle__9150898.jpg 1920w\" sizes=\"auto, (max-width: 1024px) 100vw, 1024px\" \/><\/a><\/figure>\n\n\n\n<p class=\"has-text-align-center\">Les p\u00e9nitents<\/p>\n\n\n\n<figure class=\"wp-block-image size-large\"><a href=\"http:\/\/vinceneux.fr\/Photoblog\/wp-content\/uploads\/2023\/11\/w_100_2023_Compostelle__9150904.jpg\"><img loading=\"lazy\" decoding=\"async\" width=\"1202\" height=\"1024\" src=\"http:\/\/vinceneux.fr\/Photoblog\/wp-content\/uploads\/2023\/11\/w_100_2023_Compostelle__9150904-1202x1024.jpg\" alt=\"\" class=\"wp-image-1819\" srcset=\"http:\/\/www.vinceneux.fr\/Photoblog\/wp-content\/uploads\/2023\/11\/w_100_2023_Compostelle__9150904-1202x1024.jpg 1202w, http:\/\/www.vinceneux.fr\/Photoblog\/wp-content\/uploads\/2023\/11\/w_100_2023_Compostelle__9150904-705x600.jpg 705w, http:\/\/www.vinceneux.fr\/Photoblog\/wp-content\/uploads\/2023\/11\/w_100_2023_Compostelle__9150904-235x200.jpg 235w, http:\/\/www.vinceneux.fr\/Photoblog\/wp-content\/uploads\/2023\/11\/w_100_2023_Compostelle__9150904-1536x1308.jpg 1536w, http:\/\/www.vinceneux.fr\/Photoblog\/wp-content\/uploads\/2023\/11\/w_100_2023_Compostelle__9150904.jpg 1920w\" sizes=\"auto, (max-width: 1202px) 100vw, 1202px\" \/><\/a><\/figure>\n\n\n\n<p class=\"has-text-align-center\">Porte de la ville \u00e0 Sahagun<\/p>\n\n\n\n<figure class=\"wp-block-image size-large\"><img loading=\"lazy\" decoding=\"async\" width=\"1024\" height=\"1024\" src=\"http:\/\/vinceneux.fr\/Photoblog\/wp-content\/uploads\/2023\/11\/w_100_2023_Compostelle__9150909-1024x1024.jpg\" alt=\"\" class=\"wp-image-1820\" srcset=\"http:\/\/www.vinceneux.fr\/Photoblog\/wp-content\/uploads\/2023\/11\/w_100_2023_Compostelle__9150909-1024x1024.jpg 1024w, http:\/\/www.vinceneux.fr\/Photoblog\/wp-content\/uploads\/2023\/11\/w_100_2023_Compostelle__9150909-600x600.jpg 600w, http:\/\/www.vinceneux.fr\/Photoblog\/wp-content\/uploads\/2023\/11\/w_100_2023_Compostelle__9150909-200x200.jpg 200w, http:\/\/www.vinceneux.fr\/Photoblog\/wp-content\/uploads\/2023\/11\/w_100_2023_Compostelle__9150909-1536x1536.jpg 1536w, http:\/\/www.vinceneux.fr\/Photoblog\/wp-content\/uploads\/2023\/11\/w_100_2023_Compostelle__9150909.jpg 1920w\" sizes=\"auto, (max-width: 1024px) 100vw, 1024px\" \/><\/figure>\n\n\n\n<p class=\"has-text-align-center\">Certains ont un \u00e2ne pour porter leurs bagages&#8230;<\/p>\n\n\n\n<p class=\"has-text-align-center\">Et certains p\u00e8lerins tirent leur charriot comme un \u00e2ne :                                                  \u00ab\u00a0El burrito del carrito, soy Yo\u00a0\u00bb<\/p>\n\n\n\n<figure class=\"wp-block-image size-large\"><img loading=\"lazy\" decoding=\"async\" width=\"1536\" height=\"1024\" src=\"http:\/\/vinceneux.fr\/Photoblog\/wp-content\/uploads\/2023\/11\/w_100_2023_sans-titre_20230915_124811-1536x1024.jpg\" alt=\"\" class=\"wp-image-1822\" srcset=\"http:\/\/www.vinceneux.fr\/Photoblog\/wp-content\/uploads\/2023\/11\/w_100_2023_sans-titre_20230915_124811-1536x1024.jpg 1536w, http:\/\/www.vinceneux.fr\/Photoblog\/wp-content\/uploads\/2023\/11\/w_100_2023_sans-titre_20230915_124811-900x600.jpg 900w, http:\/\/www.vinceneux.fr\/Photoblog\/wp-content\/uploads\/2023\/11\/w_100_2023_sans-titre_20230915_124811-300x200.jpg 300w, http:\/\/www.vinceneux.fr\/Photoblog\/wp-content\/uploads\/2023\/11\/w_100_2023_sans-titre_20230915_124811.jpg 1920w\" sizes=\"auto, (max-width: 1536px) 100vw, 1536px\" \/><\/figure>\n\n\n\n<p>Quand on arrive tremp\u00e9 sous l&rsquo;averse, c&rsquo;est un plaisir immense de trouver l&rsquo;auberge !<\/p>\n\n\n\n<figure class=\"wp-block-image size-large\"><img loading=\"lazy\" decoding=\"async\" width=\"1536\" height=\"1024\" src=\"http:\/\/vinceneux.fr\/Photoblog\/wp-content\/uploads\/2023\/11\/w_100_20230915124707-1-1536x1024.jpg\" alt=\"\" class=\"wp-image-1823\" srcset=\"http:\/\/www.vinceneux.fr\/Photoblog\/wp-content\/uploads\/2023\/11\/w_100_20230915124707-1-1536x1024.jpg 1536w, http:\/\/www.vinceneux.fr\/Photoblog\/wp-content\/uploads\/2023\/11\/w_100_20230915124707-1-900x600.jpg 900w, http:\/\/www.vinceneux.fr\/Photoblog\/wp-content\/uploads\/2023\/11\/w_100_20230915124707-1-300x200.jpg 300w, http:\/\/www.vinceneux.fr\/Photoblog\/wp-content\/uploads\/2023\/11\/w_100_20230915124707-1.jpg 1920w\" sizes=\"auto, (max-width: 1536px) 100vw, 1536px\" \/><\/figure>\n","protected":false},"excerpt":{"rendered":"<p>\u00c9tape qui passe par Sahagun qui est \u00e0 \u00e9gale distance de Roncesvalles et de Santiago de Compostela : la mi Camino Franc\u00e9s ! Sahagun avec de tr\u00e8s belles \u00e9glises malheureusement ferm\u00e9es le matin, quand j&rsquo;y suis pass\u00e9, tr\u00e8s dommage ! Puis bifurcation par la variante de la Chauss\u00e9e Romaine en passant par Calzadilla de los&#8230;<\/p>\n","protected":false},"author":1,"featured_media":0,"comment_status":"open","ping_status":"open","sticky":false,"template":"","format":"standard","meta":{"_kad_post_transparent":"","_kad_post_title":"","_kad_post_layout":"","_kad_post_sidebar_id":"","_kad_post_content_style":"","_kad_post_vertical_padding":"","_kad_post_feature":"","_kad_post_feature_position":"","_kad_post_header":false,"_kad_post_footer":false,"_kad_post_classname":"","footnotes":""},"categories":[18],"tags":[],"class_list":["post-1810","post","type-post","status-publish","format-standard","hentry","category-compostelle"],"_links":{"self":[{"href":"http:\/\/www.vinceneux.fr\/Photoblog\/index.php?rest_route=\/wp\/v2\/posts\/1810","targetHints":{"allow":["GET"]}}],"collection":[{"href":"http:\/\/www.vinceneux.fr\/Photoblog\/index.php?rest_route=\/wp\/v2\/posts"}],"about":[{"href":"http:\/\/www.vinceneux.fr\/Photoblog\/index.php?rest_route=\/wp\/v2\/types\/post"}],"author":[{"embeddable":true,"href":"http:\/\/www.vinceneux.fr\/Photoblog\/index.php?rest_route=\/wp\/v2\/users\/1"}],"replies":[{"embeddable":true,"href":"http:\/\/www.vinceneux.fr\/Photoblog\/index.php?rest_route=%2Fwp%2Fv2%2Fcomments&post=1810"}],"version-history":[{"count":3,"href":"http:\/\/www.vinceneux.fr\/Photoblog\/index.php?rest_route=\/wp\/v2\/posts\/1810\/revisions"}],"predecessor-version":[{"id":1826,"href":"http:\/\/www.vinceneux.fr\/Photoblog\/index.php?rest_route=\/wp\/v2\/posts\/1810\/revisions\/1826"}],"wp:attachment":[{"href":"http:\/\/www.vinceneux.fr\/Photoblog\/index.php?rest_route=%2Fwp%2Fv2%2Fmedia&parent=1810"}],"wp:term":[{"taxonomy":"category","embeddable":true,"href":"http:\/\/www.vinceneux.fr\/Photoblog\/index.php?rest_route=%2Fwp%2Fv2%2Fcategories&post=1810"},{"taxonomy":"post_tag","embeddable":true,"href":"http:\/\/www.vinceneux.fr\/Photoblog\/index.php?rest_route=%2Fwp%2Fv2%2Ftags&post=1810"}],"curies":[{"name":"wp","href":"https:\/\/api.w.org\/{rel}","templated":true}]}}