{"id":1722,"date":"2023-10-28T18:10:58","date_gmt":"2023-10-28T16:10:58","guid":{"rendered":"http:\/\/vinceneux.fr\/Photoblog\/?p=1722"},"modified":"2023-10-29T11:56:43","modified_gmt":"2023-10-29T10:56:43","slug":"j18-25-burgos","status":"publish","type":"post","link":"http:\/\/www.vinceneux.fr\/Photoblog\/?p=1722","title":{"rendered":"J18\/29 Burgos"},"content":{"rendered":"\n<p>Journ\u00e9e de repos et tourisme \u00e0 Burgos qui  le m\u00e9rite bien : Cath\u00e9drale sculpt\u00e9e de partout  (dommage que les stalles du ch\u0153ur occupent la nef et emp\u00eachent d&rsquo;en appr\u00e9cier son ampleur. D&rsquo;autres \u00e9glises, un vieux quartier, des sculptures \u00e0 taille humaine dans plusieurs rues. <\/p>\n\n\n\n<figure class=\"wp-block-image size-large\"><a href=\"http:\/\/vinceneux.fr\/Photoblog\/wp-content\/uploads\/2023\/10\/w_100_2023_Compostelle__9080644-Panorama.jpg\"><img loading=\"lazy\" decoding=\"async\" width=\"898\" height=\"1024\" src=\"http:\/\/vinceneux.fr\/Photoblog\/wp-content\/uploads\/2023\/10\/w_100_2023_Compostelle__9080644-Panorama-898x1024.jpg\" alt=\"\" class=\"wp-image-1723\" srcset=\"http:\/\/www.vinceneux.fr\/Photoblog\/wp-content\/uploads\/2023\/10\/w_100_2023_Compostelle__9080644-Panorama-898x1024.jpg 898w, http:\/\/www.vinceneux.fr\/Photoblog\/wp-content\/uploads\/2023\/10\/w_100_2023_Compostelle__9080644-Panorama-526x600.jpg 526w, http:\/\/www.vinceneux.fr\/Photoblog\/wp-content\/uploads\/2023\/10\/w_100_2023_Compostelle__9080644-Panorama-175x200.jpg 175w, http:\/\/www.vinceneux.fr\/Photoblog\/wp-content\/uploads\/2023\/10\/w_100_2023_Compostelle__9080644-Panorama-1346x1536.jpg 1346w, http:\/\/www.vinceneux.fr\/Photoblog\/wp-content\/uploads\/2023\/10\/w_100_2023_Compostelle__9080644-Panorama.jpg 1683w\" sizes=\"auto, (max-width: 898px) 100vw, 898px\" \/><\/a><\/figure>\n\n\n\n<p class=\"has-text-align-center\">La Cath\u00e9drale de Burgos inscrite au patrimoine de l&rsquo;Unesco<\/p>\n\n\n\n<figure class=\"wp-block-image size-large\"><a href=\"http:\/\/vinceneux.fr\/Photoblog\/wp-content\/uploads\/2023\/10\/w_100_2023_Compostelle__9070605.jpg\"><img loading=\"lazy\" decoding=\"async\" width=\"1365\" height=\"1024\" src=\"http:\/\/vinceneux.fr\/Photoblog\/wp-content\/uploads\/2023\/10\/w_100_2023_Compostelle__9070605-1365x1024.jpg\" alt=\"\" class=\"wp-image-1724\" srcset=\"http:\/\/www.vinceneux.fr\/Photoblog\/wp-content\/uploads\/2023\/10\/w_100_2023_Compostelle__9070605-1365x1024.jpg 1365w, http:\/\/www.vinceneux.fr\/Photoblog\/wp-content\/uploads\/2023\/10\/w_100_2023_Compostelle__9070605-800x600.jpg 800w, http:\/\/www.vinceneux.fr\/Photoblog\/wp-content\/uploads\/2023\/10\/w_100_2023_Compostelle__9070605-267x200.jpg 267w, http:\/\/www.vinceneux.fr\/Photoblog\/wp-content\/uploads\/2023\/10\/w_100_2023_Compostelle__9070605-1536x1152.jpg 1536w, http:\/\/www.vinceneux.fr\/Photoblog\/wp-content\/uploads\/2023\/10\/w_100_2023_Compostelle__9070605.jpg 1920w\" sizes=\"auto, (max-width: 1365px) 100vw, 1365px\" \/><\/a><\/figure>\n\n\n\n<p class=\"has-text-align-center\">Le \u00ab\u00a0tout sculpt\u00e9\u00a0\u00bb de la Cath\u00e9drale<\/p>\n\n\n\n<figure class=\"wp-block-image size-large\"><a href=\"http:\/\/vinceneux.fr\/Photoblog\/wp-content\/uploads\/2023\/10\/w_100_2023_Compostelle__9070609.jpg\"><img loading=\"lazy\" decoding=\"async\" width=\"1365\" height=\"1024\" src=\"http:\/\/vinceneux.fr\/Photoblog\/wp-content\/uploads\/2023\/10\/w_100_2023_Compostelle__9070609-1365x1024.jpg\" alt=\"\" class=\"wp-image-1725\" srcset=\"http:\/\/www.vinceneux.fr\/Photoblog\/wp-content\/uploads\/2023\/10\/w_100_2023_Compostelle__9070609-1365x1024.jpg 1365w, http:\/\/www.vinceneux.fr\/Photoblog\/wp-content\/uploads\/2023\/10\/w_100_2023_Compostelle__9070609-800x600.jpg 800w, http:\/\/www.vinceneux.fr\/Photoblog\/wp-content\/uploads\/2023\/10\/w_100_2023_Compostelle__9070609-267x200.jpg 267w, http:\/\/www.vinceneux.fr\/Photoblog\/wp-content\/uploads\/2023\/10\/w_100_2023_Compostelle__9070609-1536x1152.jpg 1536w, http:\/\/www.vinceneux.fr\/Photoblog\/wp-content\/uploads\/2023\/10\/w_100_2023_Compostelle__9070609.jpg 1920w\" sizes=\"auto, (max-width: 1365px) 100vw, 1365px\" \/><\/a><\/figure>\n\n\n\n<p><\/p>\n\n\n\n<figure class=\"wp-block-image size-large\"><a href=\"http:\/\/vinceneux.fr\/Photoblog\/wp-content\/uploads\/2023\/10\/w_100_2023_Compostelle__9080646.jpg\"><img loading=\"lazy\" decoding=\"async\" width=\"1356\" height=\"1024\" src=\"http:\/\/vinceneux.fr\/Photoblog\/wp-content\/uploads\/2023\/10\/w_100_2023_Compostelle__9080646-1356x1024.jpg\" alt=\"\" class=\"wp-image-1726\" srcset=\"http:\/\/www.vinceneux.fr\/Photoblog\/wp-content\/uploads\/2023\/10\/w_100_2023_Compostelle__9080646-1356x1024.jpg 1356w, http:\/\/www.vinceneux.fr\/Photoblog\/wp-content\/uploads\/2023\/10\/w_100_2023_Compostelle__9080646-794x600.jpg 794w, http:\/\/www.vinceneux.fr\/Photoblog\/wp-content\/uploads\/2023\/10\/w_100_2023_Compostelle__9080646-265x200.jpg 265w, http:\/\/www.vinceneux.fr\/Photoblog\/wp-content\/uploads\/2023\/10\/w_100_2023_Compostelle__9080646-1536x1160.jpg 1536w, http:\/\/www.vinceneux.fr\/Photoblog\/wp-content\/uploads\/2023\/10\/w_100_2023_Compostelle__9080646.jpg 1920w\" sizes=\"auto, (max-width: 1356px) 100vw, 1356px\" \/><\/a><\/figure>\n\n\n\n<p class=\"has-text-align-center\">Le tympan : la BD de l&rsquo;\u00e9poque<\/p>\n\n\n\n<figure class=\"wp-block-image size-large\"><a href=\"http:\/\/vinceneux.fr\/Photoblog\/wp-content\/uploads\/2023\/10\/w_100_2023_Compostelle__9080620.jpg\"><img loading=\"lazy\" decoding=\"async\" width=\"1365\" height=\"1024\" src=\"http:\/\/vinceneux.fr\/Photoblog\/wp-content\/uploads\/2023\/10\/w_100_2023_Compostelle__9080620-1365x1024.jpg\" alt=\"\" class=\"wp-image-1727\" srcset=\"http:\/\/www.vinceneux.fr\/Photoblog\/wp-content\/uploads\/2023\/10\/w_100_2023_Compostelle__9080620-1365x1024.jpg 1365w, http:\/\/www.vinceneux.fr\/Photoblog\/wp-content\/uploads\/2023\/10\/w_100_2023_Compostelle__9080620-800x600.jpg 800w, http:\/\/www.vinceneux.fr\/Photoblog\/wp-content\/uploads\/2023\/10\/w_100_2023_Compostelle__9080620-267x200.jpg 267w, http:\/\/www.vinceneux.fr\/Photoblog\/wp-content\/uploads\/2023\/10\/w_100_2023_Compostelle__9080620-1536x1152.jpg 1536w, http:\/\/www.vinceneux.fr\/Photoblog\/wp-content\/uploads\/2023\/10\/w_100_2023_Compostelle__9080620.jpg 1920w\" sizes=\"auto, (max-width: 1365px) 100vw, 1365px\" \/><\/a><\/figure>\n\n\n\n<p class=\"has-text-align-center\">La m\u00e9diath\u00e8que de Burgos : alliance des architectures contemporaine et historique<\/p>\n\n\n\n<figure class=\"wp-block-image size-large\"><a href=\"http:\/\/vinceneux.fr\/Photoblog\/wp-content\/uploads\/2023\/10\/w_100_2023_Compostelle__9080671.jpg\"><img loading=\"lazy\" decoding=\"async\" width=\"768\" height=\"1024\" src=\"http:\/\/vinceneux.fr\/Photoblog\/wp-content\/uploads\/2023\/10\/w_100_2023_Compostelle__9080671-768x1024.jpg\" alt=\"\" class=\"wp-image-1728\" srcset=\"http:\/\/www.vinceneux.fr\/Photoblog\/wp-content\/uploads\/2023\/10\/w_100_2023_Compostelle__9080671-768x1024.jpg 768w, http:\/\/www.vinceneux.fr\/Photoblog\/wp-content\/uploads\/2023\/10\/w_100_2023_Compostelle__9080671-450x600.jpg 450w, http:\/\/www.vinceneux.fr\/Photoblog\/wp-content\/uploads\/2023\/10\/w_100_2023_Compostelle__9080671-150x200.jpg 150w, http:\/\/www.vinceneux.fr\/Photoblog\/wp-content\/uploads\/2023\/10\/w_100_2023_Compostelle__9080671-1152x1536.jpg 1152w, http:\/\/www.vinceneux.fr\/Photoblog\/wp-content\/uploads\/2023\/10\/w_100_2023_Compostelle__9080671.jpg 1440w\" sizes=\"auto, (max-width: 768px) 100vw, 768px\" \/><\/a><\/figure>\n\n\n\n<p class=\"has-text-align-center\">Autoportrait en reflet<\/p>\n\n\n\n<figure class=\"wp-block-image size-large\"><a href=\"http:\/\/vinceneux.fr\/Photoblog\/wp-content\/uploads\/2023\/10\/w_100_2023_Compostelle__9080664.jpg\"><img loading=\"lazy\" decoding=\"async\" width=\"768\" height=\"1024\" src=\"http:\/\/vinceneux.fr\/Photoblog\/wp-content\/uploads\/2023\/10\/w_100_2023_Compostelle__9080664-768x1024.jpg\" alt=\"\" class=\"wp-image-1729\" srcset=\"http:\/\/www.vinceneux.fr\/Photoblog\/wp-content\/uploads\/2023\/10\/w_100_2023_Compostelle__9080664-768x1024.jpg 768w, http:\/\/www.vinceneux.fr\/Photoblog\/wp-content\/uploads\/2023\/10\/w_100_2023_Compostelle__9080664-450x600.jpg 450w, http:\/\/www.vinceneux.fr\/Photoblog\/wp-content\/uploads\/2023\/10\/w_100_2023_Compostelle__9080664-150x200.jpg 150w, http:\/\/www.vinceneux.fr\/Photoblog\/wp-content\/uploads\/2023\/10\/w_100_2023_Compostelle__9080664-1152x1536.jpg 1152w, http:\/\/www.vinceneux.fr\/Photoblog\/wp-content\/uploads\/2023\/10\/w_100_2023_Compostelle__9080664.jpg 1440w\" sizes=\"auto, (max-width: 768px) 100vw, 768px\" \/><\/a><\/figure>\n\n\n\n<p><\/p>\n\n\n\n<figure class=\"wp-block-image size-large\"><a href=\"http:\/\/vinceneux.fr\/Photoblog\/wp-content\/uploads\/2023\/10\/w_100_2023_Compostelle__9080684.jpg\"><img loading=\"lazy\" decoding=\"async\" width=\"1536\" height=\"1024\" src=\"http:\/\/vinceneux.fr\/Photoblog\/wp-content\/uploads\/2023\/10\/w_100_2023_Compostelle__9080684-1536x1024.jpg\" alt=\"\" class=\"wp-image-1730\" srcset=\"http:\/\/www.vinceneux.fr\/Photoblog\/wp-content\/uploads\/2023\/10\/w_100_2023_Compostelle__9080684-1536x1024.jpg 1536w, http:\/\/www.vinceneux.fr\/Photoblog\/wp-content\/uploads\/2023\/10\/w_100_2023_Compostelle__9080684-900x600.jpg 900w, http:\/\/www.vinceneux.fr\/Photoblog\/wp-content\/uploads\/2023\/10\/w_100_2023_Compostelle__9080684-300x200.jpg 300w, http:\/\/www.vinceneux.fr\/Photoblog\/wp-content\/uploads\/2023\/10\/w_100_2023_Compostelle__9080684.jpg 1920w\" sizes=\"auto, (max-width: 1536px) 100vw, 1536px\" \/><\/a><\/figure>\n\n\n\n<p class=\"has-text-align-center\">Partie de l&rsquo;immense retable de l&rsquo;\u00e9glise St Nicolas de Burgos<\/p>\n\n\n\n<figure class=\"wp-block-image size-large\"><a href=\"http:\/\/vinceneux.fr\/Photoblog\/wp-content\/uploads\/2023\/10\/w_100_2023_Compostelle__9080685.jpg\"><img loading=\"lazy\" decoding=\"async\" width=\"1024\" height=\"1024\" src=\"http:\/\/vinceneux.fr\/Photoblog\/wp-content\/uploads\/2023\/10\/w_100_2023_Compostelle__9080685-1024x1024.jpg\" alt=\"\" class=\"wp-image-1731\" srcset=\"http:\/\/www.vinceneux.fr\/Photoblog\/wp-content\/uploads\/2023\/10\/w_100_2023_Compostelle__9080685-1024x1024.jpg 1024w, http:\/\/www.vinceneux.fr\/Photoblog\/wp-content\/uploads\/2023\/10\/w_100_2023_Compostelle__9080685-600x600.jpg 600w, http:\/\/www.vinceneux.fr\/Photoblog\/wp-content\/uploads\/2023\/10\/w_100_2023_Compostelle__9080685-200x200.jpg 200w, http:\/\/www.vinceneux.fr\/Photoblog\/wp-content\/uploads\/2023\/10\/w_100_2023_Compostelle__9080685-1536x1536.jpg 1536w, http:\/\/www.vinceneux.fr\/Photoblog\/wp-content\/uploads\/2023\/10\/w_100_2023_Compostelle__9080685.jpg 1920w\" sizes=\"auto, (max-width: 1024px) 100vw, 1024px\" \/><\/a><\/figure>\n\n\n\n<p class=\"has-text-align-center\">D\u00e9tail du retable : St Nicolas<\/p>\n\n\n\n<figure class=\"wp-block-image size-large\"><img loading=\"lazy\" decoding=\"async\" width=\"1024\" height=\"1024\" src=\"http:\/\/vinceneux.fr\/Photoblog\/wp-content\/uploads\/2023\/10\/w_100_2023_Compostelle__9080655-1024x1024.jpg\" alt=\"\" class=\"wp-image-1734\" srcset=\"http:\/\/www.vinceneux.fr\/Photoblog\/wp-content\/uploads\/2023\/10\/w_100_2023_Compostelle__9080655-1024x1024.jpg 1024w, http:\/\/www.vinceneux.fr\/Photoblog\/wp-content\/uploads\/2023\/10\/w_100_2023_Compostelle__9080655-600x600.jpg 600w, http:\/\/www.vinceneux.fr\/Photoblog\/wp-content\/uploads\/2023\/10\/w_100_2023_Compostelle__9080655-200x200.jpg 200w, http:\/\/www.vinceneux.fr\/Photoblog\/wp-content\/uploads\/2023\/10\/w_100_2023_Compostelle__9080655-1536x1536.jpg 1536w, http:\/\/www.vinceneux.fr\/Photoblog\/wp-content\/uploads\/2023\/10\/w_100_2023_Compostelle__9080655.jpg 1920w\" sizes=\"auto, (max-width: 1024px) 100vw, 1024px\" \/><\/figure>\n\n\n\n<p><\/p>\n\n\n\n<figure class=\"wp-block-image size-large\"><img loading=\"lazy\" decoding=\"async\" width=\"1536\" height=\"1024\" src=\"http:\/\/vinceneux.fr\/Photoblog\/wp-content\/uploads\/2023\/10\/w_100_2023_Compostelle__9080661-1536x1024.jpg\" alt=\"\" class=\"wp-image-1735\" srcset=\"http:\/\/www.vinceneux.fr\/Photoblog\/wp-content\/uploads\/2023\/10\/w_100_2023_Compostelle__9080661-1536x1024.jpg 1536w, http:\/\/www.vinceneux.fr\/Photoblog\/wp-content\/uploads\/2023\/10\/w_100_2023_Compostelle__9080661-900x600.jpg 900w, http:\/\/www.vinceneux.fr\/Photoblog\/wp-content\/uploads\/2023\/10\/w_100_2023_Compostelle__9080661-300x200.jpg 300w, http:\/\/www.vinceneux.fr\/Photoblog\/wp-content\/uploads\/2023\/10\/w_100_2023_Compostelle__9080661.jpg 1920w\" sizes=\"auto, (max-width: 1536px) 100vw, 1536px\" \/><\/figure>\n\n\n\n<p class=\"has-text-align-center\">Que regarde-t-elle ?<\/p>\n","protected":false},"excerpt":{"rendered":"<p>Journ\u00e9e de repos et tourisme \u00e0 Burgos qui le m\u00e9rite bien : Cath\u00e9drale sculpt\u00e9e de partout (dommage que les stalles du ch\u0153ur occupent la nef et emp\u00eachent d&rsquo;en appr\u00e9cier son ampleur. D&rsquo;autres \u00e9glises, un vieux quartier, des sculptures \u00e0 taille humaine dans plusieurs rues. La Cath\u00e9drale de Burgos inscrite au patrimoine de l&rsquo;Unesco Le \u00ab\u00a0tout&#8230;<\/p>\n","protected":false},"author":1,"featured_media":0,"comment_status":"open","ping_status":"open","sticky":false,"template":"","format":"standard","meta":{"_kad_post_transparent":"","_kad_post_title":"","_kad_post_layout":"","_kad_post_sidebar_id":"","_kad_post_content_style":"","_kad_post_vertical_padding":"","_kad_post_feature":"","_kad_post_feature_position":"","_kad_post_header":false,"_kad_post_footer":false,"_kad_post_classname":"","footnotes":""},"categories":[18],"tags":[],"class_list":["post-1722","post","type-post","status-publish","format-standard","hentry","category-compostelle"],"_links":{"self":[{"href":"http:\/\/www.vinceneux.fr\/Photoblog\/index.php?rest_route=\/wp\/v2\/posts\/1722","targetHints":{"allow":["GET"]}}],"collection":[{"href":"http:\/\/www.vinceneux.fr\/Photoblog\/index.php?rest_route=\/wp\/v2\/posts"}],"about":[{"href":"http:\/\/www.vinceneux.fr\/Photoblog\/index.php?rest_route=\/wp\/v2\/types\/post"}],"author":[{"embeddable":true,"href":"http:\/\/www.vinceneux.fr\/Photoblog\/index.php?rest_route=\/wp\/v2\/users\/1"}],"replies":[{"embeddable":true,"href":"http:\/\/www.vinceneux.fr\/Photoblog\/index.php?rest_route=%2Fwp%2Fv2%2Fcomments&post=1722"}],"version-history":[{"count":3,"href":"http:\/\/www.vinceneux.fr\/Photoblog\/index.php?rest_route=\/wp\/v2\/posts\/1722\/revisions"}],"predecessor-version":[{"id":1743,"href":"http:\/\/www.vinceneux.fr\/Photoblog\/index.php?rest_route=\/wp\/v2\/posts\/1722\/revisions\/1743"}],"wp:attachment":[{"href":"http:\/\/www.vinceneux.fr\/Photoblog\/index.php?rest_route=%2Fwp%2Fv2%2Fmedia&parent=1722"}],"wp:term":[{"taxonomy":"category","embeddable":true,"href":"http:\/\/www.vinceneux.fr\/Photoblog\/index.php?rest_route=%2Fwp%2Fv2%2Fcategories&post=1722"},{"taxonomy":"post_tag","embeddable":true,"href":"http:\/\/www.vinceneux.fr\/Photoblog\/index.php?rest_route=%2Fwp%2Fv2%2Ftags&post=1722"}],"curies":[{"name":"wp","href":"https:\/\/api.w.org\/{rel}","templated":true}]}}