{"id":1627,"date":"2023-10-09T11:34:50","date_gmt":"2023-10-09T09:34:50","guid":{"rendered":"http:\/\/vinceneux.fr\/Photoblog\/?p=1627"},"modified":"2023-10-29T11:59:07","modified_gmt":"2023-10-29T10:59:07","slug":"j9-25-los-arcos-a-viana","status":"publish","type":"post","link":"http:\/\/www.vinceneux.fr\/Photoblog\/?p=1627","title":{"rendered":"J9\/29 Los Arcos \u00e0 Viana"},"content":{"rendered":"\n<p>\u00c9tape marqu\u00e9e par un \u00e9v\u00e8nement, comme on en voit sur le Camino : Au Bar buvette de la Casita Lucia (voir photo ci-dessous), la musique jouait un All\u00e9luia (en espagnol de L\u00e9onard Cohen), quand une p\u00e8lerine demanda si personne n&rsquo;avait perdu un chapeau qu&rsquo;elle avait ramass\u00e9 sur le chemin&#8230; C&rsquo;\u00e9tait le mien ! et l&rsquo;All\u00e9luia continuait  de s&rsquo;entendre !!!&#8230;<\/p>\n\n\n\n<figure class=\"wp-block-image size-large\"><a href=\"http:\/\/vinceneux.fr\/Photoblog\/wp-content\/uploads\/2023\/10\/w_100_2023_Compostelle__8300266-Panorama.jpg\"><img loading=\"lazy\" decoding=\"async\" width=\"710\" height=\"1024\" src=\"http:\/\/vinceneux.fr\/Photoblog\/wp-content\/uploads\/2023\/10\/w_100_2023_Compostelle__8300266-Panorama-710x1024.jpg\" alt=\"\" class=\"wp-image-1628\" srcset=\"http:\/\/www.vinceneux.fr\/Photoblog\/wp-content\/uploads\/2023\/10\/w_100_2023_Compostelle__8300266-Panorama-710x1024.jpg 710w, http:\/\/www.vinceneux.fr\/Photoblog\/wp-content\/uploads\/2023\/10\/w_100_2023_Compostelle__8300266-Panorama-416x600.jpg 416w, http:\/\/www.vinceneux.fr\/Photoblog\/wp-content\/uploads\/2023\/10\/w_100_2023_Compostelle__8300266-Panorama-139x200.jpg 139w, http:\/\/www.vinceneux.fr\/Photoblog\/wp-content\/uploads\/2023\/10\/w_100_2023_Compostelle__8300266-Panorama-1066x1536.jpg 1066w, http:\/\/www.vinceneux.fr\/Photoblog\/wp-content\/uploads\/2023\/10\/w_100_2023_Compostelle__8300266-Panorama.jpg 1332w\" sizes=\"auto, (max-width: 710px) 100vw, 710px\" \/><\/a><\/figure>\n\n\n\n<p class=\"has-text-align-center\">\u00c9glise de Sansol : Romane de forme octogonale<\/p>\n\n\n\n<figure class=\"wp-block-image size-large\"><a href=\"http:\/\/vinceneux.fr\/Photoblog\/wp-content\/uploads\/2023\/10\/w_100_2023_Compostelle__8300287.jpg\"><img loading=\"lazy\" decoding=\"async\" width=\"1536\" height=\"1024\" src=\"http:\/\/vinceneux.fr\/Photoblog\/wp-content\/uploads\/2023\/10\/w_100_2023_Compostelle__8300287-1536x1024.jpg\" alt=\"\" class=\"wp-image-1629\" srcset=\"http:\/\/www.vinceneux.fr\/Photoblog\/wp-content\/uploads\/2023\/10\/w_100_2023_Compostelle__8300287-1536x1024.jpg 1536w, http:\/\/www.vinceneux.fr\/Photoblog\/wp-content\/uploads\/2023\/10\/w_100_2023_Compostelle__8300287-900x600.jpg 900w, http:\/\/www.vinceneux.fr\/Photoblog\/wp-content\/uploads\/2023\/10\/w_100_2023_Compostelle__8300287-300x200.jpg 300w, http:\/\/www.vinceneux.fr\/Photoblog\/wp-content\/uploads\/2023\/10\/w_100_2023_Compostelle__8300287.jpg 1920w\" sizes=\"auto, (max-width: 1536px) 100vw, 1536px\" \/><\/a><\/figure>\n\n\n\n<p class=\"has-text-align-center\">Paysage viticole de La Rioja<\/p>\n\n\n\n<figure class=\"wp-block-image size-large\"><a href=\"http:\/\/vinceneux.fr\/Photoblog\/wp-content\/uploads\/2023\/10\/w_100_2023_Compostelle__8300301-Panorama.jpg\"><img loading=\"lazy\" decoding=\"async\" width=\"1600\" height=\"464\" src=\"http:\/\/vinceneux.fr\/Photoblog\/wp-content\/uploads\/2023\/10\/w_100_2023_Compostelle__8300301-Panorama-1600x464.jpg\" alt=\"\" class=\"wp-image-1630\" srcset=\"http:\/\/www.vinceneux.fr\/Photoblog\/wp-content\/uploads\/2023\/10\/w_100_2023_Compostelle__8300301-Panorama-1600x464.jpg 1600w, http:\/\/www.vinceneux.fr\/Photoblog\/wp-content\/uploads\/2023\/10\/w_100_2023_Compostelle__8300301-Panorama-900x261.jpg 900w, http:\/\/www.vinceneux.fr\/Photoblog\/wp-content\/uploads\/2023\/10\/w_100_2023_Compostelle__8300301-Panorama-300x87.jpg 300w, http:\/\/www.vinceneux.fr\/Photoblog\/wp-content\/uploads\/2023\/10\/w_100_2023_Compostelle__8300301-Panorama-1536x446.jpg 1536w, http:\/\/www.vinceneux.fr\/Photoblog\/wp-content\/uploads\/2023\/10\/w_100_2023_Compostelle__8300301-Panorama.jpg 1920w\" sizes=\"auto, (max-width: 1600px) 100vw, 1600px\" \/><\/a><\/figure>\n\n\n\n<p class=\"has-text-align-center\">Clic sur l&rsquo;image pour voir en grand, les paysages viticoles de La Rioja<\/p>\n\n\n\n<figure class=\"wp-block-image size-large\"><a href=\"http:\/\/vinceneux.fr\/Photoblog\/wp-content\/uploads\/2023\/10\/w_100_2023_Compostelle__8300308.jpg\"><img loading=\"lazy\" decoding=\"async\" width=\"1536\" height=\"1024\" src=\"http:\/\/vinceneux.fr\/Photoblog\/wp-content\/uploads\/2023\/10\/w_100_2023_Compostelle__8300308-1536x1024.jpg\" alt=\"\" class=\"wp-image-1631\" srcset=\"http:\/\/www.vinceneux.fr\/Photoblog\/wp-content\/uploads\/2023\/10\/w_100_2023_Compostelle__8300308-1536x1024.jpg 1536w, http:\/\/www.vinceneux.fr\/Photoblog\/wp-content\/uploads\/2023\/10\/w_100_2023_Compostelle__8300308-900x600.jpg 900w, http:\/\/www.vinceneux.fr\/Photoblog\/wp-content\/uploads\/2023\/10\/w_100_2023_Compostelle__8300308-300x200.jpg 300w, http:\/\/www.vinceneux.fr\/Photoblog\/wp-content\/uploads\/2023\/10\/w_100_2023_Compostelle__8300308.jpg 1920w\" sizes=\"auto, (max-width: 1536px) 100vw, 1536px\" \/><\/a><\/figure>\n\n\n\n<p class=\"has-text-align-center\">Bar buvette la Casita Lucia et son histoire &#8230; voir ci-dessus<\/p>\n\n\n\n<figure class=\"wp-block-image size-large\"><a href=\"http:\/\/vinceneux.fr\/Photoblog\/wp-content\/uploads\/2023\/10\/w_100_20230830_125315.jpg\"><img loading=\"lazy\" decoding=\"async\" width=\"1536\" height=\"1024\" src=\"http:\/\/vinceneux.fr\/Photoblog\/wp-content\/uploads\/2023\/10\/w_100_20230830_125315-1536x1024.jpg\" alt=\"\" class=\"wp-image-1632\" srcset=\"http:\/\/www.vinceneux.fr\/Photoblog\/wp-content\/uploads\/2023\/10\/w_100_20230830_125315-1536x1024.jpg 1536w, http:\/\/www.vinceneux.fr\/Photoblog\/wp-content\/uploads\/2023\/10\/w_100_20230830_125315-900x600.jpg 900w, http:\/\/www.vinceneux.fr\/Photoblog\/wp-content\/uploads\/2023\/10\/w_100_20230830_125315-300x200.jpg 300w, http:\/\/www.vinceneux.fr\/Photoblog\/wp-content\/uploads\/2023\/10\/w_100_20230830_125315.jpg 1920w\" sizes=\"auto, (max-width: 1536px) 100vw, 1536px\" \/><\/a><\/figure>\n\n\n\n<p class=\"has-text-align-center\">Le selfie s&rsquo;impose apr\u00e8s les retrouvailles de mon chapeau irrempla\u00e7able : All\u00e9luia !<\/p>\n","protected":false},"excerpt":{"rendered":"<p>\u00c9tape marqu\u00e9e par un \u00e9v\u00e8nement, comme on en voit sur le Camino : Au Bar buvette de la Casita Lucia (voir photo ci-dessous), la musique jouait un All\u00e9luia (en espagnol de L\u00e9onard Cohen), quand une p\u00e8lerine demanda si personne n&rsquo;avait perdu un chapeau qu&rsquo;elle avait ramass\u00e9 sur le chemin&#8230; C&rsquo;\u00e9tait le mien ! et l&rsquo;All\u00e9luia&#8230;<\/p>\n","protected":false},"author":1,"featured_media":0,"comment_status":"open","ping_status":"open","sticky":false,"template":"","format":"standard","meta":{"_kad_post_transparent":"","_kad_post_title":"","_kad_post_layout":"","_kad_post_sidebar_id":"","_kad_post_content_style":"","_kad_post_vertical_padding":"","_kad_post_feature":"","_kad_post_feature_position":"","_kad_post_header":false,"_kad_post_footer":false,"_kad_post_classname":"","footnotes":""},"categories":[18],"tags":[],"class_list":["post-1627","post","type-post","status-publish","format-standard","hentry","category-compostelle"],"_links":{"self":[{"href":"http:\/\/www.vinceneux.fr\/Photoblog\/index.php?rest_route=\/wp\/v2\/posts\/1627","targetHints":{"allow":["GET"]}}],"collection":[{"href":"http:\/\/www.vinceneux.fr\/Photoblog\/index.php?rest_route=\/wp\/v2\/posts"}],"about":[{"href":"http:\/\/www.vinceneux.fr\/Photoblog\/index.php?rest_route=\/wp\/v2\/types\/post"}],"author":[{"embeddable":true,"href":"http:\/\/www.vinceneux.fr\/Photoblog\/index.php?rest_route=\/wp\/v2\/users\/1"}],"replies":[{"embeddable":true,"href":"http:\/\/www.vinceneux.fr\/Photoblog\/index.php?rest_route=%2Fwp%2Fv2%2Fcomments&post=1627"}],"version-history":[{"count":3,"href":"http:\/\/www.vinceneux.fr\/Photoblog\/index.php?rest_route=\/wp\/v2\/posts\/1627\/revisions"}],"predecessor-version":[{"id":1752,"href":"http:\/\/www.vinceneux.fr\/Photoblog\/index.php?rest_route=\/wp\/v2\/posts\/1627\/revisions\/1752"}],"wp:attachment":[{"href":"http:\/\/www.vinceneux.fr\/Photoblog\/index.php?rest_route=%2Fwp%2Fv2%2Fmedia&parent=1627"}],"wp:term":[{"taxonomy":"category","embeddable":true,"href":"http:\/\/www.vinceneux.fr\/Photoblog\/index.php?rest_route=%2Fwp%2Fv2%2Fcategories&post=1627"},{"taxonomy":"post_tag","embeddable":true,"href":"http:\/\/www.vinceneux.fr\/Photoblog\/index.php?rest_route=%2Fwp%2Fv2%2Ftags&post=1627"}],"curies":[{"name":"wp","href":"https:\/\/api.w.org\/{rel}","templated":true}]}}