{"id":1618,"date":"2023-10-09T11:20:38","date_gmt":"2023-10-09T09:20:38","guid":{"rendered":"http:\/\/vinceneux.fr\/Photoblog\/?p=1618"},"modified":"2023-10-29T11:59:23","modified_gmt":"2023-10-29T10:59:23","slug":"j8-25-cirauqui-a-estella-lizarra-a-los-arcos","status":"publish","type":"post","link":"http:\/\/www.vinceneux.fr\/Photoblog\/?p=1618","title":{"rendered":"J8\/29 Cirauqui \u00e0 Estella (Lizarra) \u00e0 Los Arcos"},"content":{"rendered":"\n<p>D\u00e9j\u00e0 une semaine sur le Camino !  \u00c9tape un peu longue&#8230; Los Arcos, petit village avec une \u00e9glise et des orgues surprenantes<\/p>\n\n\n\n<figure class=\"wp-block-image size-large\"><a href=\"http:\/\/vinceneux.fr\/Photoblog\/wp-content\/uploads\/2023\/10\/w_100_20230829090001.jpg\"><img loading=\"lazy\" decoding=\"async\" width=\"683\" height=\"1024\" src=\"http:\/\/vinceneux.fr\/Photoblog\/wp-content\/uploads\/2023\/10\/w_100_20230829090001-683x1024.jpg\" alt=\"\" class=\"wp-image-1619\" srcset=\"http:\/\/www.vinceneux.fr\/Photoblog\/wp-content\/uploads\/2023\/10\/w_100_20230829090001-683x1024.jpg 683w, http:\/\/www.vinceneux.fr\/Photoblog\/wp-content\/uploads\/2023\/10\/w_100_20230829090001-400x600.jpg 400w, http:\/\/www.vinceneux.fr\/Photoblog\/wp-content\/uploads\/2023\/10\/w_100_20230829090001-133x200.jpg 133w, http:\/\/www.vinceneux.fr\/Photoblog\/wp-content\/uploads\/2023\/10\/w_100_20230829090001-1024x1536.jpg 1024w, http:\/\/www.vinceneux.fr\/Photoblog\/wp-content\/uploads\/2023\/10\/w_100_20230829090001.jpg 1280w\" sizes=\"auto, (max-width: 683px) 100vw, 683px\" \/><\/a><\/figure>\n\n\n\n<p class=\"has-text-align-center\">Le p\u00e8lerin-photographe au petit matin, d\u00e8j\u00e0 sur le Camino<\/p>\n\n\n\n<figure class=\"wp-block-image size-large\"><a href=\"http:\/\/vinceneux.fr\/Photoblog\/wp-content\/uploads\/2023\/10\/w_100_2023_Compostelle__8290234.jpg\"><img loading=\"lazy\" decoding=\"async\" width=\"1600\" height=\"900\" src=\"http:\/\/vinceneux.fr\/Photoblog\/wp-content\/uploads\/2023\/10\/w_100_2023_Compostelle__8290234-1600x900.jpg\" alt=\"\" class=\"wp-image-1620\" srcset=\"http:\/\/www.vinceneux.fr\/Photoblog\/wp-content\/uploads\/2023\/10\/w_100_2023_Compostelle__8290234-1600x900.jpg 1600w, http:\/\/www.vinceneux.fr\/Photoblog\/wp-content\/uploads\/2023\/10\/w_100_2023_Compostelle__8290234-900x506.jpg 900w, http:\/\/www.vinceneux.fr\/Photoblog\/wp-content\/uploads\/2023\/10\/w_100_2023_Compostelle__8290234-300x169.jpg 300w, http:\/\/www.vinceneux.fr\/Photoblog\/wp-content\/uploads\/2023\/10\/w_100_2023_Compostelle__8290234-1536x864.jpg 1536w, http:\/\/www.vinceneux.fr\/Photoblog\/wp-content\/uploads\/2023\/10\/w_100_2023_Compostelle__8290234.jpg 1920w\" sizes=\"auto, (max-width: 1600px) 100vw, 1600px\" \/><\/a><\/figure>\n\n\n\n<p><\/p>\n\n\n\n<p><\/p>\n\n\n\n<figure class=\"wp-block-image size-large\"><a href=\"http:\/\/vinceneux.fr\/Photoblog\/wp-content\/uploads\/2023\/10\/w_100_2023_Compostelle__8290246.jpg\"><img loading=\"lazy\" decoding=\"async\" width=\"1365\" height=\"1024\" src=\"http:\/\/vinceneux.fr\/Photoblog\/wp-content\/uploads\/2023\/10\/w_100_2023_Compostelle__8290246-1365x1024.jpg\" alt=\"\" class=\"wp-image-1621\" srcset=\"http:\/\/www.vinceneux.fr\/Photoblog\/wp-content\/uploads\/2023\/10\/w_100_2023_Compostelle__8290246-1365x1024.jpg 1365w, http:\/\/www.vinceneux.fr\/Photoblog\/wp-content\/uploads\/2023\/10\/w_100_2023_Compostelle__8290246-800x600.jpg 800w, http:\/\/www.vinceneux.fr\/Photoblog\/wp-content\/uploads\/2023\/10\/w_100_2023_Compostelle__8290246-267x200.jpg 267w, http:\/\/www.vinceneux.fr\/Photoblog\/wp-content\/uploads\/2023\/10\/w_100_2023_Compostelle__8290246-1536x1152.jpg 1536w, http:\/\/www.vinceneux.fr\/Photoblog\/wp-content\/uploads\/2023\/10\/w_100_2023_Compostelle__8290246.jpg 1920w\" sizes=\"auto, (max-width: 1365px) 100vw, 1365px\" \/><\/a><\/figure>\n\n\n\n<p class=\"has-text-align-center\">Luxuriance de l&rsquo;\u00e9glise baroque de Los Arcos<\/p>\n\n\n\n<figure class=\"wp-block-image size-large\"><a href=\"http:\/\/vinceneux.fr\/Photoblog\/wp-content\/uploads\/2023\/10\/w_100_2023_Compostelle__8290251.jpg\"><img loading=\"lazy\" decoding=\"async\" width=\"829\" height=\"1024\" src=\"http:\/\/vinceneux.fr\/Photoblog\/wp-content\/uploads\/2023\/10\/w_100_2023_Compostelle__8290251-829x1024.jpg\" alt=\"\" class=\"wp-image-1622\" srcset=\"http:\/\/www.vinceneux.fr\/Photoblog\/wp-content\/uploads\/2023\/10\/w_100_2023_Compostelle__8290251-829x1024.jpg 829w, http:\/\/www.vinceneux.fr\/Photoblog\/wp-content\/uploads\/2023\/10\/w_100_2023_Compostelle__8290251-486x600.jpg 486w, http:\/\/www.vinceneux.fr\/Photoblog\/wp-content\/uploads\/2023\/10\/w_100_2023_Compostelle__8290251-162x200.jpg 162w, http:\/\/www.vinceneux.fr\/Photoblog\/wp-content\/uploads\/2023\/10\/w_100_2023_Compostelle__8290251-1243x1536.jpg 1243w, http:\/\/www.vinceneux.fr\/Photoblog\/wp-content\/uploads\/2023\/10\/w_100_2023_Compostelle__8290251.jpg 1554w\" sizes=\"auto, (max-width: 829px) 100vw, 829px\" \/><\/a><\/figure>\n\n\n\n<p><\/p>\n\n\n\n<figure class=\"wp-block-image size-large\"><a href=\"http:\/\/vinceneux.fr\/Photoblog\/wp-content\/uploads\/2023\/10\/w_100_2023_Compostelle__8290252.jpg\"><img loading=\"lazy\" decoding=\"async\" width=\"1536\" height=\"1024\" src=\"http:\/\/vinceneux.fr\/Photoblog\/wp-content\/uploads\/2023\/10\/w_100_2023_Compostelle__8290252-1536x1024.jpg\" alt=\"\" class=\"wp-image-1623\" srcset=\"http:\/\/www.vinceneux.fr\/Photoblog\/wp-content\/uploads\/2023\/10\/w_100_2023_Compostelle__8290252-1536x1024.jpg 1536w, http:\/\/www.vinceneux.fr\/Photoblog\/wp-content\/uploads\/2023\/10\/w_100_2023_Compostelle__8290252-900x600.jpg 900w, http:\/\/www.vinceneux.fr\/Photoblog\/wp-content\/uploads\/2023\/10\/w_100_2023_Compostelle__8290252-300x200.jpg 300w, http:\/\/www.vinceneux.fr\/Photoblog\/wp-content\/uploads\/2023\/10\/w_100_2023_Compostelle__8290252.jpg 1920w\" sizes=\"auto, (max-width: 1536px) 100vw, 1536px\" \/><\/a><\/figure>\n\n\n\n<p class=\"has-text-align-center\">Surprenants tuyaux horizontaux de l&rsquo;orgue (en Espagne mais pas en France&#8230;)<\/p>\n\n\n\n<figure class=\"wp-block-image size-large\"><a href=\"http:\/\/vinceneux.fr\/Photoblog\/wp-content\/uploads\/2023\/10\/w_100_2023_Compostelle__8290250.jpg\"><img loading=\"lazy\" decoding=\"async\" width=\"768\" height=\"1024\" src=\"http:\/\/vinceneux.fr\/Photoblog\/wp-content\/uploads\/2023\/10\/w_100_2023_Compostelle__8290250-768x1024.jpg\" alt=\"\" class=\"wp-image-1624\" srcset=\"http:\/\/www.vinceneux.fr\/Photoblog\/wp-content\/uploads\/2023\/10\/w_100_2023_Compostelle__8290250-768x1024.jpg 768w, http:\/\/www.vinceneux.fr\/Photoblog\/wp-content\/uploads\/2023\/10\/w_100_2023_Compostelle__8290250-450x600.jpg 450w, http:\/\/www.vinceneux.fr\/Photoblog\/wp-content\/uploads\/2023\/10\/w_100_2023_Compostelle__8290250-150x200.jpg 150w, http:\/\/www.vinceneux.fr\/Photoblog\/wp-content\/uploads\/2023\/10\/w_100_2023_Compostelle__8290250-1152x1536.jpg 1152w, http:\/\/www.vinceneux.fr\/Photoblog\/wp-content\/uploads\/2023\/10\/w_100_2023_Compostelle__8290250.jpg 1440w\" sizes=\"auto, (max-width: 768px) 100vw, 768px\" \/><\/a><\/figure>\n\n\n\n<p class=\"has-text-align-center\">Et des tuyaux en bois peint<\/p>\n","protected":false},"excerpt":{"rendered":"<p>D\u00e9j\u00e0 une semaine sur le Camino ! \u00c9tape un peu longue&#8230; Los Arcos, petit village avec une \u00e9glise et des orgues surprenantes Le p\u00e8lerin-photographe au petit matin, d\u00e8j\u00e0 sur le Camino Luxuriance de l&rsquo;\u00e9glise baroque de Los Arcos Surprenants tuyaux horizontaux de l&rsquo;orgue (en Espagne mais pas en France&#8230;) Et des tuyaux en bois peint<\/p>\n","protected":false},"author":1,"featured_media":0,"comment_status":"open","ping_status":"open","sticky":false,"template":"","format":"standard","meta":{"_kad_post_transparent":"","_kad_post_title":"","_kad_post_layout":"","_kad_post_sidebar_id":"","_kad_post_content_style":"","_kad_post_vertical_padding":"","_kad_post_feature":"","_kad_post_feature_position":"","_kad_post_header":false,"_kad_post_footer":false,"_kad_post_classname":"","footnotes":""},"categories":[18,1],"tags":[],"class_list":["post-1618","post","type-post","status-publish","format-standard","hentry","category-compostelle","category-uncategorized"],"_links":{"self":[{"href":"http:\/\/www.vinceneux.fr\/Photoblog\/index.php?rest_route=\/wp\/v2\/posts\/1618","targetHints":{"allow":["GET"]}}],"collection":[{"href":"http:\/\/www.vinceneux.fr\/Photoblog\/index.php?rest_route=\/wp\/v2\/posts"}],"about":[{"href":"http:\/\/www.vinceneux.fr\/Photoblog\/index.php?rest_route=\/wp\/v2\/types\/post"}],"author":[{"embeddable":true,"href":"http:\/\/www.vinceneux.fr\/Photoblog\/index.php?rest_route=\/wp\/v2\/users\/1"}],"replies":[{"embeddable":true,"href":"http:\/\/www.vinceneux.fr\/Photoblog\/index.php?rest_route=%2Fwp%2Fv2%2Fcomments&post=1618"}],"version-history":[{"count":3,"href":"http:\/\/www.vinceneux.fr\/Photoblog\/index.php?rest_route=\/wp\/v2\/posts\/1618\/revisions"}],"predecessor-version":[{"id":1753,"href":"http:\/\/www.vinceneux.fr\/Photoblog\/index.php?rest_route=\/wp\/v2\/posts\/1618\/revisions\/1753"}],"wp:attachment":[{"href":"http:\/\/www.vinceneux.fr\/Photoblog\/index.php?rest_route=%2Fwp%2Fv2%2Fmedia&parent=1618"}],"wp:term":[{"taxonomy":"category","embeddable":true,"href":"http:\/\/www.vinceneux.fr\/Photoblog\/index.php?rest_route=%2Fwp%2Fv2%2Fcategories&post=1618"},{"taxonomy":"post_tag","embeddable":true,"href":"http:\/\/www.vinceneux.fr\/Photoblog\/index.php?rest_route=%2Fwp%2Fv2%2Ftags&post=1618"}],"curies":[{"name":"wp","href":"https:\/\/api.w.org\/{rel}","templated":true}]}}