{"id":1532,"date":"2023-04-08T10:25:42","date_gmt":"2023-04-08T08:25:42","guid":{"rendered":"http:\/\/vinceneux.fr\/Photoblog\/?p=1532"},"modified":"2023-04-10T15:57:55","modified_gmt":"2023-04-10T13:57:55","slug":"ile-de-la-palma-aux-canaries","status":"publish","type":"post","link":"http:\/\/www.vinceneux.fr\/Photoblog\/?p=1532","title":{"rendered":"Ile de La Palma aux Canaries"},"content":{"rendered":"\n<p>Le volcan Tajogaite dans l&rsquo;ile de La Palma aux Canaries a \u00e9t\u00e9 en \u00e9ruption pendant 85 jours de Septembre \u00e0 D\u00e9cembre 2021.<\/p>\n\n\n\n<p>Les coul\u00e9es de lave ont recouvert 1200 hectares, obligeant plus de 7000 personnes \u00e0 \u00eatre \u00e9vacu\u00e9es, d\u00e9truisant pr\u00e8s de 3000 \u00e9difices et agrandissant l&rsquo;\u00eele de plusieurs centaines d&rsquo;hectares par les coul\u00e9es de lave en mer.<\/p>\n\n\n\n<p>Toujours spectaculaires plus d&rsquo;un an apr\u00e8s l&rsquo;\u00e9ruption.<\/p>\n\n\n\n<figure class=\"wp-block-image size-large\"><a href=\"http:\/\/vinceneux.fr\/Photoblog\/wp-content\/uploads\/2023\/04\/w_200_2023_La_Palma-__3089021.jpg\"><img loading=\"lazy\" decoding=\"async\" width=\"1536\" height=\"1024\" src=\"http:\/\/vinceneux.fr\/Photoblog\/wp-content\/uploads\/2023\/04\/w_200_2023_La_Palma-__3089021-1536x1024.jpg\" alt=\"\" class=\"wp-image-1533\" srcset=\"http:\/\/www.vinceneux.fr\/Photoblog\/wp-content\/uploads\/2023\/04\/w_200_2023_La_Palma-__3089021-1536x1024.jpg 1536w, http:\/\/www.vinceneux.fr\/Photoblog\/wp-content\/uploads\/2023\/04\/w_200_2023_La_Palma-__3089021-900x600.jpg 900w, http:\/\/www.vinceneux.fr\/Photoblog\/wp-content\/uploads\/2023\/04\/w_200_2023_La_Palma-__3089021-300x200.jpg 300w, http:\/\/www.vinceneux.fr\/Photoblog\/wp-content\/uploads\/2023\/04\/w_200_2023_La_Palma-__3089021.jpg 1920w\" sizes=\"auto, (max-width: 1536px) 100vw, 1536px\" \/><\/a><\/figure>\n\n\n\n\n\n<figure class=\"wp-block-image size-large\"><a href=\"http:\/\/vinceneux.fr\/Photoblog\/wp-content\/uploads\/2023\/04\/w_101_2023_La_Palma-__3099104.jpg\" target=\"_blank\" rel=\"noreferrer noopener\"><img loading=\"lazy\" decoding=\"async\" width=\"1536\" height=\"1024\" src=\"http:\/\/vinceneux.fr\/Photoblog\/wp-content\/uploads\/2023\/04\/w_101_2023_La_Palma-__3099104-1536x1024.jpg\" alt=\"\" class=\"wp-image-1534\" srcset=\"http:\/\/www.vinceneux.fr\/Photoblog\/wp-content\/uploads\/2023\/04\/w_101_2023_La_Palma-__3099104-1536x1024.jpg 1536w, http:\/\/www.vinceneux.fr\/Photoblog\/wp-content\/uploads\/2023\/04\/w_101_2023_La_Palma-__3099104-900x600.jpg 900w, http:\/\/www.vinceneux.fr\/Photoblog\/wp-content\/uploads\/2023\/04\/w_101_2023_La_Palma-__3099104-300x200.jpg 300w, http:\/\/www.vinceneux.fr\/Photoblog\/wp-content\/uploads\/2023\/04\/w_101_2023_La_Palma-__3099104.jpg 1920w\" sizes=\"auto, (max-width: 1536px) 100vw, 1536px\" \/><\/a><\/figure>\n\n\n\n<p>                       70 km de routes recouvertes par la lave<\/p>\n\n\n\n<figure class=\"wp-block-image size-large\"><a href=\"http:\/\/vinceneux.fr\/Photoblog\/wp-content\/uploads\/2023\/04\/w_100_2023_La_Palma-__3078707-Panorama-scaled.jpg\" target=\"_blank\" rel=\"noreferrer noopener\"><img loading=\"lazy\" decoding=\"async\" width=\"1600\" height=\"463\" src=\"http:\/\/vinceneux.fr\/Photoblog\/wp-content\/uploads\/2023\/04\/w_100_2023_La_Palma-__3078707-Panorama-1600x463.jpg\" alt=\"\" class=\"wp-image-1535\" srcset=\"http:\/\/www.vinceneux.fr\/Photoblog\/wp-content\/uploads\/2023\/04\/w_100_2023_La_Palma-__3078707-Panorama-1600x463.jpg 1600w, http:\/\/www.vinceneux.fr\/Photoblog\/wp-content\/uploads\/2023\/04\/w_100_2023_La_Palma-__3078707-Panorama-900x260.jpg 900w, http:\/\/www.vinceneux.fr\/Photoblog\/wp-content\/uploads\/2023\/04\/w_100_2023_La_Palma-__3078707-Panorama-300x87.jpg 300w, http:\/\/www.vinceneux.fr\/Photoblog\/wp-content\/uploads\/2023\/04\/w_100_2023_La_Palma-__3078707-Panorama-1536x444.jpg 1536w, http:\/\/www.vinceneux.fr\/Photoblog\/wp-content\/uploads\/2023\/04\/w_100_2023_La_Palma-__3078707-Panorama-2048x593.jpg 2048w\" sizes=\"auto, (max-width: 1600px) 100vw, 1600px\" \/><\/a><figcaption class=\"wp-element-caption\">Clic sur l&rsquo;image pour la voir en grand<\/figcaption><\/figure>\n\n\n\n<figure class=\"wp-block-image size-large\"><a href=\"http:\/\/vinceneux.fr\/Photoblog\/wp-content\/uploads\/2023\/04\/w_100_2023_La_Palma-__3078717-scaled.jpg\" target=\"_blank\" rel=\"noreferrer noopener\"><img loading=\"lazy\" decoding=\"async\" width=\"1536\" height=\"1024\" src=\"http:\/\/vinceneux.fr\/Photoblog\/wp-content\/uploads\/2023\/04\/w_100_2023_La_Palma-__3078717-1536x1024.jpg\" alt=\"\" class=\"wp-image-1536\" srcset=\"http:\/\/www.vinceneux.fr\/Photoblog\/wp-content\/uploads\/2023\/04\/w_100_2023_La_Palma-__3078717-1536x1024.jpg 1536w, http:\/\/www.vinceneux.fr\/Photoblog\/wp-content\/uploads\/2023\/04\/w_100_2023_La_Palma-__3078717-900x600.jpg 900w, http:\/\/www.vinceneux.fr\/Photoblog\/wp-content\/uploads\/2023\/04\/w_100_2023_La_Palma-__3078717-300x200.jpg 300w, http:\/\/www.vinceneux.fr\/Photoblog\/wp-content\/uploads\/2023\/04\/w_100_2023_La_Palma-__3078717-2048x1365.jpg 2048w\" sizes=\"auto, (max-width: 1536px) 100vw, 1536px\" \/><\/a><figcaption class=\"wp-element-caption\">La maison a eu chaud ! :  La coul\u00e9e de lave l&rsquo;a approch\u00e9e beaucoup !<\/figcaption><\/figure>\n\n\n\n<p>Et aussi un panorama en drone fait par I Love the Word : <\/p>\n\n\n\n<p><a href=\"https:\/\/www.facebook.com\/photo?fbid=239853225219036\" target=\"_blank\" rel=\"noreferrer noopener\">https:\/\/www.facebook.com\/photo?fbid=23985322521903<\/a><a href=\"https:\/\/www.facebook.com\/photo?fbid=239853225219036\">6<\/a><\/p>\n\n\n\n<p><\/p>\n","protected":false},"excerpt":{"rendered":"<p>Le volcan Tajogaite dans l&rsquo;ile de La Palma aux Canaries a \u00e9t\u00e9 en \u00e9ruption pendant 85 jours de Septembre \u00e0 D\u00e9cembre 2021. Les coul\u00e9es de lave ont recouvert 1200 hectares, obligeant plus de 7000 personnes \u00e0 \u00eatre \u00e9vacu\u00e9es, d\u00e9truisant pr\u00e8s de 3000 \u00e9difices et agrandissant l&rsquo;\u00eele de plusieurs centaines d&rsquo;hectares par les coul\u00e9es de lave&#8230;<\/p>\n","protected":false},"author":1,"featured_media":0,"comment_status":"open","ping_status":"open","sticky":false,"template":"","format":"standard","meta":{"_kad_post_transparent":"","_kad_post_title":"","_kad_post_layout":"","_kad_post_sidebar_id":"","_kad_post_content_style":"","_kad_post_vertical_padding":"","_kad_post_feature":"","_kad_post_feature_position":"","_kad_post_header":false,"_kad_post_footer":false,"_kad_post_classname":"","footnotes":""},"categories":[22,14],"tags":[],"class_list":["post-1532","post","type-post","status-publish","format-standard","hentry","category-canaries","category-espagne"],"_links":{"self":[{"href":"http:\/\/www.vinceneux.fr\/Photoblog\/index.php?rest_route=\/wp\/v2\/posts\/1532","targetHints":{"allow":["GET"]}}],"collection":[{"href":"http:\/\/www.vinceneux.fr\/Photoblog\/index.php?rest_route=\/wp\/v2\/posts"}],"about":[{"href":"http:\/\/www.vinceneux.fr\/Photoblog\/index.php?rest_route=\/wp\/v2\/types\/post"}],"author":[{"embeddable":true,"href":"http:\/\/www.vinceneux.fr\/Photoblog\/index.php?rest_route=\/wp\/v2\/users\/1"}],"replies":[{"embeddable":true,"href":"http:\/\/www.vinceneux.fr\/Photoblog\/index.php?rest_route=%2Fwp%2Fv2%2Fcomments&post=1532"}],"version-history":[{"count":5,"href":"http:\/\/www.vinceneux.fr\/Photoblog\/index.php?rest_route=\/wp\/v2\/posts\/1532\/revisions"}],"predecessor-version":[{"id":1546,"href":"http:\/\/www.vinceneux.fr\/Photoblog\/index.php?rest_route=\/wp\/v2\/posts\/1532\/revisions\/1546"}],"wp:attachment":[{"href":"http:\/\/www.vinceneux.fr\/Photoblog\/index.php?rest_route=%2Fwp%2Fv2%2Fmedia&parent=1532"}],"wp:term":[{"taxonomy":"category","embeddable":true,"href":"http:\/\/www.vinceneux.fr\/Photoblog\/index.php?rest_route=%2Fwp%2Fv2%2Fcategories&post=1532"},{"taxonomy":"post_tag","embeddable":true,"href":"http:\/\/www.vinceneux.fr\/Photoblog\/index.php?rest_route=%2Fwp%2Fv2%2Ftags&post=1532"}],"curies":[{"name":"wp","href":"https:\/\/api.w.org\/{rel}","templated":true}]}}