{"id":1509,"date":"2022-11-23T12:32:39","date_gmt":"2022-11-23T11:32:39","guid":{"rendered":"http:\/\/vinceneux.fr\/Photoblog\/?p=1509"},"modified":"2022-11-23T17:14:51","modified_gmt":"2022-11-23T16:14:51","slug":"soiree-flamenco","status":"publish","type":"post","link":"http:\/\/www.vinceneux.fr\/Photoblog\/?p=1509","title":{"rendered":"Soir\u00e9e Flamenco"},"content":{"rendered":"\n<p>L&rsquo;association \u00ab\u00a0<em>Les amis de Pedro Mu\u00f1oz<\/em>\u00a0\u00bb organisait, comme chaque ann\u00e9e, leur soir\u00e9e exceptionnelle de Flamenco, \u00e0 Haute Goulaine samedi dernier 19 novembre.<\/p>\n\n\n\n<figure class=\"wp-block-image size-large\"><a href=\"http:\/\/vinceneux.fr\/Photoblog\/wp-content\/uploads\/2022\/11\/BVinceneux_2022_126_2022_sans-titre__B196749.jpg\" target=\"_blank\" rel=\"noreferrer noopener\"><img loading=\"lazy\" decoding=\"async\" width=\"683\" height=\"1024\" src=\"http:\/\/vinceneux.fr\/Photoblog\/wp-content\/uploads\/2022\/11\/BVinceneux_2022_126_2022_sans-titre__B196749-683x1024.jpg\" alt=\"\" class=\"wp-image-1510\" srcset=\"http:\/\/www.vinceneux.fr\/Photoblog\/wp-content\/uploads\/2022\/11\/BVinceneux_2022_126_2022_sans-titre__B196749-683x1024.jpg 683w, http:\/\/www.vinceneux.fr\/Photoblog\/wp-content\/uploads\/2022\/11\/BVinceneux_2022_126_2022_sans-titre__B196749-400x600.jpg 400w, http:\/\/www.vinceneux.fr\/Photoblog\/wp-content\/uploads\/2022\/11\/BVinceneux_2022_126_2022_sans-titre__B196749-133x200.jpg 133w, http:\/\/www.vinceneux.fr\/Photoblog\/wp-content\/uploads\/2022\/11\/BVinceneux_2022_126_2022_sans-titre__B196749-1024x1536.jpg 1024w, http:\/\/www.vinceneux.fr\/Photoblog\/wp-content\/uploads\/2022\/11\/BVinceneux_2022_126_2022_sans-titre__B196749.jpg 1280w\" sizes=\"auto, (max-width: 683px) 100vw, 683px\" \/><\/a><\/figure>\n\n\n\n<p><\/p>\n\n\n\n<figure class=\"wp-block-image size-large\"><a href=\"http:\/\/vinceneux.fr\/Photoblog\/wp-content\/uploads\/2022\/11\/BVinceneux_2022_125_2022_sans-titre__B196752.jpg\" target=\"_blank\" rel=\"noreferrer noopener\"><img loading=\"lazy\" decoding=\"async\" width=\"1024\" height=\"1024\" src=\"http:\/\/vinceneux.fr\/Photoblog\/wp-content\/uploads\/2022\/11\/BVinceneux_2022_125_2022_sans-titre__B196752-1024x1024.jpg\" alt=\"\" class=\"wp-image-1515\" srcset=\"http:\/\/www.vinceneux.fr\/Photoblog\/wp-content\/uploads\/2022\/11\/BVinceneux_2022_125_2022_sans-titre__B196752-1024x1024.jpg 1024w, http:\/\/www.vinceneux.fr\/Photoblog\/wp-content\/uploads\/2022\/11\/BVinceneux_2022_125_2022_sans-titre__B196752-600x600.jpg 600w, http:\/\/www.vinceneux.fr\/Photoblog\/wp-content\/uploads\/2022\/11\/BVinceneux_2022_125_2022_sans-titre__B196752-200x200.jpg 200w, http:\/\/www.vinceneux.fr\/Photoblog\/wp-content\/uploads\/2022\/11\/BVinceneux_2022_125_2022_sans-titre__B196752-1536x1536.jpg 1536w, http:\/\/www.vinceneux.fr\/Photoblog\/wp-content\/uploads\/2022\/11\/BVinceneux_2022_125_2022_sans-titre__B196752.jpg 1920w\" sizes=\"auto, (max-width: 1024px) 100vw, 1024px\" \/><\/a><\/figure>\n\n\n\n<p><\/p>\n\n\n\n<figure class=\"wp-block-image size-large\"><a href=\"http:\/\/vinceneux.fr\/Photoblog\/wp-content\/uploads\/2022\/11\/BVinceneux_2022_129_2022_sans-titre__B196739.jpg\" target=\"_blank\" rel=\"noreferrer noopener\"><img loading=\"lazy\" decoding=\"async\" width=\"768\" height=\"1024\" src=\"http:\/\/vinceneux.fr\/Photoblog\/wp-content\/uploads\/2022\/11\/BVinceneux_2022_129_2022_sans-titre__B196739-768x1024.jpg\" alt=\"\" class=\"wp-image-1516\" srcset=\"http:\/\/www.vinceneux.fr\/Photoblog\/wp-content\/uploads\/2022\/11\/BVinceneux_2022_129_2022_sans-titre__B196739-768x1024.jpg 768w, http:\/\/www.vinceneux.fr\/Photoblog\/wp-content\/uploads\/2022\/11\/BVinceneux_2022_129_2022_sans-titre__B196739-450x600.jpg 450w, http:\/\/www.vinceneux.fr\/Photoblog\/wp-content\/uploads\/2022\/11\/BVinceneux_2022_129_2022_sans-titre__B196739-150x200.jpg 150w, http:\/\/www.vinceneux.fr\/Photoblog\/wp-content\/uploads\/2022\/11\/BVinceneux_2022_129_2022_sans-titre__B196739-1152x1536.jpg 1152w, http:\/\/www.vinceneux.fr\/Photoblog\/wp-content\/uploads\/2022\/11\/BVinceneux_2022_129_2022_sans-titre__B196739.jpg 1440w\" sizes=\"auto, (max-width: 768px) 100vw, 768px\" \/><\/a><\/figure>\n\n\n\n<p><\/p>\n\n\n\n<figure class=\"wp-block-image size-large\"><a href=\"http:\/\/vinceneux.fr\/Photoblog\/wp-content\/uploads\/2022\/11\/BVinceneux_2022_203_2022_sans-titre__B196781.jpg\" target=\"_blank\" rel=\"noreferrer noopener\"><img loading=\"lazy\" decoding=\"async\" width=\"683\" height=\"1024\" src=\"http:\/\/vinceneux.fr\/Photoblog\/wp-content\/uploads\/2022\/11\/BVinceneux_2022_203_2022_sans-titre__B196781-683x1024.jpg\" alt=\"\" class=\"wp-image-1517\" srcset=\"http:\/\/www.vinceneux.fr\/Photoblog\/wp-content\/uploads\/2022\/11\/BVinceneux_2022_203_2022_sans-titre__B196781-683x1024.jpg 683w, http:\/\/www.vinceneux.fr\/Photoblog\/wp-content\/uploads\/2022\/11\/BVinceneux_2022_203_2022_sans-titre__B196781-400x600.jpg 400w, http:\/\/www.vinceneux.fr\/Photoblog\/wp-content\/uploads\/2022\/11\/BVinceneux_2022_203_2022_sans-titre__B196781-133x200.jpg 133w, http:\/\/www.vinceneux.fr\/Photoblog\/wp-content\/uploads\/2022\/11\/BVinceneux_2022_203_2022_sans-titre__B196781-1024x1536.jpg 1024w, http:\/\/www.vinceneux.fr\/Photoblog\/wp-content\/uploads\/2022\/11\/BVinceneux_2022_203_2022_sans-titre__B196781.jpg 1280w\" sizes=\"auto, (max-width: 683px) 100vw, 683px\" \/><\/a><\/figure>\n\n\n\n<p><\/p>\n\n\n\n<figure class=\"wp-block-image size-large\"><a href=\"http:\/\/vinceneux.fr\/Photoblog\/wp-content\/uploads\/2022\/11\/BVinceneux_2022_105_2022_sans-titre__B206929.jpg\" target=\"_blank\" rel=\"noreferrer noopener\"><img loading=\"lazy\" decoding=\"async\" width=\"683\" height=\"1024\" src=\"http:\/\/vinceneux.fr\/Photoblog\/wp-content\/uploads\/2022\/11\/BVinceneux_2022_105_2022_sans-titre__B206929-683x1024.jpg\" alt=\"\" class=\"wp-image-1518\" srcset=\"http:\/\/www.vinceneux.fr\/Photoblog\/wp-content\/uploads\/2022\/11\/BVinceneux_2022_105_2022_sans-titre__B206929-683x1024.jpg 683w, http:\/\/www.vinceneux.fr\/Photoblog\/wp-content\/uploads\/2022\/11\/BVinceneux_2022_105_2022_sans-titre__B206929-400x600.jpg 400w, http:\/\/www.vinceneux.fr\/Photoblog\/wp-content\/uploads\/2022\/11\/BVinceneux_2022_105_2022_sans-titre__B206929-133x200.jpg 133w, http:\/\/www.vinceneux.fr\/Photoblog\/wp-content\/uploads\/2022\/11\/BVinceneux_2022_105_2022_sans-titre__B206929-1024x1536.jpg 1024w, http:\/\/www.vinceneux.fr\/Photoblog\/wp-content\/uploads\/2022\/11\/BVinceneux_2022_105_2022_sans-titre__B206929.jpg 1280w\" sizes=\"auto, (max-width: 683px) 100vw, 683px\" \/><\/a><\/figure>\n\n\n\n<p><\/p>\n\n\n\n<figure class=\"wp-block-image size-large\"><a href=\"http:\/\/vinceneux.fr\/Photoblog\/wp-content\/uploads\/2022\/11\/BVinceneux_2022_104_2022_sans-titre__B206930.jpg\" target=\"_blank\" rel=\"noreferrer noopener\"><img loading=\"lazy\" decoding=\"async\" width=\"1024\" height=\"1024\" src=\"http:\/\/vinceneux.fr\/Photoblog\/wp-content\/uploads\/2022\/11\/BVinceneux_2022_104_2022_sans-titre__B206930-1024x1024.jpg\" alt=\"\" class=\"wp-image-1519\" srcset=\"http:\/\/www.vinceneux.fr\/Photoblog\/wp-content\/uploads\/2022\/11\/BVinceneux_2022_104_2022_sans-titre__B206930-1024x1024.jpg 1024w, http:\/\/www.vinceneux.fr\/Photoblog\/wp-content\/uploads\/2022\/11\/BVinceneux_2022_104_2022_sans-titre__B206930-600x600.jpg 600w, http:\/\/www.vinceneux.fr\/Photoblog\/wp-content\/uploads\/2022\/11\/BVinceneux_2022_104_2022_sans-titre__B206930-200x200.jpg 200w, http:\/\/www.vinceneux.fr\/Photoblog\/wp-content\/uploads\/2022\/11\/BVinceneux_2022_104_2022_sans-titre__B206930-1536x1536.jpg 1536w, http:\/\/www.vinceneux.fr\/Photoblog\/wp-content\/uploads\/2022\/11\/BVinceneux_2022_104_2022_sans-titre__B206930.jpg 1920w\" sizes=\"auto, (max-width: 1024px) 100vw, 1024px\" \/><\/a><\/figure>\n\n\n\n<p><\/p>\n\n\n\n<figure class=\"wp-block-image size-large\"><a href=\"http:\/\/vinceneux.fr\/Photoblog\/wp-content\/uploads\/2022\/11\/BVinceneux_2022_101_2022_sans-titre__B206936.jpg\" target=\"_blank\" rel=\"noreferrer noopener\"><img loading=\"lazy\" decoding=\"async\" width=\"683\" height=\"1024\" src=\"http:\/\/vinceneux.fr\/Photoblog\/wp-content\/uploads\/2022\/11\/BVinceneux_2022_101_2022_sans-titre__B206936-683x1024.jpg\" alt=\"\" class=\"wp-image-1520\" srcset=\"http:\/\/www.vinceneux.fr\/Photoblog\/wp-content\/uploads\/2022\/11\/BVinceneux_2022_101_2022_sans-titre__B206936-683x1024.jpg 683w, http:\/\/www.vinceneux.fr\/Photoblog\/wp-content\/uploads\/2022\/11\/BVinceneux_2022_101_2022_sans-titre__B206936-400x600.jpg 400w, http:\/\/www.vinceneux.fr\/Photoblog\/wp-content\/uploads\/2022\/11\/BVinceneux_2022_101_2022_sans-titre__B206936-133x200.jpg 133w, http:\/\/www.vinceneux.fr\/Photoblog\/wp-content\/uploads\/2022\/11\/BVinceneux_2022_101_2022_sans-titre__B206936-1024x1536.jpg 1024w, http:\/\/www.vinceneux.fr\/Photoblog\/wp-content\/uploads\/2022\/11\/BVinceneux_2022_101_2022_sans-titre__B206936.jpg 1280w\" sizes=\"auto, (max-width: 683px) 100vw, 683px\" \/><\/a><\/figure>\n\n\n\n<p><\/p>\n\n\n\n<figure class=\"wp-block-image size-large\"><a href=\"http:\/\/vinceneux.fr\/Photoblog\/wp-content\/uploads\/2022\/11\/BVinceneux_2022_100_2022_sans-titre__B206937.jpg\" target=\"_blank\" rel=\"noreferrer noopener\"><img loading=\"lazy\" decoding=\"async\" width=\"1024\" height=\"1024\" src=\"http:\/\/vinceneux.fr\/Photoblog\/wp-content\/uploads\/2022\/11\/BVinceneux_2022_100_2022_sans-titre__B206937-1024x1024.jpg\" alt=\"\" class=\"wp-image-1521\" srcset=\"http:\/\/www.vinceneux.fr\/Photoblog\/wp-content\/uploads\/2022\/11\/BVinceneux_2022_100_2022_sans-titre__B206937-1024x1024.jpg 1024w, http:\/\/www.vinceneux.fr\/Photoblog\/wp-content\/uploads\/2022\/11\/BVinceneux_2022_100_2022_sans-titre__B206937-600x600.jpg 600w, http:\/\/www.vinceneux.fr\/Photoblog\/wp-content\/uploads\/2022\/11\/BVinceneux_2022_100_2022_sans-titre__B206937-200x200.jpg 200w, http:\/\/www.vinceneux.fr\/Photoblog\/wp-content\/uploads\/2022\/11\/BVinceneux_2022_100_2022_sans-titre__B206937-1536x1536.jpg 1536w, http:\/\/www.vinceneux.fr\/Photoblog\/wp-content\/uploads\/2022\/11\/BVinceneux_2022_100_2022_sans-titre__B206937.jpg 1920w\" sizes=\"auto, (max-width: 1024px) 100vw, 1024px\" \/><\/a><figcaption class=\"wp-element-caption\"><br><\/figcaption><\/figure>\n","protected":false},"excerpt":{"rendered":"<p>L&rsquo;association \u00ab\u00a0Les amis de Pedro Mu\u00f1oz\u00a0\u00bb organisait, comme chaque ann\u00e9e, leur soir\u00e9e exceptionnelle de Flamenco, \u00e0 Haute Goulaine samedi dernier 19 novembre.<\/p>\n","protected":false},"author":1,"featured_media":0,"comment_status":"open","ping_status":"open","sticky":false,"template":"","format":"standard","meta":{"_kad_post_transparent":"","_kad_post_title":"","_kad_post_layout":"","_kad_post_sidebar_id":"","_kad_post_content_style":"","_kad_post_vertical_padding":"","_kad_post_feature":"","_kad_post_feature_position":"","_kad_post_header":false,"_kad_post_footer":false,"_kad_post_classname":"","footnotes":""},"categories":[14,13],"tags":[],"class_list":["post-1509","post","type-post","status-publish","format-standard","hentry","category-espagne","category-simplement-humain"],"_links":{"self":[{"href":"http:\/\/www.vinceneux.fr\/Photoblog\/index.php?rest_route=\/wp\/v2\/posts\/1509","targetHints":{"allow":["GET"]}}],"collection":[{"href":"http:\/\/www.vinceneux.fr\/Photoblog\/index.php?rest_route=\/wp\/v2\/posts"}],"about":[{"href":"http:\/\/www.vinceneux.fr\/Photoblog\/index.php?rest_route=\/wp\/v2\/types\/post"}],"author":[{"embeddable":true,"href":"http:\/\/www.vinceneux.fr\/Photoblog\/index.php?rest_route=\/wp\/v2\/users\/1"}],"replies":[{"embeddable":true,"href":"http:\/\/www.vinceneux.fr\/Photoblog\/index.php?rest_route=%2Fwp%2Fv2%2Fcomments&post=1509"}],"version-history":[{"count":2,"href":"http:\/\/www.vinceneux.fr\/Photoblog\/index.php?rest_route=\/wp\/v2\/posts\/1509\/revisions"}],"predecessor-version":[{"id":1522,"href":"http:\/\/www.vinceneux.fr\/Photoblog\/index.php?rest_route=\/wp\/v2\/posts\/1509\/revisions\/1522"}],"wp:attachment":[{"href":"http:\/\/www.vinceneux.fr\/Photoblog\/index.php?rest_route=%2Fwp%2Fv2%2Fmedia&parent=1509"}],"wp:term":[{"taxonomy":"category","embeddable":true,"href":"http:\/\/www.vinceneux.fr\/Photoblog\/index.php?rest_route=%2Fwp%2Fv2%2Fcategories&post=1509"},{"taxonomy":"post_tag","embeddable":true,"href":"http:\/\/www.vinceneux.fr\/Photoblog\/index.php?rest_route=%2Fwp%2Fv2%2Ftags&post=1509"}],"curies":[{"name":"wp","href":"https:\/\/api.w.org\/{rel}","templated":true}]}}