{"id":1459,"date":"2022-07-25T09:08:33","date_gmt":"2022-07-25T07:08:33","guid":{"rendered":"http:\/\/vinceneux.fr\/Photoblog\/?p=1459"},"modified":"2022-07-25T09:11:30","modified_gmt":"2022-07-25T07:11:30","slug":"j21-21-st-jean-pied-de-port","status":"publish","type":"post","link":"http:\/\/www.vinceneux.fr\/Photoblog\/?p=1459","title":{"rendered":"J21\/21 : St-Jean-Pied-de-Port"},"content":{"rendered":"\n<p>Arriv\u00e9 \u00e0 Saint-Jean-Pied-de-Port et fin de la partie fran\u00e7aise sur la voie du Puy-en-Velay : 750 km r\u00e9alis\u00e9s depuis 2020,  330 km en 21 jours cette ann\u00e9e. <\/p>\n\n\n\n<p>Il ne reste qu&rsquo;un peu plus de 800 km en Espagne jusqu&rsquo;\u00e0 st Jacques de Compostelle&#8230;<\/p>\n\n\n\n<figure class=\"wp-block-image size-large\"><a href=\"http:\/\/vinceneux.fr\/Photoblog\/wp-content\/uploads\/2022\/07\/w_500_2022_Compostelle__7034941.jpg\" target=\"_blank\" rel=\"noopener\"><img loading=\"lazy\" decoding=\"async\" width=\"1600\" height=\"900\" src=\"http:\/\/vinceneux.fr\/Photoblog\/wp-content\/uploads\/2022\/07\/w_500_2022_Compostelle__7034941-1600x900.jpg\" alt=\"\" class=\"wp-image-1460\" srcset=\"http:\/\/www.vinceneux.fr\/Photoblog\/wp-content\/uploads\/2022\/07\/w_500_2022_Compostelle__7034941-1600x900.jpg 1600w, http:\/\/www.vinceneux.fr\/Photoblog\/wp-content\/uploads\/2022\/07\/w_500_2022_Compostelle__7034941-900x506.jpg 900w, http:\/\/www.vinceneux.fr\/Photoblog\/wp-content\/uploads\/2022\/07\/w_500_2022_Compostelle__7034941-300x169.jpg 300w, http:\/\/www.vinceneux.fr\/Photoblog\/wp-content\/uploads\/2022\/07\/w_500_2022_Compostelle__7034941-1536x864.jpg 1536w, http:\/\/www.vinceneux.fr\/Photoblog\/wp-content\/uploads\/2022\/07\/w_500_2022_Compostelle__7034941.jpg 1920w\" sizes=\"auto, (max-width: 1600px) 100vw, 1600px\" \/><\/a><figcaption>Les paysages du Pays basque.<\/figcaption><\/figure>\n\n\n\n<figure class=\"wp-block-image size-large\"><a href=\"http:\/\/vinceneux.fr\/Photoblog\/wp-content\/uploads\/2022\/07\/w_500_2022_Compostelle__7034956-Panorama-1-scaled.jpg\"><img loading=\"lazy\" decoding=\"async\" width=\"1600\" height=\"412\" src=\"http:\/\/vinceneux.fr\/Photoblog\/wp-content\/uploads\/2022\/07\/w_500_2022_Compostelle__7034956-Panorama-1-1600x412.jpg\" alt=\"\" class=\"wp-image-1461\" srcset=\"http:\/\/www.vinceneux.fr\/Photoblog\/wp-content\/uploads\/2022\/07\/w_500_2022_Compostelle__7034956-Panorama-1-1600x412.jpg 1600w, http:\/\/www.vinceneux.fr\/Photoblog\/wp-content\/uploads\/2022\/07\/w_500_2022_Compostelle__7034956-Panorama-1-900x232.jpg 900w, http:\/\/www.vinceneux.fr\/Photoblog\/wp-content\/uploads\/2022\/07\/w_500_2022_Compostelle__7034956-Panorama-1-300x77.jpg 300w, http:\/\/www.vinceneux.fr\/Photoblog\/wp-content\/uploads\/2022\/07\/w_500_2022_Compostelle__7034956-Panorama-1-1536x396.jpg 1536w, http:\/\/www.vinceneux.fr\/Photoblog\/wp-content\/uploads\/2022\/07\/w_500_2022_Compostelle__7034956-Panorama-1-2048x528.jpg 2048w\" sizes=\"auto, (max-width: 1600px) 100vw, 1600px\" \/><\/a><figcaption>Clic sur la photo pour la voir en grand.<\/figcaption><\/figure>\n\n\n\n<p><\/p>\n\n\n\n<figure class=\"wp-block-image size-large\"><a href=\"http:\/\/vinceneux.fr\/Photoblog\/wp-content\/uploads\/2022\/07\/w_505_2022_Compostelle__7024921.jpg\" target=\"_blank\" rel=\"noopener\"><img loading=\"lazy\" decoding=\"async\" width=\"1536\" height=\"1024\" src=\"http:\/\/vinceneux.fr\/Photoblog\/wp-content\/uploads\/2022\/07\/w_505_2022_Compostelle__7024921-1536x1024.jpg\" alt=\"\" class=\"wp-image-1462\" srcset=\"http:\/\/www.vinceneux.fr\/Photoblog\/wp-content\/uploads\/2022\/07\/w_505_2022_Compostelle__7024921-1536x1024.jpg 1536w, http:\/\/www.vinceneux.fr\/Photoblog\/wp-content\/uploads\/2022\/07\/w_505_2022_Compostelle__7024921-900x600.jpg 900w, http:\/\/www.vinceneux.fr\/Photoblog\/wp-content\/uploads\/2022\/07\/w_505_2022_Compostelle__7024921-300x200.jpg 300w, http:\/\/www.vinceneux.fr\/Photoblog\/wp-content\/uploads\/2022\/07\/w_505_2022_Compostelle__7024921.jpg 1920w\" sizes=\"auto, (max-width: 1536px) 100vw, 1536px\" \/><\/a><figcaption>Saint-Jean-Pied-de-Port<\/figcaption><\/figure>\n\n\n\n<p><\/p>\n\n\n\n<figure class=\"wp-block-image size-large\"><a href=\"http:\/\/vinceneux.fr\/Photoblog\/wp-content\/uploads\/2022\/07\/w_505_2022_Compostelle__7024930.jpg\" target=\"_blank\" rel=\"noopener\"><img loading=\"lazy\" decoding=\"async\" width=\"683\" height=\"1024\" src=\"http:\/\/vinceneux.fr\/Photoblog\/wp-content\/uploads\/2022\/07\/w_505_2022_Compostelle__7024930-683x1024.jpg\" alt=\"\" class=\"wp-image-1463\" srcset=\"http:\/\/www.vinceneux.fr\/Photoblog\/wp-content\/uploads\/2022\/07\/w_505_2022_Compostelle__7024930-683x1024.jpg 683w, http:\/\/www.vinceneux.fr\/Photoblog\/wp-content\/uploads\/2022\/07\/w_505_2022_Compostelle__7024930-400x600.jpg 400w, http:\/\/www.vinceneux.fr\/Photoblog\/wp-content\/uploads\/2022\/07\/w_505_2022_Compostelle__7024930-133x200.jpg 133w, http:\/\/www.vinceneux.fr\/Photoblog\/wp-content\/uploads\/2022\/07\/w_505_2022_Compostelle__7024930-1024x1536.jpg 1024w, http:\/\/www.vinceneux.fr\/Photoblog\/wp-content\/uploads\/2022\/07\/w_505_2022_Compostelle__7024930.jpg 1280w\" sizes=\"auto, (max-width: 683px) 100vw, 683px\" \/><\/a><figcaption>Saint-Jean-Pied-de-Port<\/figcaption><\/figure>\n\n\n\n<p><\/p>\n\n\n\n<figure class=\"wp-block-image size-large\"><a href=\"http:\/\/vinceneux.fr\/Photoblog\/wp-content\/uploads\/2022\/07\/w_505_2022_Compostelle__7024931.jpg\" target=\"_blank\" rel=\"noopener\"><img loading=\"lazy\" decoding=\"async\" width=\"1536\" height=\"1024\" src=\"http:\/\/vinceneux.fr\/Photoblog\/wp-content\/uploads\/2022\/07\/w_505_2022_Compostelle__7024931-1536x1024.jpg\" alt=\"\" class=\"wp-image-1464\" srcset=\"http:\/\/www.vinceneux.fr\/Photoblog\/wp-content\/uploads\/2022\/07\/w_505_2022_Compostelle__7024931-1536x1024.jpg 1536w, http:\/\/www.vinceneux.fr\/Photoblog\/wp-content\/uploads\/2022\/07\/w_505_2022_Compostelle__7024931-900x600.jpg 900w, http:\/\/www.vinceneux.fr\/Photoblog\/wp-content\/uploads\/2022\/07\/w_505_2022_Compostelle__7024931-300x200.jpg 300w, http:\/\/www.vinceneux.fr\/Photoblog\/wp-content\/uploads\/2022\/07\/w_505_2022_Compostelle__7024931.jpg 1920w\" sizes=\"auto, (max-width: 1536px) 100vw, 1536px\" \/><\/a><figcaption>Saint-Jean-Pied-de-Port<\/figcaption><\/figure>\n\n\n\n<p><\/p>\n\n\n\n<figure class=\"wp-block-image size-large\"><a href=\"http:\/\/vinceneux.fr\/Photoblog\/wp-content\/uploads\/2022\/07\/w_515_2022_Compostelle__7024924.jpg\" target=\"_blank\" rel=\"noopener\"><img loading=\"lazy\" decoding=\"async\" width=\"1024\" height=\"1024\" src=\"http:\/\/vinceneux.fr\/Photoblog\/wp-content\/uploads\/2022\/07\/w_515_2022_Compostelle__7024924-1024x1024.jpg\" alt=\"\" class=\"wp-image-1465\" srcset=\"http:\/\/www.vinceneux.fr\/Photoblog\/wp-content\/uploads\/2022\/07\/w_515_2022_Compostelle__7024924-1024x1024.jpg 1024w, http:\/\/www.vinceneux.fr\/Photoblog\/wp-content\/uploads\/2022\/07\/w_515_2022_Compostelle__7024924-600x600.jpg 600w, http:\/\/www.vinceneux.fr\/Photoblog\/wp-content\/uploads\/2022\/07\/w_515_2022_Compostelle__7024924-200x200.jpg 200w, http:\/\/www.vinceneux.fr\/Photoblog\/wp-content\/uploads\/2022\/07\/w_515_2022_Compostelle__7024924-1536x1536.jpg 1536w, http:\/\/www.vinceneux.fr\/Photoblog\/wp-content\/uploads\/2022\/07\/w_515_2022_Compostelle__7024924.jpg 1920w\" sizes=\"auto, (max-width: 1024px) 100vw, 1024px\" \/><\/a><figcaption>Le p\u00e8lerin de la gare de Saint-Jean-Pied-de-Port.<\/figcaption><\/figure>\n\n\n\n<p><\/p>\n\n\n\n<figure class=\"wp-block-image size-large\"><a href=\"http:\/\/vinceneux.fr\/Photoblog\/wp-content\/uploads\/2022\/07\/w_520_2022_Compostelle__7035009.jpg\" target=\"_blank\" rel=\"noopener\"><img loading=\"lazy\" decoding=\"async\" width=\"1365\" height=\"1024\" src=\"http:\/\/vinceneux.fr\/Photoblog\/wp-content\/uploads\/2022\/07\/w_520_2022_Compostelle__7035009-1365x1024.jpg\" alt=\"\" class=\"wp-image-1466\" srcset=\"http:\/\/www.vinceneux.fr\/Photoblog\/wp-content\/uploads\/2022\/07\/w_520_2022_Compostelle__7035009-1365x1024.jpg 1365w, http:\/\/www.vinceneux.fr\/Photoblog\/wp-content\/uploads\/2022\/07\/w_520_2022_Compostelle__7035009-800x600.jpg 800w, http:\/\/www.vinceneux.fr\/Photoblog\/wp-content\/uploads\/2022\/07\/w_520_2022_Compostelle__7035009-267x200.jpg 267w, http:\/\/www.vinceneux.fr\/Photoblog\/wp-content\/uploads\/2022\/07\/w_520_2022_Compostelle__7035009-1536x1152.jpg 1536w, http:\/\/www.vinceneux.fr\/Photoblog\/wp-content\/uploads\/2022\/07\/w_520_2022_Compostelle__7035009.jpg 1920w\" sizes=\"auto, (max-width: 1365px) 100vw, 1365px\" \/><\/a><figcaption>L&rsquo;autre p\u00e8lerin de la gare de Saint-Jean-Pied-de-Port.<\/figcaption><\/figure>\n\n\n\n<p>.<\/p>\n\n\n\n<figure class=\"wp-block-image size-large\"><img loading=\"lazy\" decoding=\"async\" width=\"1536\" height=\"1024\" src=\"http:\/\/vinceneux.fr\/Photoblog\/wp-content\/uploads\/2022\/07\/w_520_2022_Compostelle__7024920-1536x1024.jpg\" alt=\"\" class=\"wp-image-1467\" srcset=\"http:\/\/www.vinceneux.fr\/Photoblog\/wp-content\/uploads\/2022\/07\/w_520_2022_Compostelle__7024920-1536x1024.jpg 1536w, http:\/\/www.vinceneux.fr\/Photoblog\/wp-content\/uploads\/2022\/07\/w_520_2022_Compostelle__7024920-900x600.jpg 900w, http:\/\/www.vinceneux.fr\/Photoblog\/wp-content\/uploads\/2022\/07\/w_520_2022_Compostelle__7024920-300x200.jpg 300w, http:\/\/www.vinceneux.fr\/Photoblog\/wp-content\/uploads\/2022\/07\/w_520_2022_Compostelle__7024920.jpg 1920w\" sizes=\"auto, (max-width: 1536px) 100vw, 1536px\" \/><figcaption>Plus que 800 km &#8230;<\/figcaption><\/figure>\n","protected":false},"excerpt":{"rendered":"<p>Arriv\u00e9 \u00e0 Saint-Jean-Pied-de-Port et fin de la partie fran\u00e7aise sur la voie du Puy-en-Velay : 750 km r\u00e9alis\u00e9s depuis 2020, 330 km en 21 jours cette ann\u00e9e. Il ne reste qu&rsquo;un peu plus de 800 km en Espagne jusqu&rsquo;\u00e0 st Jacques de Compostelle&#8230; .<\/p>\n","protected":false},"author":1,"featured_media":0,"comment_status":"open","ping_status":"open","sticky":false,"template":"","format":"standard","meta":{"_kad_post_transparent":"","_kad_post_title":"","_kad_post_layout":"","_kad_post_sidebar_id":"","_kad_post_content_style":"","_kad_post_vertical_padding":"","_kad_post_feature":"","_kad_post_feature_position":"","_kad_post_header":false,"_kad_post_footer":false,"_kad_post_classname":"","footnotes":""},"categories":[18],"tags":[],"class_list":["post-1459","post","type-post","status-publish","format-standard","hentry","category-compostelle"],"_links":{"self":[{"href":"http:\/\/www.vinceneux.fr\/Photoblog\/index.php?rest_route=\/wp\/v2\/posts\/1459","targetHints":{"allow":["GET"]}}],"collection":[{"href":"http:\/\/www.vinceneux.fr\/Photoblog\/index.php?rest_route=\/wp\/v2\/posts"}],"about":[{"href":"http:\/\/www.vinceneux.fr\/Photoblog\/index.php?rest_route=\/wp\/v2\/types\/post"}],"author":[{"embeddable":true,"href":"http:\/\/www.vinceneux.fr\/Photoblog\/index.php?rest_route=\/wp\/v2\/users\/1"}],"replies":[{"embeddable":true,"href":"http:\/\/www.vinceneux.fr\/Photoblog\/index.php?rest_route=%2Fwp%2Fv2%2Fcomments&post=1459"}],"version-history":[{"count":2,"href":"http:\/\/www.vinceneux.fr\/Photoblog\/index.php?rest_route=\/wp\/v2\/posts\/1459\/revisions"}],"predecessor-version":[{"id":1470,"href":"http:\/\/www.vinceneux.fr\/Photoblog\/index.php?rest_route=\/wp\/v2\/posts\/1459\/revisions\/1470"}],"wp:attachment":[{"href":"http:\/\/www.vinceneux.fr\/Photoblog\/index.php?rest_route=%2Fwp%2Fv2%2Fmedia&parent=1459"}],"wp:term":[{"taxonomy":"category","embeddable":true,"href":"http:\/\/www.vinceneux.fr\/Photoblog\/index.php?rest_route=%2Fwp%2Fv2%2Fcategories&post=1459"},{"taxonomy":"post_tag","embeddable":true,"href":"http:\/\/www.vinceneux.fr\/Photoblog\/index.php?rest_route=%2Fwp%2Fv2%2Ftags&post=1459"}],"curies":[{"name":"wp","href":"https:\/\/api.w.org\/{rel}","templated":true}]}}