{"id":1324,"date":"2022-07-08T09:40:11","date_gmt":"2022-07-08T07:40:11","guid":{"rendered":"http:\/\/vinceneux.fr\/Photoblog\/?p=1324"},"modified":"2022-07-08T17:38:55","modified_gmt":"2022-07-08T15:38:55","slug":"2022-compostelle-moissac-espalais","status":"publish","type":"post","link":"http:\/\/www.vinceneux.fr\/Photoblog\/?p=1324","title":{"rendered":"2022 Compostelle &#8211; J1\/21 : Moissac &#8211; Espalais"},"content":{"rendered":"\n<p>Apr\u00e8s Juin 2020, o\u00f9 je chemine du Puy en Velay \u00e0 Figeac (285 km), puis Septembre 2021, de Figeac \u00e0 Moissac (157 km), me voil\u00e0 de retour \u00e0 Moissac pour reprendre le Camino jusqu&rsquo;\u00e0 St Jean Pied de Port &#8230;  <\/p>\n\n\n\n<p><em>(Despu\u00e9s Junio 2020, cuando he caminado, en Francia, desde Le Puy en Velay hasta Figeac (285 km), y luego desde Figeac hasta Moissac (157 km), estoy de nuevo en 2022 en Moissac, en el Camino de Santiago hasta <em>Saint Jean Pied de Port<\/em><\/em> en <em>la frontera espa\u00f1ola \u2026)<\/em>.<\/p>\n\n\n\n<p>Un canal interminable, suivi d&rsquo;une centrale nucl\u00e9aire !<\/p>\n\n\n\n<p><em>(Un canal interminable, y despu\u00e9s una central nuclear !)<\/em><\/p>\n\n\n\n<figure class=\"wp-block-image size-large\"><a href=\"http:\/\/vinceneux.fr\/Photoblog\/wp-content\/uploads\/2022\/07\/w_100_2022_Compostelle__6124380.jpg\" target=\"_blank\" rel=\"noopener\"><img loading=\"lazy\" decoding=\"async\" width=\"1024\" height=\"1024\" src=\"http:\/\/vinceneux.fr\/Photoblog\/wp-content\/uploads\/2022\/07\/w_100_2022_Compostelle__6124380-1024x1024.jpg\" alt=\"\" class=\"wp-image-1325\" srcset=\"http:\/\/www.vinceneux.fr\/Photoblog\/wp-content\/uploads\/2022\/07\/w_100_2022_Compostelle__6124380-1024x1024.jpg 1024w, http:\/\/www.vinceneux.fr\/Photoblog\/wp-content\/uploads\/2022\/07\/w_100_2022_Compostelle__6124380-600x600.jpg 600w, http:\/\/www.vinceneux.fr\/Photoblog\/wp-content\/uploads\/2022\/07\/w_100_2022_Compostelle__6124380-200x200.jpg 200w, http:\/\/www.vinceneux.fr\/Photoblog\/wp-content\/uploads\/2022\/07\/w_100_2022_Compostelle__6124380-1536x1536.jpg 1536w, http:\/\/www.vinceneux.fr\/Photoblog\/wp-content\/uploads\/2022\/07\/w_100_2022_Compostelle__6124380.jpg 1920w\" sizes=\"auto, (max-width: 1024px) 100vw, 1024px\" \/><\/a><figcaption>Moissac <\/figcaption><\/figure>\n\n\n\n<p><\/p>\n\n\n\n<figure class=\"wp-block-image size-large\"><a href=\"http:\/\/vinceneux.fr\/Photoblog\/wp-content\/uploads\/2022\/07\/w_100_2022_Compostelle__6134384.jpg\" target=\"_blank\" rel=\"noopener\"><img loading=\"lazy\" decoding=\"async\" width=\"1536\" height=\"1024\" src=\"http:\/\/vinceneux.fr\/Photoblog\/wp-content\/uploads\/2022\/07\/w_100_2022_Compostelle__6134384-1536x1024.jpg\" alt=\"\" class=\"wp-image-1326\" srcset=\"http:\/\/www.vinceneux.fr\/Photoblog\/wp-content\/uploads\/2022\/07\/w_100_2022_Compostelle__6134384-1536x1024.jpg 1536w, http:\/\/www.vinceneux.fr\/Photoblog\/wp-content\/uploads\/2022\/07\/w_100_2022_Compostelle__6134384-900x600.jpg 900w, http:\/\/www.vinceneux.fr\/Photoblog\/wp-content\/uploads\/2022\/07\/w_100_2022_Compostelle__6134384-300x200.jpg 300w, http:\/\/www.vinceneux.fr\/Photoblog\/wp-content\/uploads\/2022\/07\/w_100_2022_Compostelle__6134384.jpg 1920w\" sizes=\"auto, (max-width: 1536px) 100vw, 1536px\" \/><\/a><figcaption>Canal Lat\u00e9ral \u00e0 la Garonne<\/figcaption><\/figure>\n\n\n\n<p><\/p>\n\n\n\n<figure class=\"wp-block-image size-large\"><a href=\"http:\/\/vinceneux.fr\/Photoblog\/wp-content\/uploads\/2022\/07\/w_100_2022_Compostelle__6134388.jpg\" target=\"_blank\" rel=\"noopener\"><img loading=\"lazy\" decoding=\"async\" width=\"1536\" height=\"1024\" src=\"http:\/\/vinceneux.fr\/Photoblog\/wp-content\/uploads\/2022\/07\/w_100_2022_Compostelle__6134388-1536x1024.jpg\" alt=\"\" class=\"wp-image-1327\" srcset=\"http:\/\/www.vinceneux.fr\/Photoblog\/wp-content\/uploads\/2022\/07\/w_100_2022_Compostelle__6134388-1536x1024.jpg 1536w, http:\/\/www.vinceneux.fr\/Photoblog\/wp-content\/uploads\/2022\/07\/w_100_2022_Compostelle__6134388-900x600.jpg 900w, http:\/\/www.vinceneux.fr\/Photoblog\/wp-content\/uploads\/2022\/07\/w_100_2022_Compostelle__6134388-300x200.jpg 300w, http:\/\/www.vinceneux.fr\/Photoblog\/wp-content\/uploads\/2022\/07\/w_100_2022_Compostelle__6134388.jpg 1920w\" sizes=\"auto, (max-width: 1536px) 100vw, 1536px\" \/><\/a><\/figure>\n\n\n\n<p><\/p>\n\n\n\n<figure class=\"wp-block-image size-large\"><a href=\"http:\/\/vinceneux.fr\/Photoblog\/wp-content\/uploads\/2022\/07\/w_100_2022_Compostelle__6134398.jpg\" target=\"_blank\" rel=\"noopener\"><img loading=\"lazy\" decoding=\"async\" width=\"1536\" height=\"1024\" src=\"http:\/\/vinceneux.fr\/Photoblog\/wp-content\/uploads\/2022\/07\/w_100_2022_Compostelle__6134398-1536x1024.jpg\" alt=\"\" class=\"wp-image-1328\" srcset=\"http:\/\/www.vinceneux.fr\/Photoblog\/wp-content\/uploads\/2022\/07\/w_100_2022_Compostelle__6134398-1536x1024.jpg 1536w, http:\/\/www.vinceneux.fr\/Photoblog\/wp-content\/uploads\/2022\/07\/w_100_2022_Compostelle__6134398-900x600.jpg 900w, http:\/\/www.vinceneux.fr\/Photoblog\/wp-content\/uploads\/2022\/07\/w_100_2022_Compostelle__6134398-300x200.jpg 300w, http:\/\/www.vinceneux.fr\/Photoblog\/wp-content\/uploads\/2022\/07\/w_100_2022_Compostelle__6134398.jpg 1920w\" sizes=\"auto, (max-width: 1536px) 100vw, 1536px\" \/><\/a><figcaption>La centrale nucl\u00e9aire de Golfech<\/figcaption><\/figure>\n","protected":false},"excerpt":{"rendered":"<p>Apr\u00e8s Juin 2020, o\u00f9 je chemine du Puy en Velay \u00e0 Figeac (285 km), puis Septembre 2021, de Figeac \u00e0 Moissac (157 km), me voil\u00e0 de retour \u00e0 Moissac pour reprendre le Camino jusqu&rsquo;\u00e0 St Jean Pied de Port &#8230; (Despu\u00e9s Junio 2020, cuando he caminado, en Francia, desde Le Puy en Velay hasta Figeac&#8230;<\/p>\n","protected":false},"author":1,"featured_media":0,"comment_status":"open","ping_status":"open","sticky":false,"template":"","format":"standard","meta":{"_kad_post_transparent":"","_kad_post_title":"","_kad_post_layout":"","_kad_post_sidebar_id":"","_kad_post_content_style":"","_kad_post_vertical_padding":"","_kad_post_feature":"","_kad_post_feature_position":"","_kad_post_header":false,"_kad_post_footer":false,"_kad_post_classname":"","footnotes":""},"categories":[18],"tags":[],"class_list":["post-1324","post","type-post","status-publish","format-standard","hentry","category-compostelle"],"_links":{"self":[{"href":"http:\/\/www.vinceneux.fr\/Photoblog\/index.php?rest_route=\/wp\/v2\/posts\/1324","targetHints":{"allow":["GET"]}}],"collection":[{"href":"http:\/\/www.vinceneux.fr\/Photoblog\/index.php?rest_route=\/wp\/v2\/posts"}],"about":[{"href":"http:\/\/www.vinceneux.fr\/Photoblog\/index.php?rest_route=\/wp\/v2\/types\/post"}],"author":[{"embeddable":true,"href":"http:\/\/www.vinceneux.fr\/Photoblog\/index.php?rest_route=\/wp\/v2\/users\/1"}],"replies":[{"embeddable":true,"href":"http:\/\/www.vinceneux.fr\/Photoblog\/index.php?rest_route=%2Fwp%2Fv2%2Fcomments&post=1324"}],"version-history":[{"count":4,"href":"http:\/\/www.vinceneux.fr\/Photoblog\/index.php?rest_route=\/wp\/v2\/posts\/1324\/revisions"}],"predecessor-version":[{"id":1333,"href":"http:\/\/www.vinceneux.fr\/Photoblog\/index.php?rest_route=\/wp\/v2\/posts\/1324\/revisions\/1333"}],"wp:attachment":[{"href":"http:\/\/www.vinceneux.fr\/Photoblog\/index.php?rest_route=%2Fwp%2Fv2%2Fmedia&parent=1324"}],"wp:term":[{"taxonomy":"category","embeddable":true,"href":"http:\/\/www.vinceneux.fr\/Photoblog\/index.php?rest_route=%2Fwp%2Fv2%2Fcategories&post=1324"},{"taxonomy":"post_tag","embeddable":true,"href":"http:\/\/www.vinceneux.fr\/Photoblog\/index.php?rest_route=%2Fwp%2Fv2%2Ftags&post=1324"}],"curies":[{"name":"wp","href":"https:\/\/api.w.org\/{rel}","templated":true}]}}