{"id":1292,"date":"2022-05-13T10:20:35","date_gmt":"2022-05-13T08:20:35","guid":{"rendered":"http:\/\/vinceneux.fr\/Photoblog\/?p=1292"},"modified":"2022-09-02T19:12:31","modified_gmt":"2022-09-02T17:12:31","slug":"exposition-photos-a-minorque-baleares","status":"publish","type":"post","link":"http:\/\/www.vinceneux.fr\/Photoblog\/?p=1292","title":{"rendered":"Exposition photos \u00e0 Minorque Bal\u00e9ares"},"content":{"rendered":"\n<p>Ouverture Mardi prochain 17 Mai 2022 de notre exposition photographique, Odile L\u00e9tourmy et moi, \u00e0 Alaior (<strong>Minorque<\/strong>, \u00celes Bal\u00e9ares) <\/p>\n\n\n\n<p>\u00ab\u00a0<strong>Cannettes et Plastiques : Beaut\u00e9s toxiques<\/strong>\u00a0\u00bb au Centre Culturel dans le Convent Sant Diego <\/p>\n\n\n\n<figure class=\"wp-block-image size-large\"><img loading=\"lazy\" decoding=\"async\" width=\"1024\" height=\"1024\" src=\"http:\/\/vinceneux.fr\/Photoblog\/wp-content\/uploads\/2022\/05\/w_100_2022_expo__5114089-1024x1024.jpg\" alt=\"\" class=\"wp-image-1293\" srcset=\"http:\/\/www.vinceneux.fr\/Photoblog\/wp-content\/uploads\/2022\/05\/w_100_2022_expo__5114089-1024x1024.jpg 1024w, http:\/\/www.vinceneux.fr\/Photoblog\/wp-content\/uploads\/2022\/05\/w_100_2022_expo__5114089-600x600.jpg 600w, http:\/\/www.vinceneux.fr\/Photoblog\/wp-content\/uploads\/2022\/05\/w_100_2022_expo__5114089-200x200.jpg 200w, http:\/\/www.vinceneux.fr\/Photoblog\/wp-content\/uploads\/2022\/05\/w_100_2022_expo__5114089-1536x1536.jpg 1536w, http:\/\/www.vinceneux.fr\/Photoblog\/wp-content\/uploads\/2022\/05\/w_100_2022_expo__5114089.jpg 1920w\" sizes=\"auto, (max-width: 1024px) 100vw, 1024px\" \/><\/figure>\n\n\n\n<p><\/p>\n\n\n\n<p><\/p>\n\n\n\n<figure class=\"wp-block-image size-large\"><img loading=\"lazy\" decoding=\"async\" width=\"1365\" height=\"1024\" src=\"http:\/\/vinceneux.fr\/Photoblog\/wp-content\/uploads\/2022\/05\/w_100_20220512_120827-1-1365x1024.jpg\" alt=\"\" class=\"wp-image-1295\" srcset=\"http:\/\/www.vinceneux.fr\/Photoblog\/wp-content\/uploads\/2022\/05\/w_100_20220512_120827-1-1365x1024.jpg 1365w, http:\/\/www.vinceneux.fr\/Photoblog\/wp-content\/uploads\/2022\/05\/w_100_20220512_120827-1-800x600.jpg 800w, http:\/\/www.vinceneux.fr\/Photoblog\/wp-content\/uploads\/2022\/05\/w_100_20220512_120827-1-267x200.jpg 267w, http:\/\/www.vinceneux.fr\/Photoblog\/wp-content\/uploads\/2022\/05\/w_100_20220512_120827-1-1536x1152.jpg 1536w, http:\/\/www.vinceneux.fr\/Photoblog\/wp-content\/uploads\/2022\/05\/w_100_20220512_120827-1.jpg 1920w\" sizes=\"auto, (max-width: 1365px) 100vw, 1365px\" \/><\/figure>\n\n\n\n<p><\/p>\n\n\n\n<p><\/p>\n\n\n\n<figure class=\"wp-block-image size-large\"><img loading=\"lazy\" decoding=\"async\" width=\"1024\" height=\"1024\" src=\"http:\/\/vinceneux.fr\/Photoblog\/wp-content\/uploads\/2022\/05\/2021_Alaior__A190327-1024x1024.jpg\" alt=\"\" class=\"wp-image-1296\" srcset=\"http:\/\/www.vinceneux.fr\/Photoblog\/wp-content\/uploads\/2022\/05\/2021_Alaior__A190327-1024x1024.jpg 1024w, http:\/\/www.vinceneux.fr\/Photoblog\/wp-content\/uploads\/2022\/05\/2021_Alaior__A190327-600x600.jpg 600w, http:\/\/www.vinceneux.fr\/Photoblog\/wp-content\/uploads\/2022\/05\/2021_Alaior__A190327-200x200.jpg 200w, http:\/\/www.vinceneux.fr\/Photoblog\/wp-content\/uploads\/2022\/05\/2021_Alaior__A190327-1536x1536.jpg 1536w, http:\/\/www.vinceneux.fr\/Photoblog\/wp-content\/uploads\/2022\/05\/2021_Alaior__A190327.jpg 1920w\" sizes=\"auto, (max-width: 1024px) 100vw, 1024px\" \/><\/figure>\n\n\n\n<p><\/p>\n\n\n\n<p><\/p>\n\n\n\n<figure class=\"wp-block-image size-large\"><img loading=\"lazy\" decoding=\"async\" width=\"1365\" height=\"1024\" src=\"http:\/\/vinceneux.fr\/Photoblog\/wp-content\/uploads\/2022\/05\/w_100_2022_expo__5114088-1365x1024.jpg\" alt=\"\" class=\"wp-image-1297\" srcset=\"http:\/\/www.vinceneux.fr\/Photoblog\/wp-content\/uploads\/2022\/05\/w_100_2022_expo__5114088-1365x1024.jpg 1365w, http:\/\/www.vinceneux.fr\/Photoblog\/wp-content\/uploads\/2022\/05\/w_100_2022_expo__5114088-800x600.jpg 800w, http:\/\/www.vinceneux.fr\/Photoblog\/wp-content\/uploads\/2022\/05\/w_100_2022_expo__5114088-267x200.jpg 267w, http:\/\/www.vinceneux.fr\/Photoblog\/wp-content\/uploads\/2022\/05\/w_100_2022_expo__5114088-1536x1152.jpg 1536w, http:\/\/www.vinceneux.fr\/Photoblog\/wp-content\/uploads\/2022\/05\/w_100_2022_expo__5114088.jpg 1920w\" sizes=\"auto, (max-width: 1365px) 100vw, 1365px\" \/><\/figure>\n\n\n\n<p><\/p>\n\n\n\n<figure class=\"wp-block-image size-large\"><img loading=\"lazy\" decoding=\"async\" width=\"1365\" height=\"1024\" src=\"http:\/\/vinceneux.fr\/Photoblog\/wp-content\/uploads\/2022\/05\/w_100_20220510_165833-1-1365x1024.jpg\" alt=\"\" class=\"wp-image-1299\" srcset=\"http:\/\/www.vinceneux.fr\/Photoblog\/wp-content\/uploads\/2022\/05\/w_100_20220510_165833-1-1365x1024.jpg 1365w, http:\/\/www.vinceneux.fr\/Photoblog\/wp-content\/uploads\/2022\/05\/w_100_20220510_165833-1-800x600.jpg 800w, http:\/\/www.vinceneux.fr\/Photoblog\/wp-content\/uploads\/2022\/05\/w_100_20220510_165833-1-267x200.jpg 267w, http:\/\/www.vinceneux.fr\/Photoblog\/wp-content\/uploads\/2022\/05\/w_100_20220510_165833-1-1536x1152.jpg 1536w, http:\/\/www.vinceneux.fr\/Photoblog\/wp-content\/uploads\/2022\/05\/w_100_20220510_165833-1.jpg 1920w\" sizes=\"auto, (max-width: 1365px) 100vw, 1365px\" \/><\/figure>\n\n\n\n<p><\/p>\n\n\n\n<p class=\"has-text-align-center\"><strong>Latas y pl\u00e1sticos, atractivos nocivos<\/strong><\/p>\n\n\n\n<p>Pero as\u00ed son las cosas, durante d\u00e9cadas, las seductoras sirenas de la modernidad y la vida confortable han conseguido convertirnos a las virtudes l\u00fadicas de los materiales nuevos, baratos y consumibles a montones, disponibles de muchas maneras, en la tierra, en el cielo, bajo el agua.<\/p>\n\n\n\n<p>Y, poco a poco, nos hemos acostumbrado tanto a ello que, sin saberlo, nos hemos intoxicado, nos hemos transformado en plast\u00edvoros y, finalmente, nos hemos quedado aprisionados en este universo donde todo es suave, alegre y dichoso.<\/p>\n\n\n\n<p>Desde hace algunos a\u00f1os, odilE y Bernard fotograf\u00edan estas Latas, estos Pl\u00e1sticos. Revelan su doble cara, no sin cuestionarse.<\/p>\n\n\n\n<p>Estos objetos, a menudo banales, incluso triviales, que envejecen mal y contaminan tan pronto como son abandonados en cualquier lugar, esconden tambi\u00e9n otra realidad insospechada, est\u00e9tica, abstracta, art\u00edstica, enigm\u00e1tica, fascinante&#8230;<\/p>\n\n\n\n<p>Extra\u00f1a paradoja, \u00bfno?<\/p>\n","protected":false},"excerpt":{"rendered":"<p>Ouverture Mardi prochain 17 Mai 2022 de notre exposition photographique, Odile L\u00e9tourmy et moi, \u00e0 Alaior (Minorque, \u00celes Bal\u00e9ares) \u00ab\u00a0Cannettes et Plastiques : Beaut\u00e9s toxiques\u00a0\u00bb au Centre Culturel dans le Convent Sant Diego Latas y pl\u00e1sticos, atractivos nocivos Pero as\u00ed son las cosas, durante d\u00e9cadas, las seductoras sirenas de la modernidad y la vida confortable&#8230;<\/p>\n","protected":false},"author":1,"featured_media":0,"comment_status":"open","ping_status":"open","sticky":false,"template":"","format":"standard","meta":{"_kad_post_transparent":"","_kad_post_title":"","_kad_post_layout":"","_kad_post_sidebar_id":"","_kad_post_content_style":"","_kad_post_vertical_padding":"","_kad_post_feature":"","_kad_post_feature_position":"","_kad_post_header":false,"_kad_post_footer":false,"_kad_post_classname":"","footnotes":""},"categories":[2,3],"tags":[],"class_list":["post-1292","post","type-post","status-publish","format-standard","hentry","category-expositions","category-minorque"],"_links":{"self":[{"href":"http:\/\/www.vinceneux.fr\/Photoblog\/index.php?rest_route=\/wp\/v2\/posts\/1292","targetHints":{"allow":["GET"]}}],"collection":[{"href":"http:\/\/www.vinceneux.fr\/Photoblog\/index.php?rest_route=\/wp\/v2\/posts"}],"about":[{"href":"http:\/\/www.vinceneux.fr\/Photoblog\/index.php?rest_route=\/wp\/v2\/types\/post"}],"author":[{"embeddable":true,"href":"http:\/\/www.vinceneux.fr\/Photoblog\/index.php?rest_route=\/wp\/v2\/users\/1"}],"replies":[{"embeddable":true,"href":"http:\/\/www.vinceneux.fr\/Photoblog\/index.php?rest_route=%2Fwp%2Fv2%2Fcomments&post=1292"}],"version-history":[{"count":4,"href":"http:\/\/www.vinceneux.fr\/Photoblog\/index.php?rest_route=\/wp\/v2\/posts\/1292\/revisions"}],"predecessor-version":[{"id":1311,"href":"http:\/\/www.vinceneux.fr\/Photoblog\/index.php?rest_route=\/wp\/v2\/posts\/1292\/revisions\/1311"}],"wp:attachment":[{"href":"http:\/\/www.vinceneux.fr\/Photoblog\/index.php?rest_route=%2Fwp%2Fv2%2Fmedia&parent=1292"}],"wp:term":[{"taxonomy":"category","embeddable":true,"href":"http:\/\/www.vinceneux.fr\/Photoblog\/index.php?rest_route=%2Fwp%2Fv2%2Fcategories&post=1292"},{"taxonomy":"post_tag","embeddable":true,"href":"http:\/\/www.vinceneux.fr\/Photoblog\/index.php?rest_route=%2Fwp%2Fv2%2Ftags&post=1292"}],"curies":[{"name":"wp","href":"https:\/\/api.w.org\/{rel}","templated":true}]}}