{"id":1288,"date":"2022-05-09T18:34:07","date_gmt":"2022-05-09T16:34:07","guid":{"rendered":"http:\/\/vinceneux.fr\/Photoblog\/?p=1288"},"modified":"2022-05-23T09:55:13","modified_gmt":"2022-05-23T07:55:13","slug":"exposition-a-alaior-minorque","status":"publish","type":"post","link":"http:\/\/www.vinceneux.fr\/Photoblog\/?p=1288","title":{"rendered":"Exposition \u00e0 Alaior Minorque"},"content":{"rendered":"\n<p>Odile et moi exposons au Convent de Sant Diego \u00e0 Alaior (Minorque, Bal\u00e9ares) <\/p>\n\n\n\n<p><strong>du 13 Mai au 26 Juin 2022<\/strong>, du mardi au dimanche de 18h30 \u00e0 20h30 :<\/p>\n\n\n\n<p>\u00ab\u00a0<strong>Cannettes, Plastiques : Beaut\u00e9s Toxiques<\/strong>\u00a0\u00bb <\/p>\n\n\n\n<p><em><strong>(Latas y Pl\u00e1sticos : Atractivos nocivos)<\/strong><\/em><\/p>\n\n\n\n<figure class=\"wp-block-image size-large\"><a href=\"http:\/\/vinceneux.fr\/Photoblog\/wp-content\/uploads\/2022\/05\/Expo-eco-Odile-i-Bernard-_amb-canvis_-scaled.jpg\" target=\"_blank\" rel=\"noopener\"><img loading=\"lazy\" decoding=\"async\" width=\"610\" height=\"1024\" src=\"http:\/\/vinceneux.fr\/Photoblog\/wp-content\/uploads\/2022\/05\/Expo-eco-Odile-i-Bernard-_amb-canvis_-610x1024.jpg\" alt=\"\" class=\"wp-image-1309\" srcset=\"http:\/\/www.vinceneux.fr\/Photoblog\/wp-content\/uploads\/2022\/05\/Expo-eco-Odile-i-Bernard-_amb-canvis_-610x1024.jpg 610w, http:\/\/www.vinceneux.fr\/Photoblog\/wp-content\/uploads\/2022\/05\/Expo-eco-Odile-i-Bernard-_amb-canvis_-357x600.jpg 357w, http:\/\/www.vinceneux.fr\/Photoblog\/wp-content\/uploads\/2022\/05\/Expo-eco-Odile-i-Bernard-_amb-canvis_-119x200.jpg 119w, http:\/\/www.vinceneux.fr\/Photoblog\/wp-content\/uploads\/2022\/05\/Expo-eco-Odile-i-Bernard-_amb-canvis_-914x1536.jpg 914w, http:\/\/www.vinceneux.fr\/Photoblog\/wp-content\/uploads\/2022\/05\/Expo-eco-Odile-i-Bernard-_amb-canvis_-1219x2048.jpg 1219w, http:\/\/www.vinceneux.fr\/Photoblog\/wp-content\/uploads\/2022\/05\/Expo-eco-Odile-i-Bernard-_amb-canvis_-scaled.jpg 1524w\" sizes=\"auto, (max-width: 610px) 100vw, 610px\" \/><\/a><\/figure>\n\n\n\n<p><strong>Canettes et Plastiques, <\/strong><strong>Beaut\u00e9s toxiques<\/strong><\/p>\n\n\n\n<p>L\u00e9gers, brillants, color\u00e9s, ils ont envahi ma cuisine, mon bureau, mon r\u00e9frig\u00e9rateur \u2026 Pour subvenir \u00e0 tous mes besoins, ils se font tant\u00f4t cubiques, cylindriques, sph\u00e9riques, ou m\u00eame coniques, ils s\u2019aplatissent, ils s\u2019allongent, ils s\u2019\u00e9vasent, se creusent, s\u2019\u00e9tirent, se ratatinent, s\u2019insinuent partout, m\u00eame sous mes doigts, comme ce clavier joyeux et impeccable avec lequel j\u2019\u00e9cris en ce moment.<\/p>\n\n\n\n<p>Ambitieux, embl\u00e9matiques et populaires, ils sont mati\u00e8re premi\u00e8re id\u00e9ale des nouveaux chefs-d\u2019\u0153uvre de l\u2019Art et ont donc fait leur entr\u00e9e dans les mus\u00e9es, dans les galeries\u2026 ou dans nos pr\u00e9s dans lesquels, enhardis, ils se sont infiltr\u00e9s pour distraire nos vaches\u2026 et, h\u00e9las, dans nos oc\u00e9ans, o\u00f9 un peu mals\u00e9ants, d\u00e9plac\u00e9s m\u00eame, malvenus, d\u00e9guis\u00e9s sous forme de microbilles, ils servent de nourriture extravagante aux voraces poissons et crustac\u00e9s.<\/p>\n\n\n\n<p><a><\/a> Hol\u00e0&nbsp;! Plastiques et canettes&nbsp;! N\u2019en faites pas trop&nbsp;! N\u2019abusez pas&nbsp;! Avez-vous pens\u00e9, fols intrus, \u00e0 ceux qui mangent les poissons ? A ceux qui les dig\u00e8rent&nbsp;? Croyez- vous, lents pollueurs, nos appareils digestifs plus recyclables que ceux des mouettes et des go\u00e9lands&nbsp;?<\/p>\n\n\n\n<p>Mais c\u2019est ainsi, depuis des d\u00e9cennies, les sir\u00e8nes affriolantes de la modernit\u00e9 et de la vie confortable ont su nous convertir aux vertus ludiques de mat\u00e9riaux in\u00e9dits, bon march\u00e9, consommables \u00e0 gogo et disponibles en maintes options, sur terre, dans le ciel, sous les eaux.<\/p>\n\n\n\n<p>Et, peu \u00e0 peu, nous nous y sommes accoutum\u00e9s au point d\u2019\u00eatre, \u00e0 notre insu, intoxiqu\u00e9s, m\u00e9tamorphos\u00e9s en plastivores et finalement emprisonn\u00e9s dans cet univers o\u00f9 tout est lisse, gai, joyeux.<\/p>\n\n\n\n<p>Depuis quelques ann\u00e9es, Odile et Bernard photographient ces Canettes, ces Plastiques. Ils en r\u00e9v\u00e8lent le double visage, non sans questionnement.<\/p>\n\n\n\n<p>Ces objets, souvent banals, triviaux m\u00eame, qui vieillissent mal et polluent d\u00e8s qu\u2019on les abandonne un peu n\u2019importe o\u00f9, rec\u00e8lent aussi une autre r\u00e9alit\u00e9 insoup\u00e7onn\u00e9e, esth\u00e9tique, abstraite, artistique, \u00e9nigmatique, fascinante\u2026<\/p>\n\n\n\n<p>Mais ne faut-il pas justement avoir l\u2019esprit plastique, souple, mall\u00e9able pour voir les choses telles qu\u2019elles sont et sous toutes leurs facettes\u2026<\/p>\n\n\n\n<p>\u00c9trange paradoxe, n\u2019est-ce pas&nbsp;?<\/p>\n\n\n\n<p>Insurmontable contradiction&nbsp;?<\/p>\n\n\n\n<p>Peut-\u00eatre&nbsp;!<\/p>\n\n\n\n<p>Odile L\u00e9tourmy<\/p>\n\n\n\n<p>Philippe Gicquel<\/p>\n","protected":false},"excerpt":{"rendered":"<p>Odile et moi exposons au Convent de Sant Diego \u00e0 Alaior (Minorque, Bal\u00e9ares) du 13 Mai au 26 Juin 2022, du mardi au dimanche de 18h30 \u00e0 20h30 : \u00ab\u00a0Cannettes, Plastiques : Beaut\u00e9s Toxiques\u00a0\u00bb (Latas y Pl\u00e1sticos : Atractivos nocivos) Canettes et Plastiques, Beaut\u00e9s toxiques L\u00e9gers, brillants, color\u00e9s, ils ont envahi ma cuisine, mon bureau,&#8230;<\/p>\n","protected":false},"author":1,"featured_media":0,"comment_status":"open","ping_status":"open","sticky":false,"template":"","format":"standard","meta":{"_kad_post_transparent":"","_kad_post_title":"","_kad_post_layout":"","_kad_post_sidebar_id":"","_kad_post_content_style":"","_kad_post_vertical_padding":"","_kad_post_feature":"","_kad_post_feature_position":"","_kad_post_header":false,"_kad_post_footer":false,"_kad_post_classname":"","footnotes":""},"categories":[14,2,3,19],"tags":[],"class_list":["post-1288","post","type-post","status-publish","format-standard","hentry","category-espagne","category-expositions","category-minorque","category-plastiques"],"_links":{"self":[{"href":"http:\/\/www.vinceneux.fr\/Photoblog\/index.php?rest_route=\/wp\/v2\/posts\/1288","targetHints":{"allow":["GET"]}}],"collection":[{"href":"http:\/\/www.vinceneux.fr\/Photoblog\/index.php?rest_route=\/wp\/v2\/posts"}],"about":[{"href":"http:\/\/www.vinceneux.fr\/Photoblog\/index.php?rest_route=\/wp\/v2\/types\/post"}],"author":[{"embeddable":true,"href":"http:\/\/www.vinceneux.fr\/Photoblog\/index.php?rest_route=\/wp\/v2\/users\/1"}],"replies":[{"embeddable":true,"href":"http:\/\/www.vinceneux.fr\/Photoblog\/index.php?rest_route=%2Fwp%2Fv2%2Fcomments&post=1288"}],"version-history":[{"count":5,"href":"http:\/\/www.vinceneux.fr\/Photoblog\/index.php?rest_route=\/wp\/v2\/posts\/1288\/revisions"}],"predecessor-version":[{"id":1310,"href":"http:\/\/www.vinceneux.fr\/Photoblog\/index.php?rest_route=\/wp\/v2\/posts\/1288\/revisions\/1310"}],"wp:attachment":[{"href":"http:\/\/www.vinceneux.fr\/Photoblog\/index.php?rest_route=%2Fwp%2Fv2%2Fmedia&parent=1288"}],"wp:term":[{"taxonomy":"category","embeddable":true,"href":"http:\/\/www.vinceneux.fr\/Photoblog\/index.php?rest_route=%2Fwp%2Fv2%2Fcategories&post=1288"},{"taxonomy":"post_tag","embeddable":true,"href":"http:\/\/www.vinceneux.fr\/Photoblog\/index.php?rest_route=%2Fwp%2Fv2%2Ftags&post=1288"}],"curies":[{"name":"wp","href":"https:\/\/api.w.org\/{rel}","templated":true}]}}