{"id":1275,"date":"2022-04-03T15:02:56","date_gmt":"2022-04-03T13:02:56","guid":{"rendered":"http:\/\/vinceneux.fr\/Photoblog\/?p=1275"},"modified":"2022-04-03T15:17:45","modified_gmt":"2022-04-03T13:17:45","slug":"beautes-toxiques","status":"publish","type":"post","link":"http:\/\/www.vinceneux.fr\/Photoblog\/?p=1275","title":{"rendered":"Beaut\u00e9s toxiques"},"content":{"rendered":"\n<p>J&rsquo;ai re\u00e7u hier les exemplaires de mon dernier livre photo que j&rsquo;ai \u00e9dit\u00e9.  <em>(He recibido ayer los ejemplares de mi ultimo libro que he editado)<\/em> :<\/p>\n\n\n\n<p class=\"has-text-align-center\"><em><strong>Beaut\u00e9s toxiques<\/strong><\/em> (<strong><em>Bellezas t\u00f3xicas<\/em><\/strong>)<\/p>\n\n\n\n<p><\/p>\n\n\n\n<p>qui accompagnera notre future exposition, avec Odile, \u00e0 Alaior (Minorque, Bal\u00e9ares) en mai prochain &#8230; A suivre ! <em>(para complementar nuestra pr\u00f3xima exposici\u00f3n en Alaior (Menorca, Baleares) en el mes de mayo que viene : \u00a1a seguir! )<\/em><\/p>\n\n\n\n<p><\/p>\n\n\n\n<figure class=\"wp-block-image size-large\"><img loading=\"lazy\" decoding=\"async\" width=\"1069\" height=\"1024\" src=\"http:\/\/vinceneux.fr\/Photoblog\/wp-content\/uploads\/2022\/04\/w_100_2022_St_Nazaire__4013016-1069x1024.jpg\" alt=\"\" class=\"wp-image-1276\" srcset=\"http:\/\/www.vinceneux.fr\/Photoblog\/wp-content\/uploads\/2022\/04\/w_100_2022_St_Nazaire__4013016-1069x1024.jpg 1069w, http:\/\/www.vinceneux.fr\/Photoblog\/wp-content\/uploads\/2022\/04\/w_100_2022_St_Nazaire__4013016-626x600.jpg 626w, http:\/\/www.vinceneux.fr\/Photoblog\/wp-content\/uploads\/2022\/04\/w_100_2022_St_Nazaire__4013016-209x200.jpg 209w, http:\/\/www.vinceneux.fr\/Photoblog\/wp-content\/uploads\/2022\/04\/w_100_2022_St_Nazaire__4013016-1536x1471.jpg 1536w, http:\/\/www.vinceneux.fr\/Photoblog\/wp-content\/uploads\/2022\/04\/w_100_2022_St_Nazaire__4013016.jpg 1920w\" sizes=\"auto, (max-width: 1069px) 100vw, 1069px\" \/><\/figure>\n\n\n\n<figure class=\"wp-block-image size-large\"><a href=\"http:\/\/vinceneux.fr\/Photoblog\/wp-content\/uploads\/2022\/04\/V2_Couv_Beautes_Toxiques-scaled.jpg\" target=\"_blank\" rel=\"noopener noreferrer\"><img loading=\"lazy\" decoding=\"async\" width=\"1600\" height=\"607\" src=\"http:\/\/vinceneux.fr\/Photoblog\/wp-content\/uploads\/2022\/04\/V2_Couv_Beautes_Toxiques-1600x607.jpg\" alt=\"\" class=\"wp-image-1277\" srcset=\"http:\/\/www.vinceneux.fr\/Photoblog\/wp-content\/uploads\/2022\/04\/V2_Couv_Beautes_Toxiques-1600x607.jpg 1600w, http:\/\/www.vinceneux.fr\/Photoblog\/wp-content\/uploads\/2022\/04\/V2_Couv_Beautes_Toxiques-900x341.jpg 900w, http:\/\/www.vinceneux.fr\/Photoblog\/wp-content\/uploads\/2022\/04\/V2_Couv_Beautes_Toxiques-300x114.jpg 300w, http:\/\/www.vinceneux.fr\/Photoblog\/wp-content\/uploads\/2022\/04\/V2_Couv_Beautes_Toxiques-1536x582.jpg 1536w, http:\/\/www.vinceneux.fr\/Photoblog\/wp-content\/uploads\/2022\/04\/V2_Couv_Beautes_Toxiques-2048x776.jpg 2048w\" sizes=\"auto, (max-width: 1600px) 100vw, 1600px\" \/><\/a><figcaption>Cliquer pour le voir en grand !<\/figcaption><\/figure>\n\n\n\n<p><\/p>\n","protected":false},"excerpt":{"rendered":"<p>J&rsquo;ai re\u00e7u hier les exemplaires de mon dernier livre photo que j&rsquo;ai \u00e9dit\u00e9. (He recibido ayer los ejemplares de mi ultimo libro que he editado) : Beaut\u00e9s toxiques (Bellezas t\u00f3xicas) qui accompagnera notre future exposition, avec Odile, \u00e0 Alaior (Minorque, Bal\u00e9ares) en mai prochain &#8230; A suivre ! (para complementar nuestra pr\u00f3xima exposici\u00f3n en Alaior&#8230;<\/p>\n","protected":false},"author":1,"featured_media":0,"comment_status":"open","ping_status":"open","sticky":false,"template":"","format":"standard","meta":{"_kad_post_transparent":"","_kad_post_title":"","_kad_post_layout":"","_kad_post_sidebar_id":"","_kad_post_content_style":"","_kad_post_vertical_padding":"","_kad_post_feature":"","_kad_post_feature_position":"","_kad_post_header":false,"_kad_post_footer":false,"_kad_post_classname":"","footnotes":""},"categories":[17,3,19],"tags":[],"class_list":["post-1275","post","type-post","status-publish","format-standard","hentry","category-livre-de-b-vinceneux","category-minorque","category-plastiques"],"_links":{"self":[{"href":"http:\/\/www.vinceneux.fr\/Photoblog\/index.php?rest_route=\/wp\/v2\/posts\/1275","targetHints":{"allow":["GET"]}}],"collection":[{"href":"http:\/\/www.vinceneux.fr\/Photoblog\/index.php?rest_route=\/wp\/v2\/posts"}],"about":[{"href":"http:\/\/www.vinceneux.fr\/Photoblog\/index.php?rest_route=\/wp\/v2\/types\/post"}],"author":[{"embeddable":true,"href":"http:\/\/www.vinceneux.fr\/Photoblog\/index.php?rest_route=\/wp\/v2\/users\/1"}],"replies":[{"embeddable":true,"href":"http:\/\/www.vinceneux.fr\/Photoblog\/index.php?rest_route=%2Fwp%2Fv2%2Fcomments&post=1275"}],"version-history":[{"count":4,"href":"http:\/\/www.vinceneux.fr\/Photoblog\/index.php?rest_route=\/wp\/v2\/posts\/1275\/revisions"}],"predecessor-version":[{"id":1282,"href":"http:\/\/www.vinceneux.fr\/Photoblog\/index.php?rest_route=\/wp\/v2\/posts\/1275\/revisions\/1282"}],"wp:attachment":[{"href":"http:\/\/www.vinceneux.fr\/Photoblog\/index.php?rest_route=%2Fwp%2Fv2%2Fmedia&parent=1275"}],"wp:term":[{"taxonomy":"category","embeddable":true,"href":"http:\/\/www.vinceneux.fr\/Photoblog\/index.php?rest_route=%2Fwp%2Fv2%2Fcategories&post=1275"},{"taxonomy":"post_tag","embeddable":true,"href":"http:\/\/www.vinceneux.fr\/Photoblog\/index.php?rest_route=%2Fwp%2Fv2%2Ftags&post=1275"}],"curies":[{"name":"wp","href":"https:\/\/api.w.org\/{rel}","templated":true}]}}